{"id":16189,"date":"2022-07-22T12:53:00","date_gmt":"2022-07-22T10:53:00","guid":{"rendered":"https:\/\/wncri.org\/fr\/?p=16189"},"modified":"2022-07-25T13:08:55","modified_gmt":"2022-07-25T11:08:55","slug":"transfert-de-fatemeh-mosanna","status":"publish","type":"post","link":"https:\/\/wncri.org\/fr\/2022\/07\/22\/transfert-de-fatemeh-mosanna\/","title":{"rendered":"Les autorit\u00e9s d&#8217;Evin emp\u00eachent le transfert de Fatemeh Mosanna \u00e0 l&#8217;h\u00f4pital"},"content":{"rendered":"\n<h3 class=\"wp-block-heading\">Les autorit\u00e9s d&#8217;Evin emp\u00eachent le transfert de Fatemeh Mosanna \u00e0 l&#8217;h\u00f4pital<\/h3>\n\n\n\n<h2 class=\"wp-block-heading\"><em>Lib\u00e9rez Fatemeh Mosanna, sa vie est en danger<\/em><\/h2>\n\n\n\n<p><strong>Malgr\u00e9 son \u00e9tat critique, les autorit\u00e9s d&#8217;Evin emp\u00eachent le transfert de Fatemeh Mosanna \u00e0 l&#8217;h\u00f4pital<\/strong><\/p>\n\n\n\n<p>La prisonni\u00e8re politique Fatemeh Mosanna est dans un \u00e9tat de sant\u00e9 tr\u00e8s critique et excr\u00e8te du sang. Elle est sous traitement au s\u00e9rum en prison.<\/p>\n\n\n\n<p>Les <a href=\"https:\/\/www.maryam-rajavi.com\/fr\/lonu-condamnant-les-violations-des-droits-humains-en-iran\/\" target=\"_blank\" rel=\"noreferrer noopener\">autorit\u00e9s iraniennes<\/a> de la prison d&#8217;Evin emp\u00eachent cependant le transfert de Fatemeh Mosanna \u00e0 l&#8217;h\u00f4pital pour des soins urgents.<\/p>\n\n\n\n<p>Selon une source inform\u00e9e, les autorit\u00e9s p\u00e9nitentiaires ont dit \u00e0 sa famille qu&#8217;elles pouvaient l&#8217;envoyer se faire soigner dans trois mois ! Sa famille craint qu&#8217;elle ne soit pas en mesure de tenir trois mois de plus.<\/p>\n\n\n\n<p>La famille de Fatemeh Mosanna a demand\u00e9 la lib\u00e9ration imm\u00e9diate et inconditionnelle de la prisonni\u00e8re politique et son transfert imm\u00e9diat \u00e0 l&#8217;h\u00f4pital pour y recevoir des soins <a href=\"https:\/\/wncri.org\/fr\/2021\/02\/22\/retournee-en-prison\/\" target=\"_blank\" rel=\"noreferrer noopener\">m\u00e9dicaux et un traitement.<\/a><\/p>\n\n\n\n<p>L&#8217;Organisation iranienne des prisons et les autorit\u00e9s de la <a href=\"https:\/\/wncri.org\/fr\/2021\/12\/10\/les-conditions-des-femmes-prisons\/\" target=\"_blank\" rel=\"noreferrer noopener\">prison d&#8217;Evin<\/a> seront tenues responsables de la vie de la prisonni\u00e8re politique Fatemeh Mosanna.<\/p>\n\n\n\n<p>La famille de Fatemeh Mosanna a exhort\u00e9 les organismes de <a href=\"https:\/\/wncri.org\/fr\/2022\/06\/13\/4-rapporteurs-de-lonu\/\" target=\"_blank\" rel=\"noreferrer noopener\">d\u00e9fense des droits de l&#8217;Homme<\/a> \u00e0 contribuer \u00e0 sauver la vie de cette prisonni\u00e8re politique.<\/p>\n\n\n\n<h3 class=\"wp-block-heading\"><strong>Fatemeh Mosanna ne peut supporter les conditions de d\u00e9tention<\/strong><\/h3>\n\n\n\n<p>Fatemeh Mosanna, 54 ans, souffre d&#8217;une h\u00e9morragie intestinale depuis la mi-ao\u00fbt 2020 et ne peut marcher de mani\u00e8re autonome.<\/p>\n\n\n\n<p>Un m\u00e9decin de l&#8217;h\u00f4pital Taleghani de T\u00e9h\u00e9ran a exhort\u00e9 le bureau de la m\u00e9decine l\u00e9gale \u00e0 l&#8217;examiner et \u00e0 v\u00e9rifier qu&#8217;elle m\u00e9rite de b\u00e9n\u00e9ficier d&#8217;un cong\u00e9 m\u00e9dical. En raison du stade avanc\u00e9 de sa maladie, a d\u00e9clar\u00e9 le m\u00e9decin, il est impossible de la soigner dans des conditions carc\u00e9rales stressantes.<\/p>\n\n\n\n<p>En raison des conditions de d\u00e9tention, Mme <a href=\"https:\/\/wncri.org\/fr\/2021\/02\/22\/retournee-en-prison\/\" target=\"_blank\" rel=\"noreferrer noopener\">Mosanna souffre de troubles gastro-intestinaux,<\/a> de probl\u00e8mes h\u00e9patiques, de colite intestinale et de migraines nerveuses. Elle est tomb\u00e9e inconsciente \u00e0 plusieurs reprises en raison de douleurs intenses dans son tube digestif. Mais \u00e0 chaque fois, le procureur adjoint d&#8217;Evin, Amin Vaziri, l&#8217;a emp\u00each\u00e9e d&#8217;acc\u00e9der \u00e0 un traitement m\u00e9dical appropri\u00e9.<\/p>\n\n\n\n<h3 class=\"wp-block-heading\"><strong>Pourquoi Fatemeh Mosanna est-elle d\u00e9tenue ?<\/strong><\/h3>\n\n\n\n<p>N\u00e9e le 26 mai 1968, Fatemeh Mosanna a \u00e9t\u00e9 emprisonn\u00e9e pendant trois ans avec sa m\u00e8re alors <a href=\"https:\/\/wncri.org\/fr\/2022\/06\/03\/execution-de-quatre-femmes\/\" target=\"_blank\" rel=\"noreferrer noopener\">qu&#8217;elle n&#8217;avait que 13 ans<\/a>. Elles ont \u00e9t\u00e9 accus\u00e9es de mener une guerre contre Dieu et de faire de l&#8217;insurrection en soutenant l&#8217;Organisation des moudjahidines du peuple d&#8217;Iran (OMPI).<\/p>\n\n\n\n<p>Le r\u00e9gime cl\u00e9rical a ex\u00e9cut\u00e9 trois de ses fr\u00e8res et sa belle-s\u0153ur dans les ann\u00e9es 1980.<\/p>\n\n\n\n<p>Au d\u00e9but du mois de juin, quatre rapporteurs des Nations unies ont \u00e9crit : &#8221; Nous exprimons en outre notre vive inqui\u00e9tude face \u00e0 la confiscation et au risque d&#8217;expulsion de leur domicile de la famille de M. Sadeghi et de Mme Mosanna sans proc\u00e9dure r\u00e9guli\u00e8re conforme aux normes internationales. La saisie de cette maison exposerait probablement les membres de la famille, ainsi que M. Sadeghi et Mme Mosanna eux-m\u00eames, au risque de se retrouver sans abri \u00e0 leur \u00e9ventuelle sortie de prison. Ces expulsions seraient contraires \u00e0 l&#8217;obligation de votre gouvernement de respecter, prot\u00e9ger et r\u00e9aliser le droit \u00e0 un niveau de vie suffisant, y compris le logement, ainsi que le droit \u00e0 la non-discrimination et le droit de ne pas subir d&#8217;ing\u00e9rence arbitraire ou ill\u00e9gale dans sa vie priv\u00e9e, sa famille et son domicile. &#8220;<\/p>\n","protected":false},"excerpt":{"rendered":"<p>Les autorit\u00e9s d&#8217;Evin emp\u00eachent le transfert de Fatemeh Mosanna \u00e0 l&#8217;h\u00f4pital Lib\u00e9rez Fatemeh Mosanna, sa vie est en danger Malgr\u00e9 son \u00e9tat critique, les autorit\u00e9s d&#8217;Evin emp\u00eachent le transfert de Fatemeh Mosanna \u00e0 l&#8217;h\u00f4pital La prisonni\u00e8re politique Fatemeh Mosanna est dans un \u00e9tat de sant\u00e9 tr\u00e8s critique et excr\u00e8te du sang. Elle est sous traitement [&hellip;]<\/p>\n","protected":false},"author":4,"featured_media":16190,"comment_status":"closed","ping_status":"closed","sticky":false,"template":"","format":"standard","meta":{"jnews-multi-image_gallery":[],"jnews_single_post":{"subtitle":"","format":"standard","video":"","gallery":"","source_name":"","source_url":"","via_name":"","via_url":"","override_template":"0","override":[{"template":"7","single_blog_custom":"","parallax":"1","fullscreen":"1","layout":"right-sidebar","sidebar":"default-sidebar","second_sidebar":"default-sidebar","sticky_sidebar":"1","share_position":"floatbottom","share_float_style":"share-normal","show_share_counter":"1","show_view_counter":"1","show_featured":"1","show_post_meta":"1","show_post_author":"0","show_post_author_image":"1","show_post_date":"1","post_date_format":"default","post_date_format_custom":"Y\/m\/d","show_post_category":"1","show_post_reading_time":"0","post_reading_time_wpm":"300","show_zoom_button":"0","zoom_button_out_step":"2","zoom_button_in_step":"3","show_post_tag":"1","show_prev_next_post":"0","show_popup_post":"1","number_popup_post":"1","show_author_box":"0","show_post_related":"1","show_inline_post_related":"1"}],"override_image_size":"0","image_override":[{"single_post_thumbnail_size":"crop-500","single_post_gallery_size":"crop-500"}],"trending_post":"0","trending_post_position":"meta","trending_post_label":"Trending","sponsored_post":"0","sponsored_post_label":"Sponsored by","sponsored_post_name":"","sponsored_post_url":"","sponsored_post_logo_enable":"0","sponsored_post_logo":"","sponsored_post_desc":"","disable_ad":"0"},"jnews_primary_category":{"id":""},"jnews_social_meta":{"fb_title":"","fb_description":"","fb_image":"","twitter_title":"","twitter_description":"","twitter_image":""},"jnews_override_counter":{"override_view_counter":"0","view_counter_number":"0","override_share_counter":"0","share_counter_number":"0","override_like_counter":"0","like_counter_number":"0","override_dislike_counter":"0","dislike_counter_number":"0"},"footnotes":""},"categories":[3],"tags":[370],"class_list":["post-16189","post","type-post","status-publish","format-standard","has-post-thumbnail","hentry","category-infos-des-femmes","tag-prisonnieres"],"_links":{"self":[{"href":"https:\/\/wncri.org\/fr\/wp-json\/wp\/v2\/posts\/16189","targetHints":{"allow":["GET"]}}],"collection":[{"href":"https:\/\/wncri.org\/fr\/wp-json\/wp\/v2\/posts"}],"about":[{"href":"https:\/\/wncri.org\/fr\/wp-json\/wp\/v2\/types\/post"}],"author":[{"embeddable":true,"href":"https:\/\/wncri.org\/fr\/wp-json\/wp\/v2\/users\/4"}],"replies":[{"embeddable":true,"href":"https:\/\/wncri.org\/fr\/wp-json\/wp\/v2\/comments?post=16189"}],"version-history":[{"count":1,"href":"https:\/\/wncri.org\/fr\/wp-json\/wp\/v2\/posts\/16189\/revisions"}],"predecessor-version":[{"id":16191,"href":"https:\/\/wncri.org\/fr\/wp-json\/wp\/v2\/posts\/16189\/revisions\/16191"}],"wp:featuredmedia":[{"embeddable":true,"href":"https:\/\/wncri.org\/fr\/wp-json\/wp\/v2\/media\/16190"}],"wp:attachment":[{"href":"https:\/\/wncri.org\/fr\/wp-json\/wp\/v2\/media?parent=16189"}],"wp:term":[{"taxonomy":"category","embeddable":true,"href":"https:\/\/wncri.org\/fr\/wp-json\/wp\/v2\/categories?post=16189"},{"taxonomy":"post_tag","embeddable":true,"href":"https:\/\/wncri.org\/fr\/wp-json\/wp\/v2\/tags?post=16189"}],"curies":[{"name":"wp","href":"https:\/\/api.w.org\/{rel}","templated":true}]}}