{"id":16171,"date":"2022-07-21T13:34:29","date_gmt":"2022-07-21T11:34:29","guid":{"rendered":"https:\/\/wncri.org\/fr\/?p=16171"},"modified":"2022-07-22T11:17:24","modified_gmt":"2022-07-22T09:17:24","slug":"femme-kurde","status":"publish","type":"post","link":"https:\/\/wncri.org\/fr\/2022\/07\/21\/femme-kurde\/","title":{"rendered":"Une femme kurde, m\u00e8re de 3 filles, tu\u00e9e par son mari pour ne pas avoir donn\u00e9 naissance \u00e0 un gar\u00e7on"},"content":{"rendered":"\n<h3 class=\"wp-block-heading\">Une femme kurde, m\u00e8re de 3 filles, tu\u00e9e par son mari pour ne pas avoir donn\u00e9 naissance \u00e0 un gar\u00e7on<\/h3>\n\n\n\n<h2 class=\"wp-block-heading\"><em>Les f\u00e9micides odieux commis en Iran par des maris, des p\u00e8res ou des fr\u00e8res sont le r\u00e9sultat direct de la culture r\u00e9trograde promue par les mollahs.<\/em><\/h2>\n\n\n\n<p>Une femme kurde, m\u00e8re de trois filles, a \u00e9t\u00e9 <a href=\"https:\/\/wncri.org\/fr\/2022\/02\/21\/le-feminicide-est-libre-hommes\/\" target=\"_blank\" rel=\"noreferrer noopener\">sauvagement assassin\u00e9e<\/a> par son mari pour ne pas avoir donn\u00e9 naissance \u00e0 un gar\u00e7on. Son mari a commis cette horrible <a href=\"https:\/\/wncri.org\/fr\/2020\/11\/23\/la-violence-faite-aux-femmes-en-iran-parrainee-et-institutionnalisee-par-letat\/\" target=\"_blank\" rel=\"noreferrer noopener\">trag\u00e9die<\/a> le 10 juillet 2022, mais la nouvelle a commenc\u00e9 \u00e0 circuler dans les m\u00e9dias kurdes avec huit jours de retard.<\/p>\n\n\n\n<p>La femme kurde, <a href=\"https:\/\/hengaw.net\/en\/news\/the-mother-of-three-girls-was-killed-by-her-husband-for-not-giving-birth-to-a-boy\" target=\"_blank\" rel=\"noreferrer noopener\">Goljamin Najafi,<\/a> 46 ans, vivait dans le district de Gahwareh du comt\u00e9 de Dalahu, dans la province de Kermanchah, dans l&#8217;ouest de l&#8217;Iran.<\/p>\n\n\n\n<p>Son mari lui reprochait constamment de ne pas avoir donn\u00e9 naissance \u00e0 un gar\u00e7on. La femme kurde n&#8217;a eu d&#8217;autre choix que de retourner chez son p\u00e8re. Le mari de Goljamin, Ali Agha Rezaii, s&#8217;est rendu chez son beau-p\u00e8re et a ramen\u00e9 sa femme chez lui, o\u00f9 il l&#8217;a assassin\u00e9e le jour m\u00eame. Il l&#8217;a frapp\u00e9e \u00e0 la t\u00eate avec un objet dur.<\/p>\n\n\n\n<p>Une source bien inform\u00e9e a expliqu\u00e9 qu&#8217;Ali avait maquill\u00e9 la sc\u00e8ne du crime, d\u00e9pos\u00e9 le cadavre de Goljamin dans une rue tranquille et \u00e9cras\u00e9 son cr\u00e2ne avec les roues arri\u00e8re de son pick-up Nissan. Il a pr\u00e9tendu qu&#8217;elle \u00e9tait tomb\u00e9e de la voiture en conduisant lorsque la porti\u00e8re s&#8217;est soudainement ouverte, et que sa t\u00eate est pass\u00e9e sous les roues arri\u00e8re.<\/p>\n\n\n\n<p>Apr\u00e8s les fun\u00e9railles de Goljamin, sa famille n&#8217;a toujours pas d\u00e9pos\u00e9 de plainte contre Ali Agha Rezaii, qui reste en libert\u00e9.<\/p>\n\n\n\n<p>Dans d&#8217;autres nouvelles, une femme de 50 ans vivant dans l&#8217;ouest de T\u00e9h\u00e9ran a \u00e9t\u00e9 assassin\u00e9e par son mari le 19 juillet 2022. L&#8217;homme sans c\u0153ur a <a href=\"https:\/\/wncri.org\/fr\/2020\/11\/23\/la-violence-faite-aux-femmes-en-iran-parrainee-et-institutionnalisee-par-letat\/\" target=\"_blank\" rel=\"noreferrer noopener\">mutil\u00e9 son corps<\/a> avec un couteau de cuisine et a disparu. (Le site d&#8217;\u00c9tat Rokna.ir &#8211; 19 juillet 2022)<\/p>\n\n\n\n<h3 class=\"wp-block-heading\"><strong>Neda, une jeune mari\u00e9e, tu\u00e9e par son mari<\/strong><\/h3>\n\n\n\n<p>Neda, 25 ans, a \u00e9t\u00e9 tu\u00e9e par son mari. Elle avait \u00e9t\u00e9 forc\u00e9e d&#8217;\u00e9pouser un homme nomm\u00e9 Amir \u00e0 15 ans. Elle avait un fils de 7 ans.<\/p>\n\n\n\n<p>Neda avait demand\u00e9 le divorce, mais Amir ne l&#8217;a pas accept\u00e9. Au lieu de cela, il l&#8217;a menac\u00e9e de mort pour avoir demand\u00e9 le divorce. Il a m\u00eame sorti un couteau sur Neda dans la maison de son p\u00e8re.<\/p>\n\n\n\n<p>Le m\u00e9decin a conseill\u00e9 \u00e0 Neda de se faire avorter apr\u00e8s sa deuxi\u00e8me grossesse, mais Amir voulait que l&#8217;enfant naisse. Amir ne se souciait pas de la vie de Neda et ce n&#8217;est que gr\u00e2ce aux efforts du fr\u00e8re de Neda qu&#8217;ils ont r\u00e9ussi \u00e0 l&#8217;op\u00e9rer et \u00e0 la maintenir en vie.<\/p>\n\n\n\n<p>Apr\u00e8s son op\u00e9ration, Neda ne pouvait plus tomber enceinte. Amir a donc continu\u00e9 \u00e0 se moquer d&#8217;elle en public et devant tout le monde.<\/p>\n\n\n\n<p>Finalement, un jour, Amir a dit \u00e0 toute la famille que Neda s&#8217;\u00e9tait suicid\u00e9e. Mais lorsque les inspecteurs sont arriv\u00e9s sur les lieux, ils ont constat\u00e9 que Neda \u00e9tait \u00e0 genoux et avait un foulard autour du cou. Le m\u00e9decin l\u00e9giste a d\u00e9clar\u00e9 qu&#8217;un des genoux de Neda \u00e9tait cass\u00e9 et que son corps \u00e9tait couvert d&#8217;ecchymoses.<\/p>\n\n\n\n<p>Le lendemain de son enterrement, le fils de Neda a trouv\u00e9 dans sa poche un mot qui disait : &#8220;Je suis satisfaite d&#8217;Amir, et je veux qu&#8217;il me pardonne. Je lui laisse mon fils&#8221;. Amir avait forc\u00e9 Neda \u00e0 \u00e9crire cette note avant de la tuer.<\/p>\n\n\n\n<p>Suite \u00e0 l&#8217;intimidation d&#8217;Amir, la famille de Neda n&#8217;a pas port\u00e9 plainte contre lui. (Le quotidien d&#8217;\u00c9tat Etemad &#8211; 26 avril 2022)<\/p>\n\n\n\n<p>Cette tragique histoire a \u00e9t\u00e9 rendue publique par un avocat sans mentionner les noms de famille et le lieu de l&#8217;incident.<\/p>\n\n\n\n<p>Tel est le sort des femmes contraintes \u00e0 des <a href=\"https:\/\/wncri.org\/fr\/2021\/12\/02\/le-mariage-des-enfants-etant-encourage-en-iran\/\" target=\"_blank\" rel=\"noreferrer noopener\">mariages d&#8217;enfants<\/a> sous <a href=\"https:\/\/wncri.org\/fr\/2022\/02\/07\/le-regime-clerical-misogyne\/\" target=\"_blank\" rel=\"noreferrer noopener\">le r\u00e9gime misogyne<\/a> des mollahs. Beaucoup sont tu\u00e9es en toute <a href=\"https:\/\/wncri.org\/fr\/2022\/07\/11\/soghra-mardasi\/\" target=\"_blank\" rel=\"noreferrer noopener\">innocence<\/a> sans que personne ne cherche \u00e0 <a href=\"https:\/\/wncri.org\/fr\/2022\/06\/05\/crimes-dhonneur\/\" target=\"_blank\" rel=\"noreferrer noopener\">obtenir justice<\/a> pour elles.<\/p>\n","protected":false},"excerpt":{"rendered":"<p>Une femme kurde, m\u00e8re de 3 filles, tu\u00e9e par son mari pour ne pas avoir donn\u00e9 naissance \u00e0 un gar\u00e7on Les f\u00e9micides odieux commis en Iran par des maris, des p\u00e8res ou des fr\u00e8res sont le r\u00e9sultat direct de la culture r\u00e9trograde promue par les mollahs. Une femme kurde, m\u00e8re de trois filles, a \u00e9t\u00e9 [&hellip;]<\/p>\n","protected":false},"author":4,"featured_media":16182,"comment_status":"closed","ping_status":"closed","sticky":false,"template":"","format":"standard","meta":{"jnews-multi-image_gallery":[],"jnews_single_post":{"subtitle":"","format":"standard","video":"","gallery":"","source_name":"","source_url":"","via_name":"","via_url":"","override_template":"0","override":[{"template":"7","single_blog_custom":"","parallax":"1","fullscreen":"1","layout":"right-sidebar","sidebar":"default-sidebar","second_sidebar":"default-sidebar","sticky_sidebar":"1","share_position":"floatbottom","share_float_style":"share-normal","show_share_counter":"1","show_view_counter":"1","show_featured":"1","show_post_meta":"1","show_post_author":"0","show_post_author_image":"1","show_post_date":"1","post_date_format":"default","post_date_format_custom":"Y\/m\/d","show_post_category":"1","show_post_reading_time":"0","post_reading_time_wpm":"300","show_zoom_button":"0","zoom_button_out_step":"2","zoom_button_in_step":"3","show_post_tag":"1","show_prev_next_post":"0","show_popup_post":"1","number_popup_post":"1","show_author_box":"0","show_post_related":"1","show_inline_post_related":"1"}],"override_image_size":"0","image_override":[{"single_post_thumbnail_size":"crop-500","single_post_gallery_size":"crop-500"}],"trending_post":"0","trending_post_position":"meta","trending_post_label":"Trending","sponsored_post":"0","sponsored_post_label":"Sponsored by","sponsored_post_name":"","sponsored_post_url":"","sponsored_post_logo_enable":"0","sponsored_post_logo":"","sponsored_post_desc":"","disable_ad":"0"},"jnews_primary_category":{"id":""},"jnews_social_meta":{"fb_title":"","fb_description":"","fb_image":"","twitter_title":"","twitter_description":"","twitter_image":""},"jnews_override_counter":{"override_view_counter":"0","view_counter_number":"0","override_share_counter":"0","share_counter_number":"0","override_like_counter":"0","like_counter_number":"0","override_dislike_counter":"0","dislike_counter_number":"0"},"footnotes":""},"categories":[3],"tags":[376],"class_list":["post-16171","post","type-post","status-publish","format-standard","has-post-thumbnail","hentry","category-infos-des-femmes","tag-violence-contre-les-femmes"],"_links":{"self":[{"href":"https:\/\/wncri.org\/fr\/wp-json\/wp\/v2\/posts\/16171","targetHints":{"allow":["GET"]}}],"collection":[{"href":"https:\/\/wncri.org\/fr\/wp-json\/wp\/v2\/posts"}],"about":[{"href":"https:\/\/wncri.org\/fr\/wp-json\/wp\/v2\/types\/post"}],"author":[{"embeddable":true,"href":"https:\/\/wncri.org\/fr\/wp-json\/wp\/v2\/users\/4"}],"replies":[{"embeddable":true,"href":"https:\/\/wncri.org\/fr\/wp-json\/wp\/v2\/comments?post=16171"}],"version-history":[{"count":1,"href":"https:\/\/wncri.org\/fr\/wp-json\/wp\/v2\/posts\/16171\/revisions"}],"predecessor-version":[{"id":16173,"href":"https:\/\/wncri.org\/fr\/wp-json\/wp\/v2\/posts\/16171\/revisions\/16173"}],"wp:featuredmedia":[{"embeddable":true,"href":"https:\/\/wncri.org\/fr\/wp-json\/wp\/v2\/media\/16182"}],"wp:attachment":[{"href":"https:\/\/wncri.org\/fr\/wp-json\/wp\/v2\/media?parent=16171"}],"wp:term":[{"taxonomy":"category","embeddable":true,"href":"https:\/\/wncri.org\/fr\/wp-json\/wp\/v2\/categories?post=16171"},{"taxonomy":"post_tag","embeddable":true,"href":"https:\/\/wncri.org\/fr\/wp-json\/wp\/v2\/tags?post=16171"}],"curies":[{"name":"wp","href":"https:\/\/api.w.org\/{rel}","templated":true}]}}