{"id":16125,"date":"2022-07-14T14:40:00","date_gmt":"2022-07-14T12:40:00","guid":{"rendered":"https:\/\/wncri.org\/fr\/?p=16125"},"modified":"2022-07-15T14:48:31","modified_gmt":"2022-07-15T12:48:31","slug":"jeanne-darc","status":"publish","type":"post","link":"https:\/\/wncri.org\/fr\/2022\/07\/14\/jeanne-darc\/","title":{"rendered":"Jeanne d&#8217;Arc, h\u00e9ro\u00efne nationale de la France"},"content":{"rendered":"\n<h3 class=\"wp-block-heading\">Jeanne d&#8217;Arc, h\u00e9ro\u00efne nationale de la France<\/h3>\n\n\n\n<p>Jeanne d&#8217;Arc est une ic\u00f4ne mondiale du patriotisme fran\u00e7ais. <a href=\"https:\/\/wncri.org\/2020\/05\/29\/women-in-history-30-may\/\" target=\"_blank\" rel=\"noreferrer noopener\">Jeune et simple fille<\/a> de village, elle est devenue une chef et une commandante sur les champs de bataille m\u00e9di\u00e9vaux, au corps \u00e0 corps. Jeanne d&#8217;Arc \u00e9tait l&#8217;un des exemples uniques au monde de courage.<\/p>\n\n\n\n<p>C&#8217;\u00e9tait une jeune Fran\u00e7aise qui s&#8217;est battue pour la lib\u00e9ration de la France de l&#8217;occupation britannique. Jeanne d&#8217;Arc a reconstruit l&#8217;arm\u00e9e fran\u00e7aise bris\u00e9e et d\u00e9moralis\u00e9e gr\u00e2ce \u00e0 son leadership et \u00e0 ses capacit\u00e9s de commandement. Elle a remport\u00e9 plus de victoires extraordinaires que n&#8217;importe quel autre homme d&#8217;\u00c9tat ou chef militaire de l&#8217;histoire.<\/p>\n\n\n\n<p>Bien qu&#8217;elle soit aujourd&#8217;hui pr\u00e9sent\u00e9e comme une sainte, la grandeur de son \u0153uvre ne tient pas seulement \u00e0 sa saintet\u00e9, mais aussi au fait qu&#8217;elle s&#8217;est rebell\u00e9e contre l&#8217;ordre commun impos\u00e9 aux femmes en choisissant de tout abandonner pour la libert\u00e9 de son pays.<\/p>\n\n\n\n<h3 class=\"wp-block-heading\"><strong>Jeanne d&#8217;Arc, de la naissance \u00e0 la mort<\/strong><\/h3>\n\n\n\n<p>Jeanne d&#8217;Arc est une fille de village dont le vrai nom est Johanna. Elle est n\u00e9e le 6 janvier 1412 et est morte le 30 mai 1431, \u00e0 l&#8217;\u00e2ge de 19 ans.<\/p>\n\n\n\n<p>Jeanne d&#8217;Arc \u00e9tait une adolescente lorsqu&#8217;elle a eu envie de se battre pour la libert\u00e9 de son pays. Elle a relev\u00e9 le d\u00e9fi de faire ce qu&#8217;on lui demandait.<\/p>\n\n\n\n<p>\u00c0 l&#8217;\u00e9poque, la France \u00e9tait sous occupation anglaise dans le cadre de ce que l&#8217;on a appel\u00e9 plus tard la guerre de Cent Ans. C&#8217;\u00e9tait une p\u00e9riode o\u00f9 la France \u00e9tait menac\u00e9e de destruction, d&#8217;autant plus que le l\u00e2che prince h\u00e9ritier de ce pays avait fui et s&#8217;\u00e9tait cach\u00e9 dans une lointaine forteresse militaire.<\/p>\n\n\n\n<p>Dans ces conditions, Jeanne d&#8217;Arc a d\u00e9cid\u00e9 de se couper les cheveux, de porter un uniforme militaire masculin de guerre et de prendre les armes. Elle incite ses compatriotes \u00e0 se battre pour la libert\u00e9 de leur pays et devient rapidement une commandante exceptionnelle et irrempla\u00e7able de l&#8217;arm\u00e9e fran\u00e7aise.<\/p>\n\n\n\n<p>Jeanne d&#8217;Arc est devenue un symbole \u00e0 une \u00e9poque o\u00f9 la r\u00e9bellion dans son pays \u00e9tait consid\u00e9r\u00e9e non seulement comme non conventionnelle mais comme r\u00e9pugnante pour la soci\u00e9t\u00e9, l&#8217;\u00c9glise et la cour.<\/p>\n\n\n\n<p>Au cours de sa premi\u00e8re ann\u00e9e en tant que commandante d&#8217;arm\u00e9e, Jeanne d&#8217;Arc a vaincu l&#8217;arm\u00e9e anglaise au si\u00e8ge d&#8217;Orl\u00e9ans, \u00e0 la bataille de Patay et \u00e0 Troyes. L&#8217;arm\u00e9e anglaise a subi des destructions si d\u00e9vastatrices qu&#8217;elle s&#8217;est retir\u00e9e de nombreuses autres villes fran\u00e7aises.<\/p>\n\n\n<div class=\"wp-block-image\">\n<figure class=\"aligncenter size-full\"><img decoding=\"async\" src=\"data:image\/gif;base64,R0lGODlhAQABAIAAAAAAAP\/\/\/yH5BAEAAAAALAAAAAABAAEAAAIBRAA7\" data-src=\"https:\/\/wncri.org\/fr\/wp-content\/uploads\/2022\/07\/Joan-of-Arc_3-min.jpg\" alt=\"Jeanne d'Arc, de la naissance \u00e0 la mort\" class=\"wp-image-16128 lazyload\"\/><noscript><img decoding=\"async\" width=\"779\" height=\"1024\" src=\"https:\/\/wncri.org\/fr\/wp-content\/uploads\/2022\/07\/Joan-of-Arc_3-min.jpg\" alt=\"Jeanne d'Arc, de la naissance \u00e0 la mort\" class=\"wp-image-16128 lazyload\" srcset=\"https:\/\/wncri.org\/fr\/wp-content\/uploads\/2022\/07\/Joan-of-Arc_3-min.jpg 779w, https:\/\/wncri.org\/fr\/wp-content\/uploads\/2022\/07\/Joan-of-Arc_3-min-228x300.jpg 228w, https:\/\/wncri.org\/fr\/wp-content\/uploads\/2022\/07\/Joan-of-Arc_3-min-768x1010.jpg 768w, https:\/\/wncri.org\/fr\/wp-content\/uploads\/2022\/07\/Joan-of-Arc_3-min-750x986.jpg 750w\" sizes=\"(max-width: 779px) 100vw, 779px\" \/><\/noscript><\/figure>\n<\/div>\n\n\n<p>En septembre 1429, Jeanne d&#8217;Arc a tent\u00e9 de prendre Paris d&#8217;assaut pour achever la mission de lib\u00e9ration de la France, mais elle a \u00e9chou\u00e9 en raison de la perfidie du roi fran\u00e7ais et de son retard \u00e0 envoyer des renforts.<\/p>\n\n\n\n<p>C&#8217;est le roi qui devait son r\u00e8gne et son tr\u00f4ne au soul\u00e8vement et aux combats de Jeanne.<\/p>\n\n\n\n<p>Suite \u00e0 cette d\u00e9faite, un an plus tard, Jeanne dut d\u00e9fendre Compi\u00e8gne apr\u00e8s la victoire \u00e0 Orl\u00e9ans. L\u00e0, elle est \u00e0 nouveau confront\u00e9e \u00e0 un manque de forces et d&#8217;installations et est finalement captur\u00e9e par des soldats bourguignons. Ils la remettent aux forces britanniques en \u00e9change d&#8217;argent.<\/p>\n\n\n\n<p>Le gouvernement britannique, ne voulant pas avoir le sang de la populaire Jeanne d&#8217;Arc sur les mains, l&#8217;envoie au Vieux-March\u00e9 de Rouen pour qu&#8217;elle soit jug\u00e9e et ex\u00e9cut\u00e9e sur des accusations religieuses telles que l&#8217;h\u00e9r\u00e9sie. Ainsi, avec les accusations d&#8217;h\u00e9r\u00e9sie, de sorcellerie, de port d&#8217;habits d&#8217;homme et d&#8217;outrage \u00e0 l&#8217;\u00c9glise, la l\u00e9gende de Jeanne d&#8217;Arc peut \u00eatre \u00e9cras\u00e9e dans le c\u0153ur et l&#8217;esprit du peuple.<\/p>\n\n\n\n<p>Guillaume Bouill\u00e9, le juge, \u00e9tait un th\u00e9ologien et ancien recteur de l&#8217;Universit\u00e9 de Paris qui soutenait l&#8217;occupation britannique.<\/p>\n\n\n\n<p>Dans ses derniers instants avant d&#8217;\u00eatre br\u00fbl\u00e9e sur le b\u00fbcher, Jeanne d&#8217;Arc, qui n&#8217;a jamais abandonn\u00e9 sa cause ni sa foi, dit \u00e0 <a href=\"https:\/\/fr.wikipedia.org\/wiki\/Pierre_Cauchon\" target=\"_blank\" rel=\"noreferrer noopener\">Pierre Cauchon<\/a>, son meurtrier, &#8220;Monseigneur ! Je serai tu\u00e9e par vous.&#8221; Au cours du proc\u00e8s, elle ajoute, am\u00e8re et moqueuse : &#8220;Seigneur, apprenez-moi ce qu&#8217;il faut r\u00e9pondre aux hommes de l&#8217;\u00c9glise !&#8221;.<\/p>\n\n\n\n<p>Un pr\u00eatre dominicain, qui faisait partie du groupe eccl\u00e9siastique de l&#8217;escadron de la mort, et plusieurs de ses coll\u00e8gues se sont rendu compte que Jeanne d&#8217;Arc \u00e9tait innocente, mais ils \u00e9taient impuissants \u00e0 la sauver. Pendant le tribunal, personne n&#8217;est autoris\u00e9 \u00e0 repr\u00e9senter Jeanne d&#8217;Arc, ni \u00e0 t\u00e9moigner en sa faveur.<\/p>\n\n\n\n<h3 class=\"wp-block-heading\"><strong>Jeanne d&#8217;Arc, une sainte ou une grande leader lib\u00e9ratrice<\/strong><\/h3>\n\n\n\n<p>Jeanne d&#8217;Arc n&#8217;a jamais c\u00e9d\u00e9 au destin et a cr\u00e9\u00e9 sa propre identit\u00e9. Elle a bris\u00e9 toutes les valeurs sociales sanctifi\u00e9es pour une soi-disant bonne fille \u00e0 l&#8217;\u00e9poque m\u00e9di\u00e9vale et est devenue la personne qu&#8217;elle voulait \u00eatre, en servant les besoins de son pays occup\u00e9 et opprim\u00e9.<\/p>\n\n\n\n<p>Elle a rejet\u00e9 les tentatives de sa famille de l&#8217;emp\u00eacher de suivre la voie qu&#8217;elle avait choisie. En allant \u00e0 l&#8217;encontre des souhaits de ses parents, elle a \u00e9galement viol\u00e9 les normes des anciens de la famille et des pr\u00eatres locaux. Joan a choisi de faire ce qui \u00e9tait n\u00e9cessaire pour la libert\u00e9 de son pays et la lib\u00e9ration de son peuple.<\/p>\n\n\n\n<p>Plus important encore, elle n&#8217;a jamais accept\u00e9 l&#8217;id\u00e9e que les femmes sont faibles et passives. Elle \u00e9tait combative sur le champ de bataille. Il y a quelque 600 ans, elle a tenu bon face aux moqueries destructrices des soldats m\u00e9di\u00e9vaux et a poursuivi sa mission au point d&#8217;\u00eatre salu\u00e9e comme une commandante et une dirigeante.<\/p>\n\n\n\n<p>En tant que femme, Jeanne d&#8217;Arc a fait preuve de forces extr\u00eamement d\u00e9rangeantes, perturbatrices et destructrices pour les anciens ordres de l&#8217;\u00c9glise et du roi. Elle \u00e9tait une sainte lib\u00e9ratrice, et une femme innocente devenue combattante de la libert\u00e9 !<\/p>\n\n\n<div class=\"wp-block-image\">\n<figure class=\"aligncenter size-full\"><img decoding=\"async\" src=\"data:image\/gif;base64,R0lGODlhAQABAIAAAAAAAP\/\/\/yH5BAEAAAAALAAAAAABAAEAAAIBRAA7\" data-src=\"https:\/\/wncri.org\/fr\/wp-content\/uploads\/2022\/07\/Joan-of-Arc_2-min.jpg\" alt=\"Une femme qui s'est rebell\u00e9e contre le syst\u00e8me m\u00e9di\u00e9val et a d\u00e9cid\u00e9 par elle-m\u00eame\" class=\"wp-image-16127 lazyload\"\/><noscript><img decoding=\"async\" width=\"457\" height=\"591\" src=\"https:\/\/wncri.org\/fr\/wp-content\/uploads\/2022\/07\/Joan-of-Arc_2-min.jpg\" alt=\"Une femme qui s'est rebell\u00e9e contre le syst\u00e8me m\u00e9di\u00e9val et a d\u00e9cid\u00e9 par elle-m\u00eame\" class=\"wp-image-16127 lazyload\" srcset=\"https:\/\/wncri.org\/fr\/wp-content\/uploads\/2022\/07\/Joan-of-Arc_2-min.jpg 457w, https:\/\/wncri.org\/fr\/wp-content\/uploads\/2022\/07\/Joan-of-Arc_2-min-232x300.jpg 232w\" sizes=\"(max-width: 457px) 100vw, 457px\" \/><\/noscript><\/figure>\n<\/div>\n\n\n<h3 class=\"wp-block-heading\"><strong>Une femme qui s&#8217;est rebell\u00e9e contre le syst\u00e8me m\u00e9di\u00e9val et a d\u00e9cid\u00e9 par elle-m\u00eame<\/strong><\/h3>\n\n\n\n<p>Apparemment, Jeanne d&#8217;Arc avait un visage \u00e9tonnant qui semble \u00eatre rest\u00e9 inconnu. C&#8217;\u00e9tait une guerri\u00e8re courageuse qui ne craignait pas l&#8217;\u00e9chec ni des reproches du monde patriarcal.<\/p>\n\n\n\n<p>Elle n&#8217;avait foi que dans la libert\u00e9 de son pays et a puis\u00e9 dans cette foi son pouvoir pour devenir une formidable source d&#8217;inspiration pour les autres soldats fran\u00e7ais.<\/p>\n\n\n\n<p>Elle \u00e9tait l&#8217;exemple d&#8217;une <a href=\"https:\/\/wncri.org\/fr\/maryam-rajavi\/\" target=\"_blank\" rel=\"noreferrer noopener\">leader<\/a> qui ne craint pas les impasses et des obstacles, et qui s&#8217;\u00e9l\u00e8ve contre les rapports de force existants.<\/p>\n\n\n\n<p>Jeanne d&#8217;Arc a rompu avec les traditions soci\u00e9tales des femmes et a \u00e9t\u00e9 trahie \u00e0 la fois par le roi et l&#8217;\u00c9glise. Mais elle ne s&#8217;est pas effondr\u00e9e ; elle s&#8217;est lev\u00e9e pour d\u00e9fendre ses croyances et ses actions, brisant de nombreuses croyances superstitieuses de son \u00e9poque. Elle a ouvert la voie et s&#8217;est rendue immortelle.<\/p>\n\n\n\n<p>Aujourd&#8217;hui, le nom de &#8220;Jeanne d&#8217;Arc&#8221; \u00e9voque la r\u00e9sistance, la r\u00e9bellion et le courage. D\u00e8s qu&#8217;il est question de r\u00e9sistance jusqu&#8217;au dernier souffle, le nom de &#8220;Jeanne d&#8217;Arc&#8221;, h\u00e9ro\u00efne nationale de la France, rayonne de gloire.<\/p>\n","protected":false},"excerpt":{"rendered":"<p>Jeanne d&#8217;Arc, h\u00e9ro\u00efne nationale de la France Jeanne d&#8217;Arc est une ic\u00f4ne mondiale du patriotisme fran\u00e7ais. Jeune et simple fille de village, elle est devenue une chef et une commandante sur les champs de bataille m\u00e9di\u00e9vaux, au corps \u00e0 corps. Jeanne d&#8217;Arc \u00e9tait l&#8217;un des exemples uniques au monde de courage. C&#8217;\u00e9tait une jeune Fran\u00e7aise [&hellip;]<\/p>\n","protected":false},"author":4,"featured_media":16126,"comment_status":"closed","ping_status":"closed","sticky":false,"template":"","format":"standard","meta":{"jnews-multi-image_gallery":[],"jnews_single_post":{"subtitle":"","format":"standard","video":"","gallery":"","source_name":"","source_url":"","via_name":"","via_url":"","override_template":"0","override":[{"template":"7","single_blog_custom":"","parallax":"1","fullscreen":"1","layout":"right-sidebar","sidebar":"default-sidebar","second_sidebar":"default-sidebar","sticky_sidebar":"1","share_position":"floatbottom","share_float_style":"share-normal","show_share_counter":"1","show_view_counter":"1","show_featured":"1","show_post_meta":"1","show_post_author":"0","show_post_author_image":"1","show_post_date":"1","post_date_format":"default","post_date_format_custom":"Y\/m\/d","show_post_category":"1","show_post_reading_time":"0","post_reading_time_wpm":"300","show_zoom_button":"0","zoom_button_out_step":"2","zoom_button_in_step":"3","show_post_tag":"1","show_prev_next_post":"0","show_popup_post":"1","number_popup_post":"1","show_author_box":"0","show_post_related":"1","show_inline_post_related":"1"}],"override_image_size":"0","image_override":[{"single_post_thumbnail_size":"crop-500","single_post_gallery_size":"crop-500"}],"trending_post":"0","trending_post_position":"meta","trending_post_label":"Trending","sponsored_post":"0","sponsored_post_label":"Sponsored by","sponsored_post_name":"","sponsored_post_url":"","sponsored_post_logo_enable":"0","sponsored_post_logo":"","sponsored_post_desc":"","disable_ad":"0"},"jnews_primary_category":{"id":""},"jnews_social_meta":{"fb_title":"","fb_description":"","fb_image":"","twitter_title":"","twitter_description":"","twitter_image":""},"jnews_override_counter":{"override_view_counter":"0","view_counter_number":"0","override_share_counter":"0","share_counter_number":"0","override_like_counter":"0","like_counter_number":"0","override_dislike_counter":"0","dislike_counter_number":"0"},"footnotes":""},"categories":[8],"tags":[],"class_list":["post-16125","post","type-post","status-publish","format-standard","has-post-thumbnail","hentry","category-articles"],"_links":{"self":[{"href":"https:\/\/wncri.org\/fr\/wp-json\/wp\/v2\/posts\/16125","targetHints":{"allow":["GET"]}}],"collection":[{"href":"https:\/\/wncri.org\/fr\/wp-json\/wp\/v2\/posts"}],"about":[{"href":"https:\/\/wncri.org\/fr\/wp-json\/wp\/v2\/types\/post"}],"author":[{"embeddable":true,"href":"https:\/\/wncri.org\/fr\/wp-json\/wp\/v2\/users\/4"}],"replies":[{"embeddable":true,"href":"https:\/\/wncri.org\/fr\/wp-json\/wp\/v2\/comments?post=16125"}],"version-history":[{"count":1,"href":"https:\/\/wncri.org\/fr\/wp-json\/wp\/v2\/posts\/16125\/revisions"}],"predecessor-version":[{"id":16129,"href":"https:\/\/wncri.org\/fr\/wp-json\/wp\/v2\/posts\/16125\/revisions\/16129"}],"wp:featuredmedia":[{"embeddable":true,"href":"https:\/\/wncri.org\/fr\/wp-json\/wp\/v2\/media\/16126"}],"wp:attachment":[{"href":"https:\/\/wncri.org\/fr\/wp-json\/wp\/v2\/media?parent=16125"}],"wp:term":[{"taxonomy":"category","embeddable":true,"href":"https:\/\/wncri.org\/fr\/wp-json\/wp\/v2\/categories?post=16125"},{"taxonomy":"post_tag","embeddable":true,"href":"https:\/\/wncri.org\/fr\/wp-json\/wp\/v2\/tags?post=16125"}],"curies":[{"name":"wp","href":"https:\/\/api.w.org\/{rel}","templated":true}]}}