{"id":16121,"date":"2022-07-13T15:46:00","date_gmt":"2022-07-13T13:46:00","guid":{"rendered":"https:\/\/wncri.org\/fr\/?p=16121"},"modified":"2022-07-14T15:58:13","modified_gmt":"2022-07-14T13:58:13","slug":"prisonnieres-politiques-de-la-prison","status":"publish","type":"post","link":"https:\/\/wncri.org\/fr\/2022\/07\/13\/prisonnieres-politiques-de-la-prison\/","title":{"rendered":"Les prisonni\u00e8res politiques de la prison de Qarchak ont organis\u00e9 un sit-in de protestation"},"content":{"rendered":"\n<h3 class=\"wp-block-heading\">Les prisonni\u00e8res politiques de la prison de Qarchak ont organis\u00e9 un sit-in de protestation<\/h3>\n\n\n\n<p>Les prisonni\u00e8res politiques de la prison de Qarchak ont organis\u00e9 un sit-in de protestation apr\u00e8s que Zahra Safa\u2019i se soit vu <a href=\"https:\/\/wncri.org\/fr\/2022\/07\/10\/prisonniere-politique-zahra\/\" target=\"_blank\" rel=\"noreferrer noopener\">refuser une visite de prison \u00e0 prison avec son fils<\/a>, Massoud Moini, dans la prison d&#8217;Evin.<\/p>\n\n\n\n<p>Les nouvelles de la <a href=\"https:\/\/wncri.org\/fr\/2020\/04\/20\/regard-sur-la-situation-tragique-a-la-prison-pour-femmes-de-qarchak-en-iran\/\" target=\"_blank\" rel=\"noreferrer noopener\">prison de Qarchak<\/a> du 12 juillet indiquent que deux prisonni\u00e8res politiques, Zahra Safa\u2019i et sa fille, Parastoo Moini, ont organis\u00e9 un sit-in de protestation dans <a href=\"https:\/\/wncri.org\/fr\/2020\/04\/20\/regard-sur-la-situation-tragique-a-la-prison-pour-femmes-de-qarchak-en-iran\/\" target=\"_blank\" rel=\"noreferrer noopener\">la prison de Qarchak<\/a>. Ce sit-in faisait suite au rejet de leur demande de visite \u00e0 leur fils et fr\u00e8re, Massoud Moini, \u00e0 la prison d&#8217;Evin.<\/p>\n\n\n\n<p>L&#8217;\u00e9tat de sant\u00e9 de Zahra Safa\u2019i s&#8217;est d\u00e9t\u00e9rior\u00e9 pendant le sit-in. Elle souffre de probl\u00e8mes cardiaques et avait d\u00e9j\u00e0 subi une <a href=\"https:\/\/wncri.org\/fr\/2021\/09\/10\/inquietudes-croissantes-concernant-letat-de-sante-de-zahra-safai\/\" target=\"_blank\" rel=\"noreferrer noopener\">attaque cardiaque<\/a> pendant son incarc\u00e9ration.<\/p>\n\n\n\n<p>D&#8217;autres prisonni\u00e8res politiques de la prison de Qarchak ont commenc\u00e9 \u00e0 chanter pour soutenir cette m\u00e8re et cette fille.<\/p>\n\n\n\n<p>De cette mani\u00e8re, les prisonni\u00e8res politiques de la prison de Qarchak ont forc\u00e9 la c\u00e9l\u00e8bre directrice de la prison, Soghra Khodadadi, \u00e0 accepter la demande justifi\u00e9e de Zahra Safa\u2019i et Parastoo Moini.<\/p>\n\n\n\n<p>Un r\u00e9cit du sit-in de protestation des prisonni\u00e8res politiques dans la prison de Qarchak.<\/p>\n\n\n\n<p>Une source inform\u00e9e a d\u00e9clar\u00e9 : &#8220;Il y a trois mois, Mme Zarha Safa\u2019i et Parastou Moini ont demand\u00e9 \u00e0 rendre visite \u00e0 leur fils et \u00e0 leur fr\u00e8re dans la prison d&#8217;Evin. Mais leur demande est rest\u00e9e sans r\u00e9ponse. Hayat-ol Ghaib et Eliasi avaient promis d&#8217;examiner le cas. Apr\u00e8s un si long d\u00e9lai, ils ont r\u00e9pondu qu&#8217;ils ne pouvaient pas avoir de visite de prison \u00e0 prison.&#8221;<\/p>\n\n\n\n<p>La source a ajout\u00e9 : &#8220;Aujourd&#8217;hui, 12 juillet, les deux prisonni\u00e8res politiques ont tenu un sit-in dans le couloir jusqu&#8217;\u00e0 13h30. La <a href=\"https:\/\/wncri.org\/fr\/2022\/04\/13\/la-vie-de-zahra-safai-est\/\" target=\"_blank\" rel=\"noreferrer noopener\">sant\u00e9 de Zahra Safa\u2019i<\/a> s&#8217;est d\u00e9t\u00e9rior\u00e9e car elle souffre de probl\u00e8mes cardiaques. Elle est retourn\u00e9e dans la salle sur l&#8217;ordre du personnel de la prison pour prendre ses m\u00e9dicaments. Cependant, le personnel a ferm\u00e9 la porte sur elle et l&#8217;a enferm\u00e9e. Personne ne lui a r\u00e9pondu. Au m\u00eame moment, le personnel s&#8217;est disput\u00e9 avec sa fille, Parastou. <a href=\"https:\/\/wncri.org\/fr\/2022\/02\/28\/fariba-assadi-battue-dans\/\" target=\"_blank\" rel=\"noreferrer noopener\">Fariba Assadi<\/a> et Forough Taghipour ont commenc\u00e9 \u00e0 scander des slogans pour montrer leur soutien et \u00e0 frapper \u00e0 la porte. Cette situation a dur\u00e9 une heure, mais personne ne leur a ouvert la porte&#8221;.<\/p>\n\n\n\n<p>Le r\u00e9cit poursuit : &#8220;Le personnel est venu \u00e0 la porte mais n&#8217;a fait qu&#8217;insulter et provoquer les prisonni\u00e8res. Sur ordre de Mme Amiri, la chef du service, Mme Tavakkoli a d\u00e9clar\u00e9 qu&#8217;ils n&#8217;\u00e9taient pas autoris\u00e9s \u00e0 ouvrir la porte. Ensuite, le chef de la protection des renseignements, M. Heydari, Mme Sahraii et Mme Kamali sont venus. De nouveau, ils ont insult\u00e9 et menac\u00e9 les prisonni\u00e8res et ont dit : &#8220;Vous ne faites que vous rendre la vie difficile. &#8220;<\/p>\n\n\n\n<p>Apr\u00e8s cet incident, les bras de Fariba Assadi \u00e9taient meurtris et ensanglant\u00e9s. Au bout d&#8217;une heure, le personnel a ouvert la porte. Forough Taghipour, Fariba Assadi et Zahra Safa\u2019i sont entr\u00e9es dans le couloir et ont rejoint Parastoo Moini. <a href=\"https:\/\/wncri.org\/fr\/2021\/09\/09\/la-prisonniere-politique-saba-kord-afshari-menacee-de-mort-a-la-prison\/\" target=\"_blank\" rel=\"noreferrer noopener\">Saba Kord Afshari<\/a> a rejoint le sit-in depuis le quartier 6.<\/p>\n\n\n\n<p>La pression nerveuse s&#8217;est accumul\u00e9e sur Zahra Safa\u2019i et Fariba Assadi. Plus tard, elles ont d\u00fb se rendre \u00e0 la clinique de la prison. Elles y sont rest\u00e9es jusqu&#8217;\u00e0 17h30. Le personnel de la prison, dont Tavakkoli, Amiri et Shaelli, le responsable des inspections, a recommenc\u00e9 \u00e0 insulter les prisonni\u00e8res politiques. Ils ont menac\u00e9 les femmes et leur ont dit : &#8220;Vous vous rendez la vie plus difficile&#8221;. &#8220;<\/p>\n\n\n\n<p>La source a d\u00e9clar\u00e9 que pendant tout ce temps, et jusqu&#8217;\u00e0 17h30, <a href=\"https:\/\/home.treasury.gov\/news\/press-releases\/jy0517\" target=\"_blank\" rel=\"noreferrer noopener\">Soghra Khodadadi<\/a> n&#8217;est pas venue sur les lieux. \u00c0 ce moment-l\u00e0, Zahra Safa\u2019i et Parastoo Moini se sont rendues \u00e0 son bureau. Le sit-in s&#8217;est poursuivi avec Forough Taghipour et Fariba Assadi.<\/p>\n\n\n\n<p>Khodadadi a pr\u00e9tendu ne pas avoir d&#8217;informations sur ce qui s&#8217;\u00e9tait pass\u00e9 ce jour-l\u00e0. Elle a contact\u00e9 Eliyasi, mais il n&#8217;a pas r\u00e9pondu. Ensuite, Khodadadi a promis de parler \u00e0 Hayat-ol Gheib, le chef de l&#8217;Organisation des prisons, dans la nuit du mardi 12 juillet, et de recevoir son accord sur la visite de prison \u00e0 prison cette semaine.<\/p>\n\n\n\n<p>La source a conclu : &#8220;En plus de ce cas, plusieurs autres prisonni\u00e8res ont droit \u00e0 des visites de prison \u00e0 prison, et Khodadadi peut suivre leur cas, mais elle ne le fait pas. Elle ne fait rien pour les prisonni\u00e8res.&#8221;<\/p>\n\n\n\n<p>Les prisonni\u00e8res politiques de la prison de Qarchak sont priv\u00e9es de visites de prison \u00e0 prison. Selon le r\u00e8glement de l&#8217;Organisation des prisons, les membres de la famille d\u00e9tenus dans diff\u00e9rentes prisons ont droit \u00e0 des visites de prison \u00e0 prison.<\/p>\n","protected":false},"excerpt":{"rendered":"<p>Les prisonni\u00e8res politiques de la prison de Qarchak ont organis\u00e9 un sit-in de protestation Les prisonni\u00e8res politiques de la prison de Qarchak ont organis\u00e9 un sit-in de protestation apr\u00e8s que Zahra Safa\u2019i se soit vu refuser une visite de prison \u00e0 prison avec son fils, Massoud Moini, dans la prison d&#8217;Evin. Les nouvelles de la [&hellip;]<\/p>\n","protected":false},"author":4,"featured_media":16122,"comment_status":"closed","ping_status":"closed","sticky":false,"template":"","format":"standard","meta":{"jnews-multi-image_gallery":[],"jnews_single_post":{"subtitle":"","format":"standard","video":"","gallery":"","source_name":"","source_url":"","via_name":"","via_url":"","override_template":"0","override":[{"template":"7","single_blog_custom":"","parallax":"1","fullscreen":"1","layout":"right-sidebar","sidebar":"default-sidebar","second_sidebar":"default-sidebar","sticky_sidebar":"1","share_position":"floatbottom","share_float_style":"share-normal","show_share_counter":"1","show_view_counter":"1","show_featured":"1","show_post_meta":"1","show_post_author":"0","show_post_author_image":"1","show_post_date":"1","post_date_format":"default","post_date_format_custom":"Y\/m\/d","show_post_category":"1","show_post_reading_time":"0","post_reading_time_wpm":"300","show_zoom_button":"0","zoom_button_out_step":"2","zoom_button_in_step":"3","show_post_tag":"1","show_prev_next_post":"0","show_popup_post":"1","number_popup_post":"1","show_author_box":"0","show_post_related":"1","show_inline_post_related":"1"}],"override_image_size":"0","image_override":[{"single_post_thumbnail_size":"crop-500","single_post_gallery_size":"crop-500"}],"trending_post":"0","trending_post_position":"meta","trending_post_label":"Trending","sponsored_post":"0","sponsored_post_label":"Sponsored by","sponsored_post_name":"","sponsored_post_url":"","sponsored_post_logo_enable":"0","sponsored_post_logo":"","sponsored_post_desc":"","disable_ad":"0"},"jnews_primary_category":{"id":""},"jnews_social_meta":{"fb_title":"","fb_description":"","fb_image":"","twitter_title":"","twitter_description":"","twitter_image":""},"jnews_override_counter":{"override_view_counter":"0","view_counter_number":"0","override_share_counter":"0","share_counter_number":"0","override_like_counter":"0","like_counter_number":"0","override_dislike_counter":"0","dislike_counter_number":"0"},"footnotes":""},"categories":[3],"tags":[370],"class_list":["post-16121","post","type-post","status-publish","format-standard","has-post-thumbnail","hentry","category-infos-des-femmes","tag-prisonnieres"],"_links":{"self":[{"href":"https:\/\/wncri.org\/fr\/wp-json\/wp\/v2\/posts\/16121","targetHints":{"allow":["GET"]}}],"collection":[{"href":"https:\/\/wncri.org\/fr\/wp-json\/wp\/v2\/posts"}],"about":[{"href":"https:\/\/wncri.org\/fr\/wp-json\/wp\/v2\/types\/post"}],"author":[{"embeddable":true,"href":"https:\/\/wncri.org\/fr\/wp-json\/wp\/v2\/users\/4"}],"replies":[{"embeddable":true,"href":"https:\/\/wncri.org\/fr\/wp-json\/wp\/v2\/comments?post=16121"}],"version-history":[{"count":1,"href":"https:\/\/wncri.org\/fr\/wp-json\/wp\/v2\/posts\/16121\/revisions"}],"predecessor-version":[{"id":16123,"href":"https:\/\/wncri.org\/fr\/wp-json\/wp\/v2\/posts\/16121\/revisions\/16123"}],"wp:featuredmedia":[{"embeddable":true,"href":"https:\/\/wncri.org\/fr\/wp-json\/wp\/v2\/media\/16122"}],"wp:attachment":[{"href":"https:\/\/wncri.org\/fr\/wp-json\/wp\/v2\/media?parent=16121"}],"wp:term":[{"taxonomy":"category","embeddable":true,"href":"https:\/\/wncri.org\/fr\/wp-json\/wp\/v2\/categories?post=16121"},{"taxonomy":"post_tag","embeddable":true,"href":"https:\/\/wncri.org\/fr\/wp-json\/wp\/v2\/tags?post=16121"}],"curies":[{"name":"wp","href":"https:\/\/api.w.org\/{rel}","templated":true}]}}