{"id":16067,"date":"2022-07-07T22:10:00","date_gmt":"2022-07-07T20:10:00","guid":{"rendered":"https:\/\/wncri.org\/fr\/?p=16067"},"modified":"2022-07-08T02:20:15","modified_gmt":"2022-07-08T00:20:15","slug":"intensifie-ses-mesures-repressives","status":"publish","type":"post","link":"https:\/\/wncri.org\/fr\/2022\/07\/07\/intensifie-ses-mesures-repressives\/","title":{"rendered":"Le r\u00e9gime des mollahs intensifie ses mesures r\u00e9pressives par crainte de la propagation des soul\u00e8vements et du r\u00f4le d\u2019avant-garde des femmes"},"content":{"rendered":"\n<h2 class=\"wp-block-heading\"><strong><em>Appel au Rapporteur sp\u00e9cial de l\u2019ONU sur la violence contre les femmes \u00e0 condamner les atrocit\u00e9s du r\u00e9gime et de se rendre en Iran pour s&#8217;informer sur la violation des droits fondamentaux des femmes dans le r\u00e9gime misogyne des mollahs, en particulier dans les prisons<\/em><\/strong><\/h2>\n\n\n\n<p>Le r\u00e9gime des mollahs intensifie ses mesures r\u00e9pressives par crainte de la propagation des soul\u00e8vements et du r\u00f4le d\u2019avant-garde des femmes<\/p>\n\n\n\n<p>Ebrahim Ra\u00efssi, le bourreau du massacre de 1988 et pr\u00e9sident du r\u00e9gime, craignant la propagation des soul\u00e8vements populaires et pour cr\u00e9er un climat de terreur, a intensifi\u00e9 les mesures r\u00e9pressives contre les femmes dans le cadre d&#8217;un d\u00e9cret m\u00e9di\u00e9val du Conseil supr\u00eame de la r\u00e9volution culturelle du r\u00e9gime datant de 2005, sous la titre &#8220;chastet\u00e9 et voile&#8221;.<\/p>\n\n\n\n<p>De cette mani\u00e8re, le r\u00e9gime a intensifi\u00e9 ses actions contre les femmes par crainte de leur r\u00f4le de premier plan dans les soul\u00e8vements. Les pasdarans et les <a href=\"https:\/\/wncri.org\/2020\/07\/09\/a-network-of-27-state-agencies-suppresses-iranian-women-by-enforcing-the-mandatory-hijab\/\" target=\"_blank\" rel=\"noreferrer noopener\">agents des patrouilles<\/a> du vice font la chasse aux femmes et aux filles protestataires.<\/p>\n\n\n\n<p>Le procureur adjoint du r\u00e9gime de Machad a envoy\u00e9 une lettre au gouverneur de cette ville le 26 juin, exigeant d&#8217;emp\u00eacher les femmes<a href=\"https:\/\/wncri.org\/2018\/12\/13\/the-compulsory-veil\/\" target=\"_blank\" rel=\"noreferrer noopener\"> mal-voil\u00e9es<\/a> de monter dans les trains et mena\u00e7ant les agents n\u00e9gligents de poursuites judiciaires.<\/p>\n\n\n\n<p>De m\u00eame, le 4 juillet, il a ordonn\u00e9 \u00ab d&#8217;interdire les services aux femmes mal-voil\u00e9es dans les bureaux et les banques \u00bb et a soulign\u00e9 que les directeurs de bureaux et de banques ont pour devoir de ne pas fournir de services aux femmes qui se pr\u00e9sentent dans les bureaux sans \u00ab le voile l\u00e9gal \u00bb.<\/p>\n\n\n\n<p>Auparavant, en juin, la \u00ab&nbsp;base du 21-Tir&nbsp;\u00bb dans la province du Khorassan-Razavi s&#8217;est mis \u00e0 op\u00e9rer en annon\u00e7ant qu&#8217;elle avait pour mission d&#8217; \u00ab&nbsp;am\u00e9liorer la situation du port du voile et la chastet\u00e9 dans les institutions&nbsp;\u00bb.<\/p>\n\n\n\n<p>Le 3 juillet, les pasdarans de la province de Qom ont annonc\u00e9 la fermeture de trois caf\u00e9s en raison de \u00ab&nbsp;femmes sans voile&nbsp;\u00bb et ont annonc\u00e9 \u00ab&nbsp;le nettoyage et la surveillance des caf\u00e9s traditionnels et des caf\u00e9s par 9 \u00e9quipes compos\u00e9es d\u2019agents de police, de la base Sarollah de la promotion de la vertu et de la prohibition du vice et du QG du 19-Dey de la province de Qom&nbsp;\u00bb. Le 5 juillet, Rahimi, gouverneur de Bouchehr, a \u00e9galement ordonn\u00e9 qu&#8217;aucune femme ne se pr\u00e9sente au conseil administratif de Bouchehr sans tchador.<\/p>\n\n\n\n<p>La Commission des femmes du Conseil national de la R\u00e9sistance iranienne demande instamment au rapporteur sp\u00e9cial de l\u2019ONU sur la violence faites aux femmes de condamner les atrocit\u00e9s du r\u00e9gime misogyne des mollahs et de se rendre en Iran pour en savoir plus sur la violation des droits fondamentaux des femmes, en particulier dans les prisons.<\/p>\n\n\n\n<p>A l\u2019instar de Mme <a href=\"https:\/\/twitter.com\/Maryam_Rajavi_F\/status\/1545029353121226752\" target=\"_blank\" rel=\"noreferrer noopener\">Maryam Radjavi<\/a>, pr\u00e9sidente \u00e9lue du CNRI, la commission des Femmes appelle la population iranienne, en particulier la jeunesse, \u00e0 d\u00e9fendre les femmes et les filles contre les agressions des forces r\u00e9pressives. Les femmes en Iran attisent les flammes du soul\u00e8vement aux cris de &#8220;non \u00e0 la religion obligatoire, non au voile obligatoire et non au gouvernement obligatoire&#8221; contre le r\u00e9gime anti-iranien et anti-islamique au pouvoir en Iran.<\/p>\n\n\n\n<p><strong>Commission des Femmes du Conseil national de la R\u00e9sistance iranienne&nbsp; <\/strong><strong><\/strong><\/p>\n\n\n\n<p><strong>Le 7 juillet 2022<\/strong><strong><\/strong><\/p>\n","protected":false},"excerpt":{"rendered":"<p>Appel au Rapporteur sp\u00e9cial de l\u2019ONU sur la violence contre les femmes \u00e0 condamner les atrocit\u00e9s du r\u00e9gime et de se rendre en Iran pour s&#8217;informer sur la violation des droits fondamentaux des femmes dans le r\u00e9gime misogyne des mollahs, en particulier dans les prisons Le r\u00e9gime des mollahs intensifie ses mesures r\u00e9pressives par crainte [&hellip;]<\/p>\n","protected":false},"author":4,"featured_media":11694,"comment_status":"closed","ping_status":"closed","sticky":false,"template":"","format":"standard","meta":{"jnews-multi-image_gallery":[],"jnews_single_post":{"subtitle":"","format":"standard","video":"","gallery":"","source_name":"","source_url":"","via_name":"","via_url":"","override_template":"0","override":[{"template":"7","single_blog_custom":"","parallax":"1","fullscreen":"1","layout":"right-sidebar","sidebar":"default-sidebar","second_sidebar":"default-sidebar","sticky_sidebar":"1","share_position":"floatbottom","share_float_style":"share-normal","show_share_counter":"1","show_view_counter":"1","show_featured":"1","show_post_meta":"1","show_post_author":"0","show_post_author_image":"1","show_post_date":"1","post_date_format":"default","post_date_format_custom":"Y\/m\/d","show_post_category":"1","show_post_reading_time":"0","post_reading_time_wpm":"300","show_zoom_button":"0","zoom_button_out_step":"2","zoom_button_in_step":"3","show_post_tag":"1","show_prev_next_post":"0","show_popup_post":"1","number_popup_post":"1","show_author_box":"0","show_post_related":"1","show_inline_post_related":"1"}],"override_image_size":"0","image_override":[{"single_post_thumbnail_size":"crop-500","single_post_gallery_size":"crop-500"}],"trending_post":"0","trending_post_position":"meta","trending_post_label":"Trending","sponsored_post":"0","sponsored_post_label":"Sponsored by","sponsored_post_name":"","sponsored_post_url":"","sponsored_post_logo_enable":"0","sponsored_post_logo":"","sponsored_post_desc":"","disable_ad":"0"},"jnews_primary_category":{"id":""},"jnews_social_meta":{"fb_title":"","fb_description":"","fb_image":"","twitter_title":"","twitter_description":"","twitter_image":""},"jnews_override_counter":{"override_view_counter":"0","view_counter_number":"0","override_share_counter":"0","share_counter_number":"0","override_like_counter":"0","like_counter_number":"0","override_dislike_counter":"0","dislike_counter_number":"0"},"footnotes":""},"categories":[5],"tags":[376,375],"class_list":["post-16067","post","type-post","status-publish","format-standard","has-post-thumbnail","hentry","category-communiques","tag-violence-contre-les-femmes","tag-voile-obligatoire"],"_links":{"self":[{"href":"https:\/\/wncri.org\/fr\/wp-json\/wp\/v2\/posts\/16067","targetHints":{"allow":["GET"]}}],"collection":[{"href":"https:\/\/wncri.org\/fr\/wp-json\/wp\/v2\/posts"}],"about":[{"href":"https:\/\/wncri.org\/fr\/wp-json\/wp\/v2\/types\/post"}],"author":[{"embeddable":true,"href":"https:\/\/wncri.org\/fr\/wp-json\/wp\/v2\/users\/4"}],"replies":[{"embeddable":true,"href":"https:\/\/wncri.org\/fr\/wp-json\/wp\/v2\/comments?post=16067"}],"version-history":[{"count":1,"href":"https:\/\/wncri.org\/fr\/wp-json\/wp\/v2\/posts\/16067\/revisions"}],"predecessor-version":[{"id":16068,"href":"https:\/\/wncri.org\/fr\/wp-json\/wp\/v2\/posts\/16067\/revisions\/16068"}],"wp:featuredmedia":[{"embeddable":true,"href":"https:\/\/wncri.org\/fr\/wp-json\/wp\/v2\/media\/11694"}],"wp:attachment":[{"href":"https:\/\/wncri.org\/fr\/wp-json\/wp\/v2\/media?parent=16067"}],"wp:term":[{"taxonomy":"category","embeddable":true,"href":"https:\/\/wncri.org\/fr\/wp-json\/wp\/v2\/categories?post=16067"},{"taxonomy":"post_tag","embeddable":true,"href":"https:\/\/wncri.org\/fr\/wp-json\/wp\/v2\/tags?post=16067"}],"curies":[{"name":"wp","href":"https:\/\/api.w.org\/{rel}","templated":true}]}}