{"id":1606,"date":"2016-10-06T12:39:26","date_gmt":"2016-10-06T12:39:26","guid":{"rendered":"https:\/\/wncri.org\/frdev\/2016\/10\/06\/iran-une-militante-etudiante-convoquee-pour-purger-sa-condamnation\/"},"modified":"2016-10-06T12:39:26","modified_gmt":"2016-10-06T12:39:26","slug":"iran-une-militante-etudiante-convoquee-pour-purger-sa-condamnation","status":"publish","type":"post","link":"https:\/\/wncri.org\/fr\/2016\/10\/06\/iran-une-militante-etudiante-convoquee-pour-purger-sa-condamnation\/","title":{"rendered":"Iran: Une militante \u00e9tudiante convoqu\u00e9e pour purger sa condamnation"},"content":{"rendered":"<p>CNRI Femmes \u2013 La militante \u00e9tudiante Golrokh A\u00efra\u2019i a re\u00e7u un appel le 4 octobre des services de s\u00e9curit\u00e9 en Iran lui intimant l\u2019ordre de se pr\u00e9senter<\/p>\n<p>  <!--more-->  <\/p>\n<p>d\u00e8s le lendemain \u00e0 la prison pour y purger la peine \u00e0 laquelle elle a \u00e9t\u00e9 condamn\u00e9e. Elle \u00e9 \u00e9t\u00e9 menac\u00e9e d\u2019y \u00eatre emmen\u00e9e de force si elle ne se pr\u00e9sente pas.Son mari, le prisonnier politique Arach Sadeghi, est d\u00e9j\u00e0 incarc\u00e9r\u00e9 \u00e0 la prison d\u2019Evine de T\u00e9h\u00e9ran pour une peine de 19 ans.<\/p>\n","protected":false},"excerpt":{"rendered":"<p>CNRI Femmes \u2013 La militante \u00e9tudiante Golrokh A\u00efra\u2019i a re\u00e7u un appel le 4 octobre des services de s\u00e9curit\u00e9 en Iran lui intimant l\u2019ordre de se pr\u00e9senter<\/p>\n","protected":false},"author":1,"featured_media":4165,"comment_status":"open","ping_status":"open","sticky":false,"template":"","format":"standard","meta":{"jnews-multi-image_gallery":[],"jnews_single_post":[],"jnews_primary_category":[],"jnews_social_meta":[],"jnews_override_counter":[],"footnotes":""},"categories":[3],"tags":[],"class_list":["post-1606","post","type-post","status-publish","format-standard","has-post-thumbnail","hentry","category-infos-des-femmes"],"_links":{"self":[{"href":"https:\/\/wncri.org\/fr\/wp-json\/wp\/v2\/posts\/1606","targetHints":{"allow":["GET"]}}],"collection":[{"href":"https:\/\/wncri.org\/fr\/wp-json\/wp\/v2\/posts"}],"about":[{"href":"https:\/\/wncri.org\/fr\/wp-json\/wp\/v2\/types\/post"}],"author":[{"embeddable":true,"href":"https:\/\/wncri.org\/fr\/wp-json\/wp\/v2\/users\/1"}],"replies":[{"embeddable":true,"href":"https:\/\/wncri.org\/fr\/wp-json\/wp\/v2\/comments?post=1606"}],"version-history":[{"count":0,"href":"https:\/\/wncri.org\/fr\/wp-json\/wp\/v2\/posts\/1606\/revisions"}],"wp:featuredmedia":[{"embeddable":true,"href":"https:\/\/wncri.org\/fr\/wp-json\/wp\/v2\/media\/4165"}],"wp:attachment":[{"href":"https:\/\/wncri.org\/fr\/wp-json\/wp\/v2\/media?parent=1606"}],"wp:term":[{"taxonomy":"category","embeddable":true,"href":"https:\/\/wncri.org\/fr\/wp-json\/wp\/v2\/categories?post=1606"},{"taxonomy":"post_tag","embeddable":true,"href":"https:\/\/wncri.org\/fr\/wp-json\/wp\/v2\/tags?post=1606"}],"curies":[{"name":"wp","href":"https:\/\/api.w.org\/{rel}","templated":true}]}}