{"id":1605,"date":"2016-10-06T12:38:29","date_gmt":"2016-10-06T12:38:29","guid":{"rendered":"https:\/\/wncri.org\/frdev\/2016\/10\/06\/des-meres-protestent-contre-les-lourdes-condamnations-des-militants-des-droits-en-iran\/"},"modified":"2016-10-06T12:38:29","modified_gmt":"2016-10-06T12:38:29","slug":"des-meres-protestent-contre-les-lourdes-condamnations-des-militants-des-droits-en-iran","status":"publish","type":"post","link":"https:\/\/wncri.org\/fr\/2016\/10\/06\/des-meres-protestent-contre-les-lourdes-condamnations-des-militants-des-droits-en-iran\/","title":{"rendered":"Des m\u00e8res protestent contre les lourdes condamnations des militants des droits en Iran"},"content":{"rendered":"<p>CNRI Femmes \u2013 Mme Simine Ayvaz-Zadeh a post\u00e9 sur Facebook une note protestant contre de lourdes peines injustes, comme celle de sept ans de prison pour son fils Omid Alichenasse,<\/p>\n<p>  <!--more-->  <\/p>\n<p>un militant des droits civiques en Iran.Mme Ayvaz-Zadeh \u00e9crit\u00a0: \u00ab\u00a0(les juges) Moghisseh, Salavati, Hozan et Qomizadeh ont tous un point commun\u00a0: la haine des jeunes innocents aux sentiments humains! Si (mon fils) avait d\u00e9tourn\u00e9 des milliards (de dollars), il n\u2019aurait pas \u00e9cop\u00e9 d\u2019une telle condamnation. Il aurait peut-\u00eatre mieux fallu que mon fils soit une crapule pour b\u00e9n\u00e9ficier de cl\u00e9mence ! Mais jamais je ne ferai un tel souhait. J\u2019aurai beaucoup \u00e0 dire le moment venu.\u00a0\u00bbPar ailleurs, les m\u00e8res et les femmes qui d\u00e9fendent les droits civils et humains se sont r\u00e9unies chez Mme Ayvaz-Zadeh pour protester contre les lourdes peines touchant les militants des droits civiques et des droits de l&#8217;enfant, Atena Daemi et Omid Alichenasse.Mansoureh Behkish, dont la s\u0153ur et les fr\u00e8res ont \u00e9t\u00e9 ex\u00e9cut\u00e9s dans les ann\u00e9es 1980 et durant le \u00a0massacre de 1988 en Iran, a d\u00e9clar\u00e9 \u00e0 cet \u00e9gard: \u00ab Les verdicts injustes prononc\u00e9s par la Cour de r\u00e9vision pour Narguesse Mohammadi, Atena Daemi et Omid Alishenasse, ont surpris tout le monde. La question qui se pose est : pour quel crime\u00a0? Est-ce pour avoir d\u00e9fendu les droits humains, des activit\u00e9s de d\u00e9fense de la libert\u00e9, l\u2019opposition \u00e0 la peine de mort, la visite aux familles (des victimes), \u00eatre all\u00e9s \u00e0 des c\u00e9r\u00e9monies ou poss\u00e9der une antenne satellite\u00a0?\u00a0\u00bb<\/p>\n","protected":false},"excerpt":{"rendered":"<p>CNRI Femmes \u2013 Mme Simine Ayvaz-Zadeh a post\u00e9 sur Facebook une note protestant contre de lourdes peines injustes, comme celle de sept ans de prison pour son fils Omid Alichenasse,<\/p>\n","protected":false},"author":1,"featured_media":4164,"comment_status":"open","ping_status":"open","sticky":false,"template":"","format":"standard","meta":{"jnews-multi-image_gallery":[],"jnews_single_post":[],"jnews_primary_category":[],"jnews_social_meta":[],"jnews_override_counter":[],"footnotes":""},"categories":[3],"tags":[],"class_list":["post-1605","post","type-post","status-publish","format-standard","has-post-thumbnail","hentry","category-infos-des-femmes"],"_links":{"self":[{"href":"https:\/\/wncri.org\/fr\/wp-json\/wp\/v2\/posts\/1605","targetHints":{"allow":["GET"]}}],"collection":[{"href":"https:\/\/wncri.org\/fr\/wp-json\/wp\/v2\/posts"}],"about":[{"href":"https:\/\/wncri.org\/fr\/wp-json\/wp\/v2\/types\/post"}],"author":[{"embeddable":true,"href":"https:\/\/wncri.org\/fr\/wp-json\/wp\/v2\/users\/1"}],"replies":[{"embeddable":true,"href":"https:\/\/wncri.org\/fr\/wp-json\/wp\/v2\/comments?post=1605"}],"version-history":[{"count":0,"href":"https:\/\/wncri.org\/fr\/wp-json\/wp\/v2\/posts\/1605\/revisions"}],"wp:featuredmedia":[{"embeddable":true,"href":"https:\/\/wncri.org\/fr\/wp-json\/wp\/v2\/media\/4164"}],"wp:attachment":[{"href":"https:\/\/wncri.org\/fr\/wp-json\/wp\/v2\/media?parent=1605"}],"wp:term":[{"taxonomy":"category","embeddable":true,"href":"https:\/\/wncri.org\/fr\/wp-json\/wp\/v2\/categories?post=1605"},{"taxonomy":"post_tag","embeddable":true,"href":"https:\/\/wncri.org\/fr\/wp-json\/wp\/v2\/tags?post=1605"}],"curies":[{"name":"wp","href":"https:\/\/api.w.org\/{rel}","templated":true}]}}