{"id":16041,"date":"2022-07-03T13:06:00","date_gmt":"2022-07-03T11:06:00","guid":{"rendered":"https:\/\/wncri.org\/fr\/?p=16041"},"modified":"2022-07-04T13:17:41","modified_gmt":"2022-07-04T11:17:41","slug":"ronak-rezaei-et-nasrin-javadi","status":"publish","type":"post","link":"https:\/\/wncri.org\/fr\/2022\/07\/03\/ronak-rezaei-et-nasrin-javadi\/","title":{"rendered":"Nouvelles de deux prisonni\u00e8res politiques, Ronak Rezaei et Nasrin Javadi"},"content":{"rendered":"\n<h3 class=\"wp-block-heading\">Nouvelles de deux prisonni\u00e8res politiques, Ronak Rezaei et Nasrin Javadi<\/h3>\n\n\n\n<p><strong>Ronak Rezaei transf\u00e9r\u00e9 \u00e0 la prison de Sepidar<\/strong><strong><\/strong><\/p>\n\n\n\n<p>Ronak Rezaei a \u00e9t\u00e9 transf\u00e9r\u00e9e \u00e0 la sinistre c\u00e9l\u00e8bre prison de Sepidar \u00e0 Ahvaz le samedi 2 juillet 2022. Elle \u00e9tait d\u00e9tenue depuis un mois dans le centre de d\u00e9tention des services des renseignements de l&#8217;IRGC.<\/p>\n\n\n\n<p><a href=\"https:\/\/wncri.org\/fr\/2022\/06\/11\/ronak-rezai\/\" target=\"_blank\" rel=\"noreferrer noopener\">Ronak Rezaei<\/a> vit \u00e0 Abadan et est \u00e9tudiante en master d&#8217;\u00e9tudes culturelles \u00e0 l&#8217;universit\u00e9 Allameh Tabatabaii de T\u00e9h\u00e9ran.<\/p>\n\n\n\n<p>Ronak Rezaei a appel\u00e9 sa famille pour l&#8217;informer qu&#8217;elle avait \u00e9t\u00e9 transf\u00e9r\u00e9e \u00e0 la prison Sepidar d&#8217;Ahvaz. Elle est actuellement d\u00e9tenue dans le quartier de quarantaine.<\/p>\n\n\n\n<p>Selon Farzaneh Zilaii, l&#8217;avocate de Mme Rezaei, elle est notamment accus\u00e9e d'&#8221;activit\u00e9s de propagande contre l&#8217;\u00c9tat&#8221;. Mme Zilaii a d\u00e9clar\u00e9 qu&#8217;elle n&#8217;avait pas l&#8217;autorisation de s&#8217;impliquer dans l&#8217;affaire pour d\u00e9fendre sa cliente. Elle a indiqu\u00e9 que Ronak Rezaei avait appel\u00e9 sa famille le jour de son arrestation et une semaine plus tard. Elle est priv\u00e9e de visite.<\/p>\n\n\n\n<p>Ronak Rezaei a \u00e9t\u00e9 arr\u00eat\u00e9e fin mai lors des manifestations organis\u00e9es \u00e0 Abadan \u00e0 la suite de <a href=\"https:\/\/www.ncr-iran.org\/fr\/blog\/tout-leffondrement-du-batiment-metropol-a-abadan-mis-en-lumiere\/\" target=\"_blank\" rel=\"noreferrer noopener\">l&#8217;effondrement de la tour Metropol<\/a>, qui a co\u00fbt\u00e9 la vie \u00e0 des innocents.<\/p>\n\n\n\n<p>Au moins 43 personnes, dont six femmes, sont mortes dans l&#8217;effondrement tragique de l&#8217;immeuble Metropol le 23 mai 2022.<\/p>\n\n\n\n<p>Les habitants du Khouzestan et de plusieurs autres provinces iraniennes sont descendus dans la rue pendant dix nuits cons\u00e9cutives.<\/p>\n\n\n\n<p>Les femmes \u00e9taient \u00e0 l&#8217;avant-garde des <a href=\"https:\/\/wncri.org\/fr\/2022\/05\/27\/des-milliers-de-personnes\/\" target=\"_blank\" rel=\"noreferrer noopener\">manifestations antigouvernementales<\/a> et des c\u00e9r\u00e9monies de deuil pour les personnes tu\u00e9es sous les d\u00e9combres de l&#8217;immeuble Metropolis. Elles ont manifest\u00e9 dans de nombreuses villes iraniennes, dont Abadan, Khoramchahr, T\u00e9h\u00e9ran, Andimeshk, Chahin Chahr, Chiraz, Boushehr, Yazd, Behbahan, Omidiyeh, Sarbandar, Mahchahr et des dizaines de villages du Khouzestan, en scandant &#8220;Mort \u00e0 Khamenei&#8221;.<\/p>\n\n\n\n<p>Des dizaines de personnes ont \u00e9t\u00e9 arr\u00eat\u00e9es.<\/p>\n\n\n\n<div class=\"wp-block-file\"><a id=\"wp-block-file--media-e2003024-7ee7-4457-8d36-8e497029eff7\" href=\"https:\/\/wncri.org\/fr\/wp-content\/uploads\/2022\/07\/\u0647\u0634\u062a\u06af.docx\">\u0647\u0634\u062a\u06af<\/a><a href=\"https:\/\/wncri.org\/fr\/wp-content\/uploads\/2022\/07\/\u0647\u0634\u062a\u06af.docx\" class=\"wp-block-file__button\" aria-describedby=\"wp-block-file--media-e2003024-7ee7-4457-8d36-8e497029eff7\" download>T\u00e9l\u00e9charger<\/a><\/div>\n\n\n<div class=\"wp-block-image\">\n<figure class=\"aligncenter size-full\"><img decoding=\"async\" src=\"data:image\/gif;base64,R0lGODlhAQABAIAAAAAAAP\/\/\/yH5BAEAAAAALAAAAAABAAEAAAIBRAA7\" data-src=\"https:\/\/wncri.org\/fr\/wp-content\/uploads\/2022\/07\/Nasrin-Javadi-labor-activist-Evin-Tehran-Iran-min.jpg\" alt=\"Nasrin Javadi se rend \u00e0 la prison d'Evin pour purger sa peine\" class=\"wp-image-16042 lazyload\"\/><noscript><img decoding=\"async\" width=\"750\" height=\"375\" src=\"https:\/\/wncri.org\/fr\/wp-content\/uploads\/2022\/07\/Nasrin-Javadi-labor-activist-Evin-Tehran-Iran-min.jpg\" alt=\"Nasrin Javadi se rend \u00e0 la prison d'Evin pour purger sa peine\" class=\"wp-image-16042 lazyload\" srcset=\"https:\/\/wncri.org\/fr\/wp-content\/uploads\/2022\/07\/Nasrin-Javadi-labor-activist-Evin-Tehran-Iran-min.jpg 750w, https:\/\/wncri.org\/fr\/wp-content\/uploads\/2022\/07\/Nasrin-Javadi-labor-activist-Evin-Tehran-Iran-min-300x150.jpg 300w, https:\/\/wncri.org\/fr\/wp-content\/uploads\/2022\/07\/Nasrin-Javadi-labor-activist-Evin-Tehran-Iran-min-360x180.jpg 360w\" sizes=\"(max-width: 750px) 100vw, 750px\" \/><\/noscript><figcaption>Nasrin Javadi <\/figcaption><\/figure>\n<\/div>\n\n\n<h3 class=\"wp-block-heading\"><strong>Nasrin Javadi se rend \u00e0 la prison d&#8217;Evin pour purger sa peine<\/strong><strong><\/strong><\/h3>\n\n\n\n<p>La militante ouvri\u00e8re <a href=\"https:\/\/wncri.org\/fr\/2019\/08\/20\/le-fouet-et-7-ans-de-prison-pour-la-syndicaliste-nasrin-javadi-en-iran\/\" target=\"_blank\" rel=\"noreferrer noopener\">Nasrin Javadi<\/a> a \u00e9galement \u00e9t\u00e9 conduite \u00e0 la prison <a href=\"https:\/\/www.maryam-rajavi.com\/fr\/lonu-condamnant-les-violations-des-droits-humains-en-iran\/\" target=\"_blank\" rel=\"noreferrer noopener\">d&#8217;Evin<\/a> pour y purger sa peine de cinq ans de prison le 2 juillet 2022.<\/p>\n\n\n\n<p>Son avocat avait fait valoir au tribunal qu&#8217;elle ne pouvait pas supporter les conditions de d\u00e9tention en raison de son \u00e2ge avanc\u00e9 et de diverses maladies.<\/p>\n\n\n\n<p>Elle avait \u00e9t\u00e9 convoqu\u00e9e \u00e0 la Direction de l&#8217;ex\u00e9cution des verdicts du palais de justice d&#8217;Evin en juillet 2020.&nbsp;&nbsp;<\/p>\n\n\n\n<p>Nasrin Javadi a \u00e9t\u00e9 arr\u00eat\u00e9e avec des dizaines d&#8217;autres participants lors de la manifestation de la F\u00eate du travail \u00e0 T\u00e9h\u00e9ran le 1er mai 2019. Pr\u00e8s d&#8217;un mois plus tard, elle a \u00e9t\u00e9 lib\u00e9r\u00e9e de la <a href=\"https:\/\/wncri.org\/fr\/2020\/04\/20\/regard-sur-la-situation-tragique-a-la-prison-pour-femmes-de-qarchak-en-iran\/\" target=\"_blank\" rel=\"noreferrer noopener\">prison de Qarchak<\/a> moyennant une caution de 100 millions de tomans.<\/p>\n\n\n\n<p>Nasrin Javadi est accus\u00e9e de &#8220;rassemblement et collusion contre la s\u00e9curit\u00e9 nationale&#8221;.<\/p>\n\n\n\n<p>Nasrin Javadi est une ancienne employ\u00e9e de la Soci\u00e9t\u00e9 de distribution m\u00e9dicale et la retrait\u00e9e de l&#8217;Organisation de la s\u00e9curit\u00e9 sociale, membre du conseil fondateur du Conseil du travail de la retraite de la s\u00e9curit\u00e9 sociale, et membre du Syndicat libre des travailleurs d&#8217;Iran.<\/p>\n","protected":false},"excerpt":{"rendered":"<p>Nouvelles de deux prisonni\u00e8res politiques, Ronak Rezaei et Nasrin Javadi Ronak Rezaei transf\u00e9r\u00e9 \u00e0 la prison de Sepidar Ronak Rezaei a \u00e9t\u00e9 transf\u00e9r\u00e9e \u00e0 la sinistre c\u00e9l\u00e8bre prison de Sepidar \u00e0 Ahvaz le samedi 2 juillet 2022. Elle \u00e9tait d\u00e9tenue depuis un mois dans le centre de d\u00e9tention des services des renseignements de l&#8217;IRGC. Ronak [&hellip;]<\/p>\n","protected":false},"author":4,"featured_media":16043,"comment_status":"closed","ping_status":"closed","sticky":false,"template":"","format":"standard","meta":{"jnews-multi-image_gallery":[],"jnews_single_post":{"subtitle":"","format":"standard","video":"","gallery":"","source_name":"","source_url":"","via_name":"","via_url":"","override_template":"0","override":[{"template":"7","single_blog_custom":"","parallax":"1","fullscreen":"1","layout":"right-sidebar","sidebar":"default-sidebar","second_sidebar":"default-sidebar","sticky_sidebar":"1","share_position":"floatbottom","share_float_style":"share-normal","show_share_counter":"1","show_view_counter":"1","show_featured":"1","show_post_meta":"1","show_post_author":"0","show_post_author_image":"1","show_post_date":"1","post_date_format":"default","post_date_format_custom":"Y\/m\/d","show_post_category":"1","show_post_reading_time":"0","post_reading_time_wpm":"300","show_zoom_button":"0","zoom_button_out_step":"2","zoom_button_in_step":"3","show_post_tag":"1","show_prev_next_post":"0","show_popup_post":"1","number_popup_post":"1","show_author_box":"0","show_post_related":"1","show_inline_post_related":"1"}],"override_image_size":"0","image_override":[{"single_post_thumbnail_size":"crop-500","single_post_gallery_size":"crop-500"}],"trending_post":"0","trending_post_position":"meta","trending_post_label":"Trending","sponsored_post":"0","sponsored_post_label":"Sponsored by","sponsored_post_name":"","sponsored_post_url":"","sponsored_post_logo_enable":"0","sponsored_post_logo":"","sponsored_post_desc":"","disable_ad":"0"},"jnews_primary_category":{"id":""},"jnews_social_meta":{"fb_title":"","fb_description":"","fb_image":"","twitter_title":"","twitter_description":"","twitter_image":""},"jnews_override_counter":{"override_view_counter":"0","view_counter_number":"0","override_share_counter":"0","share_counter_number":"0","override_like_counter":"0","like_counter_number":"0","override_dislike_counter":"0","dislike_counter_number":"0"},"footnotes":""},"categories":[3],"tags":[370],"class_list":["post-16041","post","type-post","status-publish","format-standard","has-post-thumbnail","hentry","category-infos-des-femmes","tag-prisonnieres"],"_links":{"self":[{"href":"https:\/\/wncri.org\/fr\/wp-json\/wp\/v2\/posts\/16041","targetHints":{"allow":["GET"]}}],"collection":[{"href":"https:\/\/wncri.org\/fr\/wp-json\/wp\/v2\/posts"}],"about":[{"href":"https:\/\/wncri.org\/fr\/wp-json\/wp\/v2\/types\/post"}],"author":[{"embeddable":true,"href":"https:\/\/wncri.org\/fr\/wp-json\/wp\/v2\/users\/4"}],"replies":[{"embeddable":true,"href":"https:\/\/wncri.org\/fr\/wp-json\/wp\/v2\/comments?post=16041"}],"version-history":[{"count":2,"href":"https:\/\/wncri.org\/fr\/wp-json\/wp\/v2\/posts\/16041\/revisions"}],"predecessor-version":[{"id":16047,"href":"https:\/\/wncri.org\/fr\/wp-json\/wp\/v2\/posts\/16041\/revisions\/16047"}],"wp:featuredmedia":[{"embeddable":true,"href":"https:\/\/wncri.org\/fr\/wp-json\/wp\/v2\/media\/16043"}],"wp:attachment":[{"href":"https:\/\/wncri.org\/fr\/wp-json\/wp\/v2\/media?parent=16041"}],"wp:term":[{"taxonomy":"category","embeddable":true,"href":"https:\/\/wncri.org\/fr\/wp-json\/wp\/v2\/categories?post=16041"},{"taxonomy":"post_tag","embeddable":true,"href":"https:\/\/wncri.org\/fr\/wp-json\/wp\/v2\/tags?post=16041"}],"curies":[{"name":"wp","href":"https:\/\/api.w.org\/{rel}","templated":true}]}}