{"id":16022,"date":"2022-06-29T21:45:23","date_gmt":"2022-06-29T19:45:23","guid":{"rendered":"https:\/\/wncri.org\/fr\/?p=16022"},"modified":"2022-06-29T21:46:01","modified_gmt":"2022-06-29T19:46:01","slug":"4-chanteuses","status":"publish","type":"post","link":"https:\/\/wncri.org\/fr\/2022\/06\/29\/4-chanteuses\/","title":{"rendered":"4 chanteuses arr\u00eat\u00e9es pour avoir chant\u00e9 lors de mariages en Iran"},"content":{"rendered":"\n<h3 class=\"wp-block-heading\">4 chanteuses arr\u00eat\u00e9es pour avoir chant\u00e9 lors de mariages en Iran<\/h3>\n\n\n\n<p>Quatre chanteuses ont \u00e9t\u00e9 arr\u00eat\u00e9es \u00e0 Minab, dans le sud de l&#8217;Iran, pour avoir chant\u00e9 lors de c\u00e9r\u00e9monies de mariage.<\/p>\n\n\n\n<p>Ebrahim Taheri, le procureur g\u00e9n\u00e9ral et r\u00e9volutionnaire de la ville de <a href=\"https:\/\/fr.wikipedia.org\/wiki\/Minab\" target=\"_blank\" rel=\"noreferrer noopener\">Minab<\/a>, situ\u00e9e dans la province d&#8217;Hormozgan, a d\u00e9clar\u00e9 : &#8220;4 chanteuses ont \u00e9t\u00e9 arr\u00eat\u00e9es pour avoir chant\u00e9 lors de diff\u00e9rents mariages. En cas de r\u00e9cidive, la chanteuse et l&#8217;h\u00f4te de la c\u00e9r\u00e9monie de mariage seront tous deux arr\u00eat\u00e9s.&#8221;\u00a0<\/p>\n\n\n\n<p>Taheri a ajout\u00e9 que les 4 chanteuses s&#8217;\u00e9taient produites lors de diff\u00e9rents mariages dans la ville, et que leur cas faisait actuellement l&#8217;objet d&#8217;une enqu\u00eate. Soulignant le r\u00f4le des multiples branches du d\u00e9partement de la justice dans cette province, il a annonc\u00e9 : &#8220;A Minab, nous avons diff\u00e9rentes branches pour traiter toutes sortes d&#8217;affaires, et le d\u00e9partement de la justice de Minab a un r\u00f4le cl\u00e9 dans l&#8217;est de l&#8217;Hormozgan.&#8221; (L&#8217;agence de presse officielle IRNA &#8211; 26 juin 2022)<\/p>\n\n\n\n<p>Le r\u00e9gime cl\u00e9rical a une <a href=\"https:\/\/wncri.org\/fr\/2019\/10\/18\/six-chanteuses-condamnees-a-un-an-de-prison-en-iran\/\" target=\"_blank\" rel=\"noreferrer noopener\">longue histoire<\/a> avec les chanteuses. Le pouvoir judiciaire iranien a emprisonn\u00e9 <a href=\"https:\/\/wncri.org\/fr\/2019\/05\/22\/une-chanteuse-poursuivie-en-justice-pour-avoir-chante-en-solo-dans-un-village\/\" target=\"_blank\" rel=\"noreferrer noopener\">Negar Moazam<\/a> pendant un an en 2020 pour avoir chant\u00e9 lors de sa tourn\u00e9e dans le village d&#8217;Abyaneh dans la province d&#8217;Ispahan. Les membres d&#8217;un groupe musical exclusivement f\u00e9minin de Kermanchah, appel\u00e9 <a href=\"https:\/\/wncri.org\/fr\/2021\/01\/21\/groupe-musical-feminin\/\" target=\"_blank\" rel=\"noreferrer noopener\">Gelaris,<\/a> ont \u00e9galement \u00e9t\u00e9 arr\u00eat\u00e9s pour avoir interpr\u00e9t\u00e9 des chansons sur les m\u00e9dias sociaux.<\/p>\n\n\n\n<p>Les femmes sont <a href=\"https:\/\/wncri.org\/2015\/06\/28\/iranian-women-prohibited-from-singing-and-playing-music-under-the-mullahs-rule\/\" target=\"_blank\" rel=\"noreferrer noopener\">interdites de chant<\/a> depuis que les mollahs ont pris le pouvoir en Iran. Les chanteuses ont \u00e9t\u00e9 <a href=\"https:\/\/wncri.org\/2021\/10\/12\/marzieh-legendary-diva-persian-traditional-music\/\" target=\"_blank\" rel=\"noreferrer noopener\">marginalis\u00e9es chez elles<\/a> et nombre d&#8217;entre elles ont \u00e9t\u00e9 contraintes de <a href=\"https:\/\/wncri.org\/fr\/2020\/06\/11\/marjan-la-voix-de-la-resistance-iranienne-pour-la-liberte-est-devenue-eternelle-2\/\" target=\"_blank\" rel=\"noreferrer noopener\">quitter le pays<\/a>.<\/p>\n\n\n\n<h3 class=\"wp-block-heading\"><strong>Des habitants arr\u00eat\u00e9s pour avoir dans\u00e9<\/strong><\/h3>\n\n\n<div class=\"wp-block-image\">\n<figure class=\"aligncenter size-full is-resized\"><img decoding=\"async\" src=\"data:image\/gif;base64,R0lGODlhAQABAIAAAAAAAP\/\/\/yH5BAEAAAAALAAAAAABAAEAAAIBRAA7\" data-src=\"https:\/\/wncri.org\/fr\/wp-content\/uploads\/2022\/06\/4-female-singers-arrested2-min.jpg\" alt=\"Des habitants arr\u00eat\u00e9s pour avoir dans\u00e9 \" class=\"wp-image-16023 lazyload\" width=\"869\" height=\"435\"\/><noscript><img decoding=\"async\" src=\"https:\/\/wncri.org\/fr\/wp-content\/uploads\/2022\/06\/4-female-singers-arrested2-min.jpg\" alt=\"Des habitants arr\u00eat\u00e9s pour avoir dans\u00e9 \" class=\"wp-image-16023 lazyload\" width=\"869\" height=\"435\" srcset=\"https:\/\/wncri.org\/fr\/wp-content\/uploads\/2022\/06\/4-female-singers-arrested2-min.jpg 750w, https:\/\/wncri.org\/fr\/wp-content\/uploads\/2022\/06\/4-female-singers-arrested2-min-300x150.jpg 300w, https:\/\/wncri.org\/fr\/wp-content\/uploads\/2022\/06\/4-female-singers-arrested2-min-360x180.jpg 360w\" sizes=\"(max-width: 869px) 100vw, 869px\" \/><\/noscript><\/figure>\n<\/div>\n\n\n<p>Le r\u00e9gime a rapport\u00e9 que le chef de la police du nord de T\u00e9h\u00e9ran a confisqu\u00e9 tous les biens de plusieurs colporteurs le 25 juin 2022, parce qu&#8217;ils avaient organis\u00e9 une danse mixte et s&#8217;\u00e9taient amus\u00e9s dans la rue. Le chef de la police a ajout\u00e9 qu&#8217;ils continuent \u00e0 collecter les colporteurs chaque nuit. (Le site d&#8217;\u00c9tat Rokna.net &#8211; 26 juin 2022)<\/p>\n\n\n\n<p>Le commandant adjoint des forces de s\u00e9curit\u00e9 de Gilan, Hossein HosseinPour, a indiqu\u00e9 que 22 touristes iraniens avaient \u00e9t\u00e9 arr\u00eat\u00e9s sur les hauteurs du comt\u00e9 d&#8217;Amlash, dans la province de Gilan. (Le site d&#8217;\u00c9tat Shahraranews.ir &#8211; 26 juin 2022)<\/p>\n\n\n\n<p>Les arrestations de touristes et d&#8217;excursionnistes ont augment\u00e9 ces derni\u00e8res semaines. Quelque 120 hommes et femmes ont \u00e9t\u00e9 arr\u00eat\u00e9s lors d&#8217;un circuit touristique parce qu&#8217;ils <a href=\"https:\/\/wncri.org\/fr\/2022\/06\/21\/120-personnes\/\" target=\"_blank\" rel=\"noreferrer noopener\">dansaient ensembl<\/a>e. Des femmes avaient retir\u00e9 leur couvre-chef dans une for\u00eat de Neka, dans la province de Gilan.\u00a0 (Le site d&#8217;\u00c9tat Tabnak.ir &#8211; 19 juin 2022)<\/p>\n","protected":false},"excerpt":{"rendered":"<p>4 chanteuses arr\u00eat\u00e9es pour avoir chant\u00e9 lors de mariages en Iran Quatre chanteuses ont \u00e9t\u00e9 arr\u00eat\u00e9es \u00e0 Minab, dans le sud de l&#8217;Iran, pour avoir chant\u00e9 lors de c\u00e9r\u00e9monies de mariage. Ebrahim Taheri, le procureur g\u00e9n\u00e9ral et r\u00e9volutionnaire de la ville de Minab, situ\u00e9e dans la province d&#8217;Hormozgan, a d\u00e9clar\u00e9 : &#8220;4 chanteuses ont \u00e9t\u00e9 [&hellip;]<\/p>\n","protected":false},"author":4,"featured_media":16024,"comment_status":"closed","ping_status":"closed","sticky":false,"template":"","format":"standard","meta":{"jnews-multi-image_gallery":[],"jnews_single_post":{"subtitle":"","format":"standard","video":"","gallery":"","source_name":"","source_url":"","via_name":"","via_url":"","override_template":"0","override":[{"template":"7","single_blog_custom":"","parallax":"1","fullscreen":"1","layout":"right-sidebar","sidebar":"default-sidebar","second_sidebar":"default-sidebar","sticky_sidebar":"1","share_position":"floatbottom","share_float_style":"share-normal","show_share_counter":"1","show_view_counter":"1","show_featured":"1","show_post_meta":"1","show_post_author":"0","show_post_author_image":"1","show_post_date":"1","post_date_format":"default","post_date_format_custom":"Y\/m\/d","show_post_category":"1","show_post_reading_time":"0","post_reading_time_wpm":"300","show_zoom_button":"0","zoom_button_out_step":"2","zoom_button_in_step":"3","show_post_tag":"1","show_prev_next_post":"0","show_popup_post":"1","number_popup_post":"1","show_author_box":"0","show_post_related":"1","show_inline_post_related":"1"}],"override_image_size":"0","image_override":[{"single_post_thumbnail_size":"crop-500","single_post_gallery_size":"crop-500"}],"trending_post":"0","trending_post_position":"meta","trending_post_label":"Trending","sponsored_post":"0","sponsored_post_label":"Sponsored by","sponsored_post_name":"","sponsored_post_url":"","sponsored_post_logo_enable":"0","sponsored_post_logo":"","sponsored_post_desc":"","disable_ad":"0"},"jnews_primary_category":{"id":""},"jnews_social_meta":{"fb_title":"","fb_description":"","fb_image":"","twitter_title":"","twitter_description":"","twitter_image":""},"jnews_override_counter":{"override_view_counter":"0","view_counter_number":"0","override_share_counter":"0","share_counter_number":"0","override_like_counter":"0","like_counter_number":"0","override_dislike_counter":"0","dislike_counter_number":"0"},"footnotes":""},"categories":[3],"tags":[376],"class_list":["post-16022","post","type-post","status-publish","format-standard","has-post-thumbnail","hentry","category-infos-des-femmes","tag-violence-contre-les-femmes"],"_links":{"self":[{"href":"https:\/\/wncri.org\/fr\/wp-json\/wp\/v2\/posts\/16022","targetHints":{"allow":["GET"]}}],"collection":[{"href":"https:\/\/wncri.org\/fr\/wp-json\/wp\/v2\/posts"}],"about":[{"href":"https:\/\/wncri.org\/fr\/wp-json\/wp\/v2\/types\/post"}],"author":[{"embeddable":true,"href":"https:\/\/wncri.org\/fr\/wp-json\/wp\/v2\/users\/4"}],"replies":[{"embeddable":true,"href":"https:\/\/wncri.org\/fr\/wp-json\/wp\/v2\/comments?post=16022"}],"version-history":[{"count":1,"href":"https:\/\/wncri.org\/fr\/wp-json\/wp\/v2\/posts\/16022\/revisions"}],"predecessor-version":[{"id":16025,"href":"https:\/\/wncri.org\/fr\/wp-json\/wp\/v2\/posts\/16022\/revisions\/16025"}],"wp:featuredmedia":[{"embeddable":true,"href":"https:\/\/wncri.org\/fr\/wp-json\/wp\/v2\/media\/16024"}],"wp:attachment":[{"href":"https:\/\/wncri.org\/fr\/wp-json\/wp\/v2\/media?parent=16022"}],"wp:term":[{"taxonomy":"category","embeddable":true,"href":"https:\/\/wncri.org\/fr\/wp-json\/wp\/v2\/categories?post=16022"},{"taxonomy":"post_tag","embeddable":true,"href":"https:\/\/wncri.org\/fr\/wp-json\/wp\/v2\/tags?post=16022"}],"curies":[{"name":"wp","href":"https:\/\/api.w.org\/{rel}","templated":true}]}}