{"id":16019,"date":"2022-06-27T17:50:27","date_gmt":"2022-06-27T15:50:27","guid":{"rendered":"https:\/\/wncri.org\/fr\/?p=16019"},"modified":"2022-06-27T17:52:37","modified_gmt":"2022-06-27T15:52:37","slug":"leau-contaminee-de-la-prison","status":"publish","type":"post","link":"https:\/\/wncri.org\/fr\/2022\/06\/27\/leau-contaminee-de-la-prison\/","title":{"rendered":"L&#8217;eau contamin\u00e9e de la prison de Qarchak rend les prisonni\u00e8res malades"},"content":{"rendered":"\n<h3 class=\"wp-block-heading\">L&#8217;eau contamin\u00e9e de la prison de Qarchak rend les prisonni\u00e8res malades<\/h3>\n\n\n\n<p>Des <a>prisonni\u00e8res <\/a>qui ont r\u00e9cemment pu b\u00e9n\u00e9ficier d&#8217;une permission de sortie ont signal\u00e9 la pr\u00e9sence d&#8217;eau contamin\u00e9e dans la prison de Qarchak.<\/p>\n\n\n\n<p>L&#8217;eau contamin\u00e9e de la prison de Qarchak a provoqu\u00e9 divers <a href=\"https:\/\/wncri.org\/fr\/2022\/06\/13\/eaux-usees-de-la-prison\/\" target=\"_blank\" rel=\"noreferrer noopener\">probl\u00e8mes<\/a> chez les prisonni\u00e8res, notamment de fortes douleurs \u00e0 l&#8217;estomac et des cloques rouges sur le corps.<\/p>\n\n\n\n<p>Selon une source inform\u00e9e, la qualit\u00e9 de l&#8217;eau dans la <a href=\"https:\/\/wncri.org\/fr\/2020\/04\/20\/regard-sur-la-situation-tragique-a-la-prison-pour-femmes-de-qarchak-en-iran\/\" target=\"_blank\" rel=\"noreferrer noopener\">prison de Qarchak<\/a> s&#8217;est d\u00e9t\u00e9rior\u00e9e par rapport aux 20 derniers jours. L&#8217;eau est devenue plus sal\u00e9e, elle a une odeur et un go\u00fbt terribles.\u00a0<\/p>\n\n\n\n<p>La situation de l&#8217;eau contamin\u00e9e dans la prison de Qarchak perdure alors que le prix de l&#8217;eau min\u00e9rale augmente au magasin de la prison, privant les prisonni\u00e8res de leur <a href=\"https:\/\/wncri.org\/fr\/2021\/10\/16\/leffet-de-la-pauvrete-sur-le-corps-et-lame-des-femmes-en-iran\/\" target=\"_blank\" rel=\"noreferrer noopener\">pouvoir d&#8217;achat.<\/a><\/p>\n\n\n\n<p><a href=\"https:\/\/wncri.org\/fr\/2022\/06\/04\/autorites-de-la-prison-de-qarchak\/\" target=\"_blank\" rel=\"noreferrer noopener\">Les autorit\u00e9s p\u00e9nitentiaires<\/a> \u00e9teignent les climatiseurs dans les salles et les couloirs sous pr\u00e9texte de <a href=\"https:\/\/wncri.org\/fr\/2021\/08\/08\/les-coupures-deau-et-delectricite-dans-la-prison-de-qarchak-rendent\/\" target=\"_blank\" rel=\"noreferrer noopener\">coupures d&#8217;eau r\u00e9p\u00e9t\u00e9es<\/a>. Ensuite, la chaleur rend plus difficile pour les prisonni\u00e8res de tol\u00e9rer des conditions sans acc\u00e8s \u00e0 l&#8217;eau.<\/p>\n\n\n\n<p>Une prisonni\u00e8re en cong\u00e9 temporaire d\u00e9clare que Soghra Khodadadi, la directrice de la <a href=\"https:\/\/wncri.org\/fr\/2020\/04\/20\/regard-sur-la-situation-tragique-a-la-prison-pour-femmes-de-qarchak-en-iran\/\" target=\"_blank\" rel=\"noreferrer noopener\">prison de Qarchak<\/a>, est tout \u00e0 fait consciente de la situation de l&#8217;eau contamin\u00e9e dans la prison de Qarchak mais d\u00e9cide d\u00e9lib\u00e9r\u00e9ment de ne pas la r\u00e9soudre. Elle sait que les prisonni\u00e8res sont pauvres et n&#8217;ont pas les moyens d&#8217;acheter de l&#8217;eau min\u00e9rale et sont oblig\u00e9es d&#8217;utiliser l&#8217;eau contamin\u00e9e dans la prison de Qarchak.<\/p>\n\n\n\n<p>La prisonni\u00e8re a \u00e9galement d\u00e9clar\u00e9 : &#8220;Lorsque les autorit\u00e9s \u00e9teignent les climatiseurs, une chaleur excessive se produit \u00e0 l&#8217;int\u00e9rieur de la prison. L&#8217;absence d&#8217;acc\u00e8s \u00e0 l&#8217;eau potable viole les droits des prisonni\u00e8res, ainsi que des dizaines d&#8217;autres. Cette situation entra\u00eene \u00e9galement une augmentation des tensions psychologiques entre les prisonni\u00e8res, et le moindre diff\u00e9rend entre eux donne lieu \u00e0 de violents affrontements.<\/p>\n\n\n\n<p>Elle poursuit : &#8220;Heshmatollah Hayat Al-Ghayb, le directeur g\u00e9n\u00e9ral des prisons de la province de T\u00e9h\u00e9ran, est-il au courant des violations g\u00e9n\u00e9ralis\u00e9es des droits des prisonni\u00e8res dans la <a href=\"https:\/\/iran-hrm.com\/2019\/06\/08\/qarchak-prison-irans-worst-for-women\/\" target=\"_blank\" rel=\"noreferrer noopener\">prison de Qarchak<\/a>, alors qu&#8217;il est assis derri\u00e8re son bureau, l&#8217;air fin ?&#8221;<\/p>\n\n\n\n<p>Puis elle a demand\u00e9 si le chef de l&#8217;inspection de la prison, qui pr\u00e9tend suivre les probl\u00e8mes des prisonni\u00e8res, pouvait boire une gorg\u00e9e de l&#8217;eau contamin\u00e9e de la prison Qarchak. &#8220;Serait-il satisfait d&#8217;avoir cette eau sal\u00e9e, malodorante et sale dans sa maison pour une journ\u00e9e ? M. Heidari, la Direction de la protection de l&#8217;information, est consciente de ces probl\u00e8mes mais d\u00e9cide de ne prendre aucune mesure pour r\u00e9soudre cette situation qui met la vie des prisonni\u00e8res en danger.&#8221;<\/p>\n\n\n\n<h3 class=\"wp-block-heading\"><strong>Exclusion d\u00e9lib\u00e9r\u00e9e de prisonni\u00e8res de la visite d&#8217;un m\u00e9decin<\/strong><\/h3>\n\n\n\n<p>Une personne proche de la famille d&#8217;une prisonni\u00e8re politique d\u00e9tenue \u00e0 la <a href=\"https:\/\/wncri.org\/fr\/2020\/04\/20\/regard-sur-la-situation-tragique-a-la-prison-pour-femmes-de-qarchak-en-iran\/\" target=\"_blank\" rel=\"noreferrer noopener\">prison de Qarchak<\/a> a donn\u00e9 des d\u00e9tails sur le quartier 8.<\/p>\n\n\n\n<p>La source a d\u00e9clar\u00e9 que lorsque les m\u00e9decins pasdarans se sont rendus \u00e0 la <a href=\"https:\/\/wncri.org\/fr\/2020\/04\/20\/regard-sur-la-situation-tragique-a-la-prison-pour-femmes-de-qarchak-en-iran\/\" target=\"_blank\" rel=\"noreferrer noopener\">prison de Qarchak<\/a>, les autorit\u00e9s p\u00e9nitentiaires ne les ont pas autoris\u00e9s \u00e0 entrer dans le quartier 8, o\u00f9 sont d\u00e9tenues les prisonni\u00e8res politiques. Elles ne les ont pas non plus laiss\u00e9s voir les d\u00e9tenues des quartiers 4 et 7. Les autorit\u00e9s ont emp\u00each\u00e9 les m\u00e9decins de mener leur enqu\u00eate sur les prisonni\u00e8res.<\/p>\n\n\n\n<p>&#8220;Lorsque les dentistes des pasdarans se sont rendus \u00e0 la prison de Qarchak il y a quelque temps pour obtenir les statistiques des prisonni\u00e8res <a href=\"https:\/\/wncri.org\/fr\/2022\/05\/24\/rapport-damnesty-international\/\" target=\"_blank\" rel=\"noreferrer noopener\">n\u00e9cessitant un traitement<\/a>, les autorit\u00e9s p\u00e9nitentiaires ont \u00e0 nouveau emp\u00each\u00e9 toute visite du pavillon 8&#8243;, a d\u00e9clar\u00e9 la source.<\/p>\n","protected":false},"excerpt":{"rendered":"<p>L&#8217;eau contamin\u00e9e de la prison de Qarchak rend les prisonni\u00e8res malades Des prisonni\u00e8res qui ont r\u00e9cemment pu b\u00e9n\u00e9ficier d&#8217;une permission de sortie ont signal\u00e9 la pr\u00e9sence d&#8217;eau contamin\u00e9e dans la prison de Qarchak. L&#8217;eau contamin\u00e9e de la prison de Qarchak a provoqu\u00e9 divers probl\u00e8mes chez les prisonni\u00e8res, notamment de fortes douleurs \u00e0 l&#8217;estomac et des [&hellip;]<\/p>\n","protected":false},"author":4,"featured_media":15846,"comment_status":"closed","ping_status":"closed","sticky":false,"template":"","format":"standard","meta":{"jnews-multi-image_gallery":[],"jnews_single_post":{"subtitle":"","format":"standard","video":"","gallery":"","source_name":"","source_url":"","via_name":"","via_url":"","override_template":"0","override":[{"template":"7","single_blog_custom":"","parallax":"1","fullscreen":"1","layout":"right-sidebar","sidebar":"default-sidebar","second_sidebar":"default-sidebar","sticky_sidebar":"1","share_position":"floatbottom","share_float_style":"share-normal","show_share_counter":"1","show_view_counter":"1","show_featured":"1","show_post_meta":"1","show_post_author":"0","show_post_author_image":"1","show_post_date":"1","post_date_format":"default","post_date_format_custom":"Y\/m\/d","show_post_category":"1","show_post_reading_time":"0","post_reading_time_wpm":"300","show_zoom_button":"0","zoom_button_out_step":"2","zoom_button_in_step":"3","show_post_tag":"1","show_prev_next_post":"0","show_popup_post":"1","number_popup_post":"1","show_author_box":"0","show_post_related":"1","show_inline_post_related":"1"}],"override_image_size":"0","image_override":[{"single_post_thumbnail_size":"crop-500","single_post_gallery_size":"crop-500"}],"trending_post":"0","trending_post_position":"meta","trending_post_label":"Trending","sponsored_post":"0","sponsored_post_label":"Sponsored by","sponsored_post_name":"","sponsored_post_url":"","sponsored_post_logo_enable":"0","sponsored_post_logo":"","sponsored_post_desc":"","disable_ad":"0"},"jnews_primary_category":{"id":""},"jnews_social_meta":{"fb_title":"","fb_description":"","fb_image":"","twitter_title":"","twitter_description":"","twitter_image":""},"jnews_override_counter":{"override_view_counter":"0","view_counter_number":"0","override_share_counter":"0","share_counter_number":"0","override_like_counter":"0","like_counter_number":"0","override_dislike_counter":"0","dislike_counter_number":"0"},"footnotes":""},"categories":[3],"tags":[370],"class_list":["post-16019","post","type-post","status-publish","format-standard","has-post-thumbnail","hentry","category-infos-des-femmes","tag-prisonnieres"],"_links":{"self":[{"href":"https:\/\/wncri.org\/fr\/wp-json\/wp\/v2\/posts\/16019","targetHints":{"allow":["GET"]}}],"collection":[{"href":"https:\/\/wncri.org\/fr\/wp-json\/wp\/v2\/posts"}],"about":[{"href":"https:\/\/wncri.org\/fr\/wp-json\/wp\/v2\/types\/post"}],"author":[{"embeddable":true,"href":"https:\/\/wncri.org\/fr\/wp-json\/wp\/v2\/users\/4"}],"replies":[{"embeddable":true,"href":"https:\/\/wncri.org\/fr\/wp-json\/wp\/v2\/comments?post=16019"}],"version-history":[{"count":1,"href":"https:\/\/wncri.org\/fr\/wp-json\/wp\/v2\/posts\/16019\/revisions"}],"predecessor-version":[{"id":16020,"href":"https:\/\/wncri.org\/fr\/wp-json\/wp\/v2\/posts\/16019\/revisions\/16020"}],"wp:featuredmedia":[{"embeddable":true,"href":"https:\/\/wncri.org\/fr\/wp-json\/wp\/v2\/media\/15846"}],"wp:attachment":[{"href":"https:\/\/wncri.org\/fr\/wp-json\/wp\/v2\/media?parent=16019"}],"wp:term":[{"taxonomy":"category","embeddable":true,"href":"https:\/\/wncri.org\/fr\/wp-json\/wp\/v2\/categories?post=16019"},{"taxonomy":"post_tag","embeddable":true,"href":"https:\/\/wncri.org\/fr\/wp-json\/wp\/v2\/tags?post=16019"}],"curies":[{"name":"wp","href":"https:\/\/api.w.org\/{rel}","templated":true}]}}