{"id":16007,"date":"2022-06-25T16:38:00","date_gmt":"2022-06-25T14:38:00","guid":{"rendered":"https:\/\/wncri.org\/fr\/?p=16007"},"modified":"2022-06-26T16:56:46","modified_gmt":"2022-06-26T14:56:46","slug":"les-victimes-les-plus-innocentes","status":"publish","type":"post","link":"https:\/\/wncri.org\/fr\/2022\/06\/25\/les-victimes-les-plus-innocentes\/","title":{"rendered":"Les prisonni\u00e8res politiques, les victimes les plus innocentes de la torture en Iran"},"content":{"rendered":"\n<h3 class=\"wp-block-heading\"><strong>Les prisonni\u00e8res politiques, les victimes les plus innocentes de la torture en Iran<\/strong><\/h3>\n\n\n\n<p>Les Nations unies ont d\u00e9clar\u00e9 le 26 juin <a href=\"https:\/\/www.un.org\/fr\/observances\/torture-victims-day\" target=\"_blank\" rel=\"noreferrer noopener\">Journ\u00e9e internationale pour le soutien aux victimes de la torture<\/a>. Cette journ\u00e9e marque le moment o\u00f9, en 1987, la Convention des Nations unies contre la torture et autres peines ou traitements cruels, inhumains ou d\u00e9gradants est entr\u00e9e en vigueur.<\/p>\n\n\n\n<p>En 1997, l&#8217;Assembl\u00e9e g\u00e9n\u00e9rale des Nations unies a mis en \u0153uvre la convention et d\u00e9clar\u00e9 le 26 juin journ\u00e9e de soutien aux victimes de la torture. En cette journ\u00e9e internationale, nous examinerons la situation des femmes <a href=\"https:\/\/wncri.org\/2022\/03\/01\/iranian-women-lead\/\" target=\"_blank\" rel=\"noreferrer noopener\">prisonni\u00e8res politiques<\/a>, qui comptent parmi les victimes les plus opprim\u00e9es de la torture en Iran.<\/p>\n\n\n\n<p>Sous le r\u00e9gime des mollahs, ces femmes ont constamment \u00e9t\u00e9 soumises \u00e0 <a href=\"https:\/\/wncri.org\/fr\/2019\/05\/20\/les-femmes-en-quete-de-justice-tendances-arbitraires-et-illegales-dans-les-prisons-iraniennes\/\" target=\"_blank\" rel=\"noreferrer noopener\">de fortes pressions et \u00e0 des harc\u00e8lements.<\/a> Elles sont victimes de cette condition terrible et douloureuse. La torture brutale des femmes emprisonn\u00e9es est une honte majeure dans le bilan de la dictature des mollahs.<\/p>\n\n\n\n<h3 class=\"wp-block-heading\"><strong>Plus de 45 types de torture pratiqu\u00e9s sur les prisonniers politiques en Iran<\/strong><\/h3>\n\n\n\n<p>Le r\u00e9gime iranien utilise plus de <a href=\"https:\/\/wncri.org\/fr\/2018\/09\/15\/hengameh-haj-hassan-une-heroine-dans-la-cage\/\" target=\"_blank\" rel=\"noreferrer noopener\">45 types de torture<\/a> contre les prisonniers politiques.\u00a0<\/p>\n\n\n\n<p>Depuis les ann\u00e9es 1980, la flagellation, les coups, la suspension au plafond, les br\u00fblures, l&#8217;insertion d&#8217;objets tranchants (y compris des objets m\u00e9talliques chauds) dans le corps, l&#8217;arrachage des ongles, le viol, l&#8217;arrachage des yeux, l&#8217;amputation et les simulacres d&#8217;ex\u00e9cution sont des pratiques courantes.<\/p>\n\n\n\n<p>La pression et la torture exerc\u00e9es sur les <a href=\"https:\/\/wncri.org\/2021\/06\/25\/ebrahim-raisi-must-be-brought-to-justice-for-crimes-against-humanity\/\" target=\"_blank\" rel=\"noreferrer noopener\">femmes dans les prisons<\/a> ont toujours \u00e9t\u00e9 accompagn\u00e9es d&#8217;une double brutalit\u00e9 et s\u00e9v\u00e9rit\u00e9. Par exemple, les femmes sont viol\u00e9es devant leur mari et les <a href=\"https:\/\/wncri.org\/2015\/08\/18\/the-names-of-some-of-the-pmoi-women-who-were-executed-while-pregnant-by-the-iranian-regime\/\" target=\"_blank\" rel=\"noreferrer noopener\">femmes enceintes<\/a> sont tortur\u00e9es et abattues.<\/p>\n\n\n\n<p>Une autre tactique utilis\u00e9e par le r\u00e9gime contre les victimes de la torture en Iran, <a href=\"https:\/\/wncri.org\/fr\/2022\/06\/19\/resistance-pour-la-liberte\/\" target=\"_blank\" rel=\"noreferrer noopener\">en particulier les femmes,<\/a> consiste \u00e0 ne pas savoir o\u00f9 elles se trouvent et \u00e0 les transf\u00e9rer \u00e0 l&#8217;isolement afin de les soumettre \u00e0 des pressions psychologiques.<\/p>\n\n\n\n<p>Une fois qu&#8217;un prisonnier est isol\u00e9 en prison, il n&#8217;a acc\u00e8s \u00e0 personne. Cet isolement cr\u00e9e une situation psychologique inqui\u00e9tante pour le prisonnier.<\/p>\n\n\n\n<p>Les femmes d\u00e9tenues sont r\u00e9guli\u00e8rement insult\u00e9es, humili\u00e9es et menac\u00e9es de viol. Toutes ces tactiques sont des exemples clairs de torture \u00e0 l&#8217;encontre des <a href=\"https:\/\/wncri.org\/2022\/03\/01\/iranian-women-lead\/\" target=\"_blank\" rel=\"noreferrer noopener\">femmes emprisonn\u00e9es<\/a> en Iran.<\/p>\n\n\n\n<p>Refus de traitement m\u00e9dical et de m\u00e9dicaments, mauvaise hygi\u00e8ne et manque de ventilation<\/p>\n\n\n\n<p>Le refus de traitement et de m\u00e9dicaments et la d\u00e9t\u00e9rioration des conditions sanitaires sont des exemples clairs de tactiques de torture couramment utilis\u00e9es dans les prisons iraniennes. Le r\u00e9gime des mollahs utilise ces tactiques pour exercer une pression constante sur les prisonni\u00e8res.<\/p>\n\n\n\n<h3 class=\"wp-block-heading\"><strong>La surpopulation des prisonniers<\/strong><\/h3>\n\n\n\n<p>Au cours des 43 ann\u00e9es de r\u00e8gne des mollahs, l&#8217;Organisation des prisons et le pouvoir judiciaire ont poursuivi une strat\u00e9gie consistant \u00e0 surpeupler d\u00e9lib\u00e9r\u00e9ment les <a href=\"https:\/\/wncri.org\/fr\/2021\/12\/10\/les-conditions-des-femmes-prisons\/\" target=\"_blank\" rel=\"noreferrer noopener\">prisons<\/a> afin d&#8217;accro\u00eetre la torture physique et psychologique et de terroriser la soci\u00e9t\u00e9.<\/p>\n\n\n\n<p>\u00c0 la <a href=\"https:\/\/wncri.org\/fr\/2022\/06\/24\/prison-pour-femmes-de-qarchak\/\" target=\"_blank\" rel=\"noreferrer noopener\">prison de Qarchak<\/a> \u00e0 <a href=\"https:\/\/wncri.org\/fr\/2022\/06\/13\/eaux-usees-de-la-prison\/\" target=\"_blank\" rel=\"noreferrer noopener\">Varamin,<\/a> pas moins de soixante prisonni\u00e8res sont d\u00e9tenues dans la minuscule salle de quarantaine. La R\u00e9sistance iranienne a diffus\u00e9 100 photos documentaires de prisons dans 23 provinces sous la supervision du pouvoir judiciaire. Les photos offrent une preuve suppl\u00e9mentaire des conditions d\u00e9plorables des prisonni\u00e8res.<\/p>\n\n\n\n<h3 class=\"wp-block-heading\"><strong>Les conditions horribles des femmes victimes de la torture en Iran<\/strong><\/h3>\n\n\n<div class=\"wp-block-image\">\n<figure class=\"aligncenter size-full\"><img decoding=\"async\" src=\"data:image\/gif;base64,R0lGODlhAQABAIAAAAAAAP\/\/\/yH5BAEAAAAALAAAAAABAAEAAAIBRAA7\" data-src=\"https:\/\/wncri.org\/fr\/wp-content\/uploads\/2022\/06\/Zeinab-Jalalian-Zeynab-Jalalian-min.jpg\" alt=\"Zeinab Jalalian\" class=\"wp-image-16017 lazyload\"\/><noscript><img decoding=\"async\" width=\"750\" height=\"375\" src=\"https:\/\/wncri.org\/fr\/wp-content\/uploads\/2022\/06\/Zeinab-Jalalian-Zeynab-Jalalian-min.jpg\" alt=\"Zeinab Jalalian\" class=\"wp-image-16017 lazyload\" srcset=\"https:\/\/wncri.org\/fr\/wp-content\/uploads\/2022\/06\/Zeinab-Jalalian-Zeynab-Jalalian-min.jpg 750w, https:\/\/wncri.org\/fr\/wp-content\/uploads\/2022\/06\/Zeinab-Jalalian-Zeynab-Jalalian-min-300x150.jpg 300w, https:\/\/wncri.org\/fr\/wp-content\/uploads\/2022\/06\/Zeinab-Jalalian-Zeynab-Jalalian-min-360x180.jpg 360w\" sizes=\"(max-width: 750px) 100vw, 750px\" \/><\/noscript><figcaption>Zeinab Jalalian<\/figcaption><\/figure>\n<\/div>\n\n\n<h3 class=\"wp-block-heading\"><strong>Zeinab Jalalian<\/strong><\/h3>\n\n\n\n<p>L&#8217;une des victimes de la torture en Iran est Zeinab Jalalian, une prisonni\u00e8re politique kurde qui est en captivit\u00e9 depuis 2007 sans aucun jour de libert\u00e9 conditionnelle.<\/p>\n\n\n\n<p>Zeinab Jalalian subit une pression physique et mentale extr\u00eame depuis 15 ans. Elle a \u00e9t\u00e9 soumise \u00e0 la flagellation, et son front a \u00e9t\u00e9 fractur\u00e9 lorsqu&#8217;elle a \u00e9t\u00e9 cogn\u00e9e contre un mur. Elle a \u00e9t\u00e9 menac\u00e9e de viol et forc\u00e9e \u00e0 faire de faux aveux. Pour ajouter \u00e0 ces formes de torture, les responsables de la prison ont maintenu Zeinab \u00e0 l&#8217;isolement pendant des mois.<\/p>\n\n\n\n<p><a href=\"https:\/\/wncri.org\/fr\/2021\/05\/15\/zeinab-jalalian-dans-un-etat-de-sante-catastrophique-apres-avoir\/\" target=\"_blank\" rel=\"noreferrer noopener\">Zeinab souffre de diverses maladies<\/a>, notamment d&#8217;asthme, de pt\u00e9rygion, de muguet et de troubles gastro-intestinaux. Elle a \u00e9galement contract\u00e9 le coronavirus et n&#8217;a jamais \u00e9t\u00e9 trait\u00e9e pour cela.<\/p>\n\n\n\n<p>Le minist\u00e8re des Renseignements a accept\u00e9 d&#8217;autoriser Zeinab \u00e0 se faire soigner hors de prison, \u00e0 condition qu&#8217;elle exprime des regrets, qu&#8217;elle coop\u00e8re avec le minist\u00e8re des Renseignements et qu&#8217;elle se pr\u00e9sente \u00e0 des entretiens t\u00e9l\u00e9vis\u00e9s.<\/p>\n\n\n\n<p>La famille Jalalian est extr\u00eamement pr\u00e9occup\u00e9e par l&#8217;\u00e9tat de sant\u00e9 de Zainab. Selon une source fiable, le 12 janvier 2022, Zeinab Jalalian s&#8217;est vu refuser le droit de contacter sa famille malgr\u00e9 son \u00e9tat physique et mental. Elle est d\u00e9tenue <a href=\"https:\/\/wncri.org\/fr\/2022\/01\/12\/zeinab-jalalian-detenue-depuis-530-jours-au-secret\/\" target=\"_blank\" rel=\"noreferrer noopener\">au secret depuis 530 jours<\/a>, et aucune information sur son \u00e9tat de sant\u00e9 n&#8217;est disponible.<\/p>\n\n\n<div class=\"wp-block-image\">\n<figure class=\"aligncenter size-full is-resized\"><img decoding=\"async\" src=\"data:image\/gif;base64,R0lGODlhAQABAIAAAAAAAP\/\/\/yH5BAEAAAAALAAAAAABAAEAAAIBRAA7\" data-src=\"https:\/\/wncri.org\/fr\/wp-content\/uploads\/2022\/06\/Political-prisoner-Maryam-Akbari-Monfared-min.jpg\" alt=\"Maryam Akbari Monfared\" class=\"wp-image-16011 lazyload\" width=\"769\" height=\"385\"\/><noscript><img decoding=\"async\" src=\"https:\/\/wncri.org\/fr\/wp-content\/uploads\/2022\/06\/Political-prisoner-Maryam-Akbari-Monfared-min.jpg\" alt=\"Maryam Akbari Monfared\" class=\"wp-image-16011 lazyload\" width=\"769\" height=\"385\" srcset=\"https:\/\/wncri.org\/fr\/wp-content\/uploads\/2022\/06\/Political-prisoner-Maryam-Akbari-Monfared-min.jpg 750w, https:\/\/wncri.org\/fr\/wp-content\/uploads\/2022\/06\/Political-prisoner-Maryam-Akbari-Monfared-min-300x150.jpg 300w, https:\/\/wncri.org\/fr\/wp-content\/uploads\/2022\/06\/Political-prisoner-Maryam-Akbari-Monfared-min-360x180.jpg 360w\" sizes=\"(max-width: 769px) 100vw, 769px\" \/><\/noscript><figcaption>Maryam Akbari Monfared<\/figcaption><\/figure>\n<\/div>\n\n\n<h3 class=\"wp-block-heading\"><strong>Maryam Akbari Monfared<\/strong><\/h3>\n\n\n\n<p>Les fr\u00e8res et s\u0153urs de Maryam Akbari-Monfared ont disparu de force et ont \u00e9t\u00e9 secr\u00e8tement ex\u00e9cut\u00e9s de mani\u00e8re extrajudiciaire, en 1980 et 1988. Bien qu&#8217;elle soit m\u00e8re de trois grandes filles, Maryam est emprisonn\u00e9e depuis 13 ans sans aucun jour de cong\u00e9.<\/p>\n\n\n\n<p>Les lois du r\u00e9gime pr\u00e9voient qu&#8217;elle sera lib\u00e9r\u00e9e apr\u00e8s avoir purg\u00e9 les deux tiers de sa peine de 15 ans. Cependant, le minist\u00e8re des Renseignements continue d&#8217;emp\u00eacher sa lib\u00e9ration et d&#8217;imposer des conditions plus dures \u00e0 cette prisonni\u00e8re politique.<\/p>\n\n\n\n<p>Maryam est en exil \u00e0 <a href=\"https:\/\/iran-hrm.com\/2021\/03\/11\/political-prisoner-maryam-akbari-monfared-transferred-to-semnan-prison\/\" target=\"_blank\" rel=\"noreferrer noopener\">la prison de Semnan<\/a> depuis mars 2020.<\/p>\n\n\n\n<p>Maryam souffre d&#8217;une maladie du foie de type graisseux. N\u00e9anmoins, le minist\u00e8re des Renseignements lui a interdit de consulter un m\u00e9decin en dehors de la prison<a href=\"https:\/\/wncri.org\/fr\/2022\/06\/22\/bureau-du-procureur-devin\/\" target=\"_blank\" rel=\"noreferrer noopener\">. Maryam, l&#8217;une des victimes<\/a> de la torture en Iran, s&#8217;est vu prescrire une alimentation sp\u00e9ciale par le m\u00e9decin de la prison, mais elle n&#8217;a re\u00e7u que de la n\u00e9gligence pendant ces 1,5 an. L&#8217;\u00e9tat physique de Mme Akbari s&#8217;est consid\u00e9rablement d\u00e9t\u00e9rior\u00e9 en raison de l&#8217;absence d&#8217;une alimentation correcte et d&#8217;un acc\u00e8s aux soins.<\/p>\n\n\n\n<p>Auparavant, lorsqu&#8217;elle \u00e9tait d\u00e9tenue \u00e0 la prison d&#8217;Evin, Mme Akbari n&#8217;a pas pu se rendre chez un m\u00e9decin et n&#8217;a pas pu recevoir ses m\u00e9dicaments.<\/p>\n\n\n<div class=\"wp-block-image\">\n<figure class=\"aligncenter size-full is-resized\"><img decoding=\"async\" src=\"data:image\/gif;base64,R0lGODlhAQABAIAAAAAAAP\/\/\/yH5BAEAAAAALAAAAAABAAEAAAIBRAA7\" data-src=\"https:\/\/wncri.org\/fr\/wp-content\/uploads\/2022\/06\/Leila-Chegini-detained-in-Nowshahr-Prison-min.jpg\" alt=\"Leila Chegini\" class=\"wp-image-16009 lazyload\" width=\"839\" height=\"420\"\/><noscript><img decoding=\"async\" src=\"https:\/\/wncri.org\/fr\/wp-content\/uploads\/2022\/06\/Leila-Chegini-detained-in-Nowshahr-Prison-min.jpg\" alt=\"Leila Chegini\" class=\"wp-image-16009 lazyload\" width=\"839\" height=\"420\" srcset=\"https:\/\/wncri.org\/fr\/wp-content\/uploads\/2022\/06\/Leila-Chegini-detained-in-Nowshahr-Prison-min.jpg 750w, https:\/\/wncri.org\/fr\/wp-content\/uploads\/2022\/06\/Leila-Chegini-detained-in-Nowshahr-Prison-min-300x150.jpg 300w, https:\/\/wncri.org\/fr\/wp-content\/uploads\/2022\/06\/Leila-Chegini-detained-in-Nowshahr-Prison-min-360x180.jpg 360w\" sizes=\"(max-width: 839px) 100vw, 839px\" \/><\/noscript><figcaption>Leila Chegini<\/figcaption><\/figure>\n<\/div>\n\n\n<h3 class=\"wp-block-heading\"><strong>Leila Chegini<\/strong><\/h3>\n\n\n\n<p><a href=\"https:\/\/wncri.org\/fr\/2022\/06\/09\/leila-chegini-a-ete-soudainement\/\" target=\"_blank\" rel=\"noreferrer noopener\">Leila Chegini<\/a>, prisonni\u00e8re politique de 43 ans et m\u00e8re de deux enfants, a \u00e9t\u00e9 continuellement tortur\u00e9e et battue \u00e0 la prison de Nowchahr.<\/p>\n\n\n\n<p>Des agents des services des renseignements ont arr\u00eat\u00e9 Leila Chegini \u00e0 Karaj le 16 mars 2022 et l&#8217;ont transf\u00e9r\u00e9e au D\u00e9partement des renseignements de Sari, la capitale de la province de Mazandaran, dans le nord de l&#8217;Iran.<\/p>\n\n\n\n<p>Leila y a \u00e9t\u00e9 tortur\u00e9e et interrog\u00e9e pendant 20 jours, puis transf\u00e9r\u00e9e \u00e0 la prison de Nowchahr, o\u00f9 elle avait \u00e9t\u00e9 d\u00e9tenue dans les limbes.<\/p>\n\n\n\n<p>Elle a \u00e9t\u00e9 bless\u00e9e \u00e0 l&#8217;\u0153il, au visage et au dos. Elle n&#8217;a re\u00e7u aucun soin, et aucune enqu\u00eate n&#8217;a \u00e9t\u00e9 men\u00e9e.<\/p>\n\n\n\n<p>Une source inform\u00e9e a rapport\u00e9 : &#8220;Ses jambes sont tr\u00e8s enfl\u00e9es et meurtries, et elle peut \u00e0 peine marcher.&#8221; Leila n&#8217;a re\u00e7u aucun m\u00e9dicament ; au lieu de cela, les responsables de la prison lui donnent des drogues dangereuses qui provoquent une d\u00e9pendance.<\/p>\n\n\n<div class=\"wp-block-image\">\n<figure class=\"aligncenter size-full is-resized\"><img decoding=\"async\" src=\"data:image\/gif;base64,R0lGODlhAQABAIAAAAAAAP\/\/\/yH5BAEAAAAALAAAAAABAAEAAAIBRAA7\" data-src=\"https:\/\/wncri.org\/fr\/wp-content\/uploads\/2022\/06\/Soada-Khadirzadeh-gives-birth-in-prison-by-C-section-min.jpg\" alt=\"Soada Khadirzadeh\" class=\"wp-image-16015 lazyload\" width=\"841\" height=\"421\"\/><noscript><img decoding=\"async\" src=\"https:\/\/wncri.org\/fr\/wp-content\/uploads\/2022\/06\/Soada-Khadirzadeh-gives-birth-in-prison-by-C-section-min.jpg\" alt=\"Soada Khadirzadeh\" class=\"wp-image-16015 lazyload\" width=\"841\" height=\"421\" srcset=\"https:\/\/wncri.org\/fr\/wp-content\/uploads\/2022\/06\/Soada-Khadirzadeh-gives-birth-in-prison-by-C-section-min.jpg 750w, https:\/\/wncri.org\/fr\/wp-content\/uploads\/2022\/06\/Soada-Khadirzadeh-gives-birth-in-prison-by-C-section-min-300x150.jpg 300w, https:\/\/wncri.org\/fr\/wp-content\/uploads\/2022\/06\/Soada-Khadirzadeh-gives-birth-in-prison-by-C-section-min-360x180.jpg 360w\" sizes=\"(max-width: 841px) 100vw, 841px\" \/><\/noscript><figcaption>Soada Khadirzadeh<\/figcaption><\/figure>\n<\/div>\n\n\n<h3 class=\"wp-block-heading\"><strong>Soada Khadirzadeh<\/strong><\/h3>\n\n\n\n<p><a href=\"https:\/\/wncri.org\/fr\/2022\/06\/25\/khadirzadeh\/\" target=\"_blank\" rel=\"noreferrer noopener\">Soada Khadirzadeh<\/a>, mari\u00e9e et m\u00e8re de deux enfants, est une autre des victimes de la torture en Iran. Elle \u00e9tait enceinte d&#8217;un mois au moment de son arrestation. Elle a pass\u00e9 plus de huit mois en prison, mais la raison de son arrestation n&#8217;est toujours pas claire.<\/p>\n\n\n\n<p>Elle souffre de graves douleurs aux disques lombaires et d&#8217;une maladie cardiaque. Bien que son \u00e9tat de sant\u00e9 soit grave, les autorit\u00e9s de la prison centrale d&#8217;Ourmia ont rejet\u00e9 sa demande de lib\u00e9ration conditionnelle.<\/p>\n\n\n\n<p>Soada Khadirzadeh a entam\u00e9 <a href=\"https:\/\/wncri.org\/fr\/2022\/05\/04\/prisonniere-affaiblie-soada-khadirzadeh\/\" target=\"_blank\" rel=\"noreferrer noopener\">une gr\u00e8ve de la faim<\/a> le 26 avril 2022 pour protester contre l&#8217;incertitude de son sort.<\/p>\n\n\n\n<p>Dans un fichier audio, Soada a d\u00e9crit sa situation, d\u00e9clarant : &#8221; Pendant les premiers jours de mon arrestation au centre de d\u00e9tention des services de renseignement, j&#8217;ai subi une grave torture psychologique. On m&#8217;a manqu\u00e9 de respect et on m&#8217;a insult\u00e9e \u00e0 plusieurs reprises. Ils m&#8217;ont m\u00eame agress\u00e9e sexuellement.&#8221;<\/p>\n\n\n\n<h3 class=\"wp-block-heading\"><strong>Shelir Ahmadi<\/strong><\/h3>\n\n\n\n<p>Naqshin (Shelir) Ahmadi est originaire du village de Ghezelghopi, \u00e0 Mahabad.<\/p>\n\n\n\n<p>Le 16 mars 2022<a href=\"https:\/\/wncri.org\/fr\/2022\/05\/29\/liberation-conditionnelle\/\" target=\"_blank\" rel=\"noreferrer noopener\">, Shelir Ahmadi<\/a> a \u00e9t\u00e9 convoqu\u00e9e par le bureau des renseignements \u00e0 Naqadeh, o\u00f9 elle a \u00e9t\u00e9 battue devant son mari. Apr\u00e8s son arrestation, elle a \u00e9t\u00e9 gravement tortur\u00e9e au centre de d\u00e9tention.<\/p>\n\n\n\n<p>En mars 2022, elle devait subir une chimioth\u00e9rapie en raison de sa maladie, mais on lui a refus\u00e9 l&#8217;acc\u00e8s \u00e0 tout traitement m\u00e9dical. Sa sant\u00e9 est d\u00e9sormais gravement menac\u00e9e.&nbsp; Elle a \u00e9t\u00e9 lib\u00e9r\u00e9e du quartier des femmes de la prison centrale d&#8217;Ourmia le 8 juin 2022.<\/p>\n\n\n<div class=\"wp-block-image\">\n<figure class=\"aligncenter size-full is-resized\"><img decoding=\"async\" src=\"data:image\/gif;base64,R0lGODlhAQABAIAAAAAAAP\/\/\/yH5BAEAAAAALAAAAAABAAEAAAIBRAA7\" data-src=\"https:\/\/wncri.org\/fr\/wp-content\/uploads\/2022\/06\/prisoner-Fatemeh-Mosanna-min.jpg\" alt=\"Fatemeh Mosanna\" class=\"wp-image-16012 lazyload\" width=\"829\" height=\"415\"\/><noscript><img decoding=\"async\" src=\"https:\/\/wncri.org\/fr\/wp-content\/uploads\/2022\/06\/prisoner-Fatemeh-Mosanna-min.jpg\" alt=\"Fatemeh Mosanna\" class=\"wp-image-16012 lazyload\" width=\"829\" height=\"415\" srcset=\"https:\/\/wncri.org\/fr\/wp-content\/uploads\/2022\/06\/prisoner-Fatemeh-Mosanna-min.jpg 750w, https:\/\/wncri.org\/fr\/wp-content\/uploads\/2022\/06\/prisoner-Fatemeh-Mosanna-min-300x150.jpg 300w, https:\/\/wncri.org\/fr\/wp-content\/uploads\/2022\/06\/prisoner-Fatemeh-Mosanna-min-360x180.jpg 360w\" sizes=\"(max-width: 829px) 100vw, 829px\" \/><\/noscript><figcaption>Fatemeh Mosanna<\/figcaption><\/figure>\n<\/div>\n\n\n<h3 class=\"wp-block-heading\"><strong>Fatemeh Mosanna<\/strong><\/h3>\n\n\n\n<p>Fatemeh Mosanna, une autre des victimes de la torture en Iran, reste dans un \u00e9tat critique \u00e0 la prison d&#8217;Evin, bien qu&#8217;elle ait re\u00e7u un rapport officiel du m\u00e9decin l\u00e9giste.<\/p>\n\n\n\n<p>Cette prisonni\u00e8re politique de 53 ans souffre d&#8217;une infection intestinale et ne supporte pas les conditions difficiles de la prison. Outre une colite ulc\u00e9reuse, Fatemeh Mosanna a souffert de mauvaises conditions nutritionnelles, de tension nerveuse et de probl\u00e8mes h\u00e9patiques en raison de ses longues ann\u00e9es d&#8217;emprisonnement.<\/p>\n\n\n\n<p>Le m\u00e9decin de <a href=\"https:\/\/wncri.org\/fr\/2022\/06\/13\/4-rapporteurs-de-lonu\/$\" target=\"_blank\" rel=\"noreferrer noopener\">Fatemeh<\/a> avait d\u00e9j\u00e0 d\u00e9clar\u00e9 qu&#8217;elle ne devait pas \u00eatre sous tension, mais elle a \u00e9t\u00e9 emmen\u00e9e \u00e0 l&#8217;h\u00f4pital \u00e0 plusieurs reprises en raison de fortes douleurs et d&#8217;une fi\u00e8vre \u00e9lev\u00e9e. N\u00e9anmoins, elle a \u00e9t\u00e9 renvoy\u00e9e en prison \u00e0 chaque fois et n&#8217;a pas re\u00e7u de traitement.<\/p>\n\n\n\n<p>Le 3 avril 2022, Fatemeh a de nouveau \u00e9t\u00e9 renvoy\u00e9e \u00e0 la prison d&#8217;Evin sans recevoir son traitement complet, sur ordre d&#8217;Amin Vaziri, un responsable de la prison.<\/p>\n\n\n<div class=\"wp-block-image\">\n<figure class=\"aligncenter size-full is-resized\"><img decoding=\"async\" src=\"data:image\/gif;base64,R0lGODlhAQABAIAAAAAAAP\/\/\/yH5BAEAAAAALAAAAAABAAEAAAIBRAA7\" data-src=\"https:\/\/wncri.org\/fr\/wp-content\/uploads\/2022\/06\/prisoner-Zahra-Safaei.jpg\" alt=\"Zahra Safaei, l'une des victimes de la torture en Iran\" class=\"wp-image-16013 lazyload\" width=\"861\" height=\"431\"\/><noscript><img decoding=\"async\" src=\"https:\/\/wncri.org\/fr\/wp-content\/uploads\/2022\/06\/prisoner-Zahra-Safaei.jpg\" alt=\"Zahra Safaei, l'une des victimes de la torture en Iran\" class=\"wp-image-16013 lazyload\" width=\"861\" height=\"431\" srcset=\"https:\/\/wncri.org\/fr\/wp-content\/uploads\/2022\/06\/prisoner-Zahra-Safaei.jpg 750w, https:\/\/wncri.org\/fr\/wp-content\/uploads\/2022\/06\/prisoner-Zahra-Safaei-300x150.jpg 300w, https:\/\/wncri.org\/fr\/wp-content\/uploads\/2022\/06\/prisoner-Zahra-Safaei-360x180.jpg 360w\" sizes=\"(max-width: 861px) 100vw, 861px\" \/><\/noscript><figcaption>Zahra Safaei, l&#8217;une des victimes de la torture en Iran<\/figcaption><\/figure>\n<\/div>\n\n\n<h3 class=\"wp-block-heading\"><strong>Zahra Safaei, l&#8217;une des victimes de la torture en Iran<\/strong><\/h3>\n\n\n\n<p>Zahra Safaei souffre d&#8217;une <a href=\"https:\/\/wncri.org\/fr\/2021\/09\/10\/inquietudes-croissantes-concernant-letat-de-sante-de-zahra-safai\/\" target=\"_blank\" rel=\"noreferrer noopener\">maladie cardiaque<\/a> et vit des conditions difficiles dans la <a href=\"https:\/\/wncri.org\/fr\/2020\/04\/20\/regard-sur-la-situation-tragique-a-la-prison-pour-femmes-de-qarchak-en-iran\/\" target=\"_blank\" rel=\"noreferrer noopener\">prison de Qarchak.<\/a><\/p>\n\n\n\n<p>Elle est \u00e9galement l&#8217;une des victimes de la torture en Iran. Le 31 ao\u00fbt 2021, Zahra a eu une crise cardiaque. Son \u00e9tat de sant\u00e9 ne lui permet pas de rester en prison. Or, non seulement elle n&#8217;est pas lib\u00e9r\u00e9e sous caution, mais elle ne <a href=\"https:\/\/wncri.org\/fr\/2021\/12\/15\/la-directrice-de-la-prison-soghra-khodadadi\/\" target=\"_blank\" rel=\"noreferrer noopener\">re\u00e7oit aucun traitement.<\/a><\/p>\n\n\n\n<p>Le 12 avril 2022, il a \u00e9t\u00e9 interdit \u00e0 Mme Safaei de se rendre \u00e0 l&#8217;h\u00f4pital.<\/p>\n\n\n\n<p>Les autorit\u00e9s lui ont dit qu&#8217;elle ne pouvait pas se rendre \u00e0 l&#8217;h\u00f4pital \u00e0 moins que ses mains et ses pieds ne soient menott\u00e9s, ce qu&#8217;elle a refus\u00e9. Les autorit\u00e9s p\u00e9nitentiaires l&#8217;ont donc <a href=\"https:\/\/wncri.org\/fr\/2021\/09\/02\/transfert-durgence-de-la-prisonniere-politique-zahra-safai-a-lhopital\/\" target=\"_blank\" rel=\"noreferrer noopener\">emp\u00each\u00e9e de se rendre \u00e0 l&#8217;h\u00f4pital.<\/a><\/p>\n\n\n\n<p>Zahra Safaei a subi une angiographie et un ballon a \u00e9t\u00e9 plac\u00e9 pour elle en raison de la fermeture de deux art\u00e8res ; emp\u00eacher son traitement met donc sa vie en danger.<\/p>\n\n\n\n<p>Elle a \u00e9t\u00e9 <a href=\"https:\/\/wncri.org\/fr\/2021\/09\/10\/inquietudes-croissantes-concernant-letat-de-sante-de-zahra-safai\/\" target=\"_blank\" rel=\"noreferrer noopener\">harcel\u00e9e, attaqu\u00e9e<\/a> et <a href=\"https:\/\/wncri.org\/fr\/2020\/06\/14\/la-prisonniere-politique-zahra-safai-menacee-de-mort-par-des-criminelles-de-droit-commun\/\" target=\"_blank\" rel=\"noreferrer noopener\">menac\u00e9e de mort<\/a> \u00e0 plusieurs reprises par de dangereux criminels engag\u00e9s et incit\u00e9s par le directeur de Qarchak, Soghra Khodadadi.<\/p>\n\n\n<div class=\"wp-block-image\">\n<figure class=\"aligncenter size-full is-resized\"><img decoding=\"async\" src=\"data:image\/gif;base64,R0lGODlhAQABAIAAAAAAAP\/\/\/yH5BAEAAAAALAAAAAABAAEAAAIBRAA7\" data-src=\"https:\/\/wncri.org\/fr\/wp-content\/uploads\/2022\/06\/Khadijeh-Mehdipour-min.jpg\" alt=\"Khadijeh Mehdipour\" class=\"wp-image-16008 lazyload\" width=\"851\" height=\"426\"\/><noscript><img decoding=\"async\" src=\"https:\/\/wncri.org\/fr\/wp-content\/uploads\/2022\/06\/Khadijeh-Mehdipour-min.jpg\" alt=\"Khadijeh Mehdipour\" class=\"wp-image-16008 lazyload\" width=\"851\" height=\"426\" srcset=\"https:\/\/wncri.org\/fr\/wp-content\/uploads\/2022\/06\/Khadijeh-Mehdipour-min.jpg 750w, https:\/\/wncri.org\/fr\/wp-content\/uploads\/2022\/06\/Khadijeh-Mehdipour-min-300x150.jpg 300w, https:\/\/wncri.org\/fr\/wp-content\/uploads\/2022\/06\/Khadijeh-Mehdipour-min-360x180.jpg 360w\" sizes=\"(max-width: 851px) 100vw, 851px\" \/><\/noscript><figcaption>Khadijeh Mehdipour<\/figcaption><\/figure>\n<\/div>\n\n\n<h3 class=\"wp-block-heading\"><strong>Khadijeh Mehdipour<\/strong><\/h3>\n\n\n\n<p><a href=\"https:\/\/wncri.org\/fr\/2022\/02\/13\/les-autorites-de-la-prison-dilam-provoquent\/\" target=\"_blank\" rel=\"noreferrer noopener\">Khadijeh Mehdipour<\/a> est une prisonni\u00e8re politique de 34 ans, originaire d&#8217;Ivangharb. Des agents des services de renseignement pasdarans l&#8217;ont arr\u00eat\u00e9e le 10 octobre 2021.<\/p>\n\n\n\n<p>Bien qu&#8217;elle ait d\u00e9velopp\u00e9 une maladie coronarienne en prison, elle a \u00e9t\u00e9 priv\u00e9e de soins m\u00e9dicaux et souffre de sympt\u00f4mes tels que fi\u00e8vre, fatigue et maux de gorge.<\/p>\n\n\n\n<p>Elle a de graves probl\u00e8mes digestifs et souffre de naus\u00e9es lorsqu&#8217;elle prend de la nourriture ou m\u00eame de l&#8217;eau.<\/p>\n\n\n\n<p>Elle a perdu 8 kilos au cours des deux derniers mois.<\/p>\n\n\n\n<p>En raison de son \u00e9tat de sant\u00e9, elle doit subir des examens compl\u00e9mentaires \u00e0 T\u00e9h\u00e9ran pour sa maladie gastro-intestinale, mais le procureur de la prison s&#8217;est <a href=\"https:\/\/wncri.org\/fr\/2022\/04\/19\/khadijeh-mehdipour\/\" target=\"_blank\" rel=\"noreferrer noopener\">oppos\u00e9 \u00e0 son transfert.<\/a><\/p>\n\n\n<div class=\"wp-block-image\">\n<figure class=\"aligncenter size-full is-resized\"><img decoding=\"async\" src=\"data:image\/gif;base64,R0lGODlhAQABAIAAAAAAAP\/\/\/yH5BAEAAAAALAAAAAABAAEAAAIBRAA7\" data-src=\"https:\/\/wncri.org\/fr\/wp-content\/uploads\/2022\/06\/Nejat-Anvar-Hamidi.jpg\" alt=\"Nejat Anvar Hamidi\" class=\"wp-image-16010 lazyload\" width=\"868\" height=\"434\"\/><noscript><img decoding=\"async\" src=\"https:\/\/wncri.org\/fr\/wp-content\/uploads\/2022\/06\/Nejat-Anvar-Hamidi.jpg\" alt=\"Nejat Anvar Hamidi\" class=\"wp-image-16010 lazyload\" width=\"868\" height=\"434\" srcset=\"https:\/\/wncri.org\/fr\/wp-content\/uploads\/2022\/06\/Nejat-Anvar-Hamidi.jpg 750w, https:\/\/wncri.org\/fr\/wp-content\/uploads\/2022\/06\/Nejat-Anvar-Hamidi-300x150.jpg 300w, https:\/\/wncri.org\/fr\/wp-content\/uploads\/2022\/06\/Nejat-Anvar-Hamidi-360x180.jpg 360w\" sizes=\"(max-width: 868px) 100vw, 868px\" \/><\/noscript><figcaption>Nejat Anvar Hamidi<\/figcaption><\/figure>\n<\/div>\n\n\n<h3 class=\"wp-block-heading\"><strong>Nejat Anvar Hamidi<\/strong><\/h3>\n\n\n\n<p>La prisonni\u00e8re politique <a href=\"https:\/\/wncri.org\/fr\/2022\/01\/15\/la-prisonniere-politique-nejat-anvar-hamidi-perd-la-vue\/\" target=\"_blank\" rel=\"noreferrer noopener\">Nejat Anvar Hamidi<\/a>, \u00e2g\u00e9e de soixante-six ans, a \u00e9t\u00e9 condamn\u00e9e \u00e0 quinze ans de prison. Elle est au bord de la c\u00e9cit\u00e9 dans la <a href=\"https:\/\/wncri.org\/fr\/2021\/12\/10\/les-conditions-des-femmes-prisons\/\" target=\"_blank\" rel=\"noreferrer noopener\">prison de Sepidar<\/a> \u00e0 Ahvaz.<\/p>\n\n\n\n<p>Sur ordre du minist\u00e8re des Renseignements, elle est priv\u00e9e de soins m\u00e9dicaux et de cong\u00e9s maladie. Mme Anvar Hamidi souffre de cataractes aux deux yeux et doit \u00eatre op\u00e9r\u00e9e d&#8217;urgence.<\/p>\n\n\n\n<p>Selon des informations re\u00e7ues d&#8217;Iran le 15 janvier 2022, le m\u00e9decin de la prison a dit \u00e0 Mme Hamidi : &#8220;Vous n&#8217;avez pas besoin d&#8217;\u00eatre op\u00e9r\u00e9e tant que vous n&#8217;\u00eates pas devenue aveugle !&#8221;.<\/p>\n\n\n<div class=\"wp-block-image\">\n<figure class=\"aligncenter size-full is-resized\"><img decoding=\"async\" src=\"data:image\/gif;base64,R0lGODlhAQABAIAAAAAAAP\/\/\/yH5BAEAAAAALAAAAAABAAEAAAIBRAA7\" data-src=\"https:\/\/wncri.org\/fr\/wp-content\/uploads\/2022\/06\/rights-activist-Monireh-Arabshahi.jpg\" alt=\"Monireh Arabshahi\" class=\"wp-image-16014 lazyload\" width=\"833\" height=\"417\"\/><noscript><img decoding=\"async\" src=\"https:\/\/wncri.org\/fr\/wp-content\/uploads\/2022\/06\/rights-activist-Monireh-Arabshahi.jpg\" alt=\"Monireh Arabshahi\" class=\"wp-image-16014 lazyload\" width=\"833\" height=\"417\" srcset=\"https:\/\/wncri.org\/fr\/wp-content\/uploads\/2022\/06\/rights-activist-Monireh-Arabshahi.jpg 750w, https:\/\/wncri.org\/fr\/wp-content\/uploads\/2022\/06\/rights-activist-Monireh-Arabshahi-300x150.jpg 300w, https:\/\/wncri.org\/fr\/wp-content\/uploads\/2022\/06\/rights-activist-Monireh-Arabshahi-360x180.jpg 360w\" sizes=\"(max-width: 833px) 100vw, 833px\" \/><\/noscript><figcaption>Monireh Arabshahi<\/figcaption><\/figure>\n<\/div>\n\n\n<h3 class=\"wp-block-heading\"><strong>Monireh Arabshahi<\/strong><\/h3>\n\n\n\n<p>Le 1er mai 2022, <a href=\"https:\/\/wncri.org\/fr\/2021\/10\/08\/la-militante-des-droits-monireh-arabshahi-retourne-malade-en-prison\/\" target=\"_blank\" rel=\"noreferrer noopener\">Monireh Arabshahi<\/a>, militante civile et m\u00e8re de la prisonni\u00e8re politique Yasaman Aryani, a \u00e9t\u00e9 envoy\u00e9e \u00e0 l&#8217;h\u00f4pital Rajai de Karaj depuis la <a href=\"https:\/\/wncri.org\/fr\/2021\/12\/10\/les-conditions-des-femmes-prisons\/\" target=\"_blank\" rel=\"noreferrer noopener\">prison de Kachouii<\/a> en raison de la d\u00e9t\u00e9rioration de son \u00e9tat physique.<\/p>\n\n\n\n<p>Une source inform\u00e9e a d\u00e9clar\u00e9 : &#8220;Mme Arabshahi doit \u00eatre surveill\u00e9e en permanence par un m\u00e9decin apr\u00e8s l&#8217;op\u00e9ration et le drainage de la thyro\u00efde, et son taux d&#8217;hormones doit \u00eatre contr\u00f4l\u00e9.&#8221;<\/p>\n\n\n\n<p>Monireh a \u00e9t\u00e9 transf\u00e9r\u00e9e dans un centre m\u00e9dical civique le 14 juin 2022, en raison d&#8217;une forte baisse du taux de calcium et d&#8217;une anesth\u00e9sie locale dans son corps.<\/p>\n\n\n\n<p>Selon les m\u00e9decins, apr\u00e8s son op\u00e9ration de la thyro\u00efde, elle doit \u00eatre envoy\u00e9e dans un h\u00f4pital civique une fois tous les 10 jours pour des tests. N\u00e9anmoins, les responsables de la prison ont <a href=\"https:\/\/wncri.org\/fr\/2021\/03\/01\/les-autorites-de-la-prison-de-katchoui\/\" target=\"_blank\" rel=\"noreferrer noopener\">emp\u00each\u00e9 son envoi \u00e0 l&#8217;h\u00f4pital.<\/a><\/p>\n\n\n\n<h3 class=\"wp-block-heading\"><strong>Plus de 579 000 femmes d\u00e9tenues constamment expos\u00e9es \u00e0 la torture<\/strong><\/h3>\n\n\n\n<p>Selon des documents divulgu\u00e9s par le Conseil national de la r\u00e9sistance iranienne, le r\u00e9gime des mollahs a emprisonn\u00e9 plus de <a href=\"https:\/\/wncri.org\/fr\/2022\/05\/23\/12-millions-de-prisonniers\/\" target=\"_blank\" rel=\"noreferrer noopener\">12 millions de personnes au cours des 40 derni\u00e8res ann\u00e9es.<\/a><\/p>\n\n\n\n<p>Sur ce nombre<a href=\"https:\/\/wncri.org\/fr\/2022\/06\/03\/execution-de-quatre-femmes\/\" target=\"_blank\" rel=\"noreferrer noopener\">, 579 015 \u00e9taient des femmes.<\/a><\/p>\n\n\n\n<p>Bien entendu, ces statistiques et ces noms n&#8217;incluent pas les prisonni\u00e8res de l&#8217;Organisation des Moudjahidines du peuple d&#8217;Iran (OMPI) dans les ann\u00e9es 1980. Elles ont \u00e9t\u00e9 victimes de torture en Iran sous le r\u00e8gne de la tyrannie religieuse.<\/p>\n\n\n\n<p>Actuellement, 1 709 prisonni\u00e8res sont en \u00e9tat d&#8217;incertitude et font l&#8217;objet d&#8217;une enqu\u00eate par les services de s\u00e9curit\u00e9 de la police et le minist\u00e8re des Renseignements.<\/p>\n\n\n\n<p>Le 26 juin, Journ\u00e9e internationale pour le soutien aux victimes de la torture, <a href=\"https:\/\/wncri.org\/fr\/la-commission-des-femmes-du-cnri\/\" target=\"_blank\" rel=\"noreferrer noopener\">la Commission des femmes<\/a> du Conseil national de la r\u00e9sistance iranienne demande instamment \u00e0 tous les \u00c9tats membres de <a href=\"https:\/\/www.un.org\/fr\/\" target=\"_blank\" rel=\"noreferrer noopener\">l&#8217;ONU<\/a> et \u00e0 toutes les instances internationales de soutenir les prisonni\u00e8res politiques, qui sont des exemples manifestes de victimes de la torture en Iran.<\/p>\n\n\n\n<p><a href=\"https:\/\/wncri.org\/2020\/08\/24\/women-political-prisoners-in-the-notorious-qarchak-prison-are-in-dangerous-and-catastrophic-conditions\/\" target=\"_blank\" rel=\"noreferrer noopener\">La Commission des femmes du CNRI<\/a> appelle \u00e0 l&#8217;envoi d&#8217;une mission internationale en Iran pour visiter les prisons du r\u00e9gime et parler aux prisonniers, en particulier aux prisonni\u00e8res politiques.<\/p>\n","protected":false},"excerpt":{"rendered":"<p>Les prisonni\u00e8res politiques, les victimes les plus innocentes de la torture en Iran Les Nations unies ont d\u00e9clar\u00e9 le 26 juin Journ\u00e9e internationale pour le soutien aux victimes de la torture. Cette journ\u00e9e marque le moment o\u00f9, en 1987, la Convention des Nations unies contre la torture et autres peines ou traitements cruels, inhumains ou [&hellip;]<\/p>\n","protected":false},"author":4,"featured_media":16016,"comment_status":"closed","ping_status":"closed","sticky":false,"template":"","format":"standard","meta":{"jnews-multi-image_gallery":[],"jnews_single_post":{"subtitle":"","format":"standard","video":"","gallery":"","source_name":"","source_url":"","via_name":"","via_url":"","override_template":"0","override":[{"template":"7","single_blog_custom":"","parallax":"1","fullscreen":"1","layout":"right-sidebar","sidebar":"default-sidebar","second_sidebar":"default-sidebar","sticky_sidebar":"1","share_position":"floatbottom","share_float_style":"share-normal","show_share_counter":"1","show_view_counter":"1","show_featured":"1","show_post_meta":"1","show_post_author":"0","show_post_author_image":"1","show_post_date":"1","post_date_format":"default","post_date_format_custom":"Y\/m\/d","show_post_category":"1","show_post_reading_time":"0","post_reading_time_wpm":"300","show_zoom_button":"0","zoom_button_out_step":"2","zoom_button_in_step":"3","show_post_tag":"1","show_prev_next_post":"0","show_popup_post":"1","number_popup_post":"1","show_author_box":"0","show_post_related":"1","show_inline_post_related":"1"}],"override_image_size":"0","image_override":[{"single_post_thumbnail_size":"crop-500","single_post_gallery_size":"crop-500"}],"trending_post":"0","trending_post_position":"meta","trending_post_label":"Trending","sponsored_post":"0","sponsored_post_label":"Sponsored by","sponsored_post_name":"","sponsored_post_url":"","sponsored_post_logo_enable":"0","sponsored_post_logo":"","sponsored_post_desc":"","disable_ad":"0"},"jnews_primary_category":{"id":""},"jnews_social_meta":{"fb_title":"","fb_description":"","fb_image":"","twitter_title":"","twitter_description":"","twitter_image":""},"jnews_override_counter":{"override_view_counter":"0","view_counter_number":"0","override_share_counter":"0","share_counter_number":"0","override_like_counter":"0","like_counter_number":"0","override_dislike_counter":"0","dislike_counter_number":"0"},"footnotes":""},"categories":[8],"tags":[370,376],"class_list":["post-16007","post","type-post","status-publish","format-standard","has-post-thumbnail","hentry","category-articles","tag-prisonnieres","tag-violence-contre-les-femmes"],"_links":{"self":[{"href":"https:\/\/wncri.org\/fr\/wp-json\/wp\/v2\/posts\/16007","targetHints":{"allow":["GET"]}}],"collection":[{"href":"https:\/\/wncri.org\/fr\/wp-json\/wp\/v2\/posts"}],"about":[{"href":"https:\/\/wncri.org\/fr\/wp-json\/wp\/v2\/types\/post"}],"author":[{"embeddable":true,"href":"https:\/\/wncri.org\/fr\/wp-json\/wp\/v2\/users\/4"}],"replies":[{"embeddable":true,"href":"https:\/\/wncri.org\/fr\/wp-json\/wp\/v2\/comments?post=16007"}],"version-history":[{"count":1,"href":"https:\/\/wncri.org\/fr\/wp-json\/wp\/v2\/posts\/16007\/revisions"}],"predecessor-version":[{"id":16018,"href":"https:\/\/wncri.org\/fr\/wp-json\/wp\/v2\/posts\/16007\/revisions\/16018"}],"wp:featuredmedia":[{"embeddable":true,"href":"https:\/\/wncri.org\/fr\/wp-json\/wp\/v2\/media\/16016"}],"wp:attachment":[{"href":"https:\/\/wncri.org\/fr\/wp-json\/wp\/v2\/media?parent=16007"}],"wp:term":[{"taxonomy":"category","embeddable":true,"href":"https:\/\/wncri.org\/fr\/wp-json\/wp\/v2\/categories?post=16007"},{"taxonomy":"post_tag","embeddable":true,"href":"https:\/\/wncri.org\/fr\/wp-json\/wp\/v2\/tags?post=16007"}],"curies":[{"name":"wp","href":"https:\/\/api.w.org\/{rel}","templated":true}]}}