{"id":15998,"date":"2022-06-25T22:21:00","date_gmt":"2022-06-25T20:21:00","guid":{"rendered":"https:\/\/wncri.org\/fr\/?p=15998"},"modified":"2022-06-25T22:26:53","modified_gmt":"2022-06-25T20:26:53","slug":"khadirzadeh","status":"publish","type":"post","link":"https:\/\/wncri.org\/fr\/2022\/06\/25\/khadirzadeh\/","title":{"rendered":"La prisonni\u00e8re politique Soada Khadirzadeh menott\u00e9e au lit apr\u00e8s une c\u00e9sarienne"},"content":{"rendered":"\n<p>La prisonni\u00e8re politique Soada Khadirzadeh a donn\u00e9 naissance \u00e0 son enfant apr\u00e8s deux semaines de retard. Elle a \u00e9t\u00e9 menott\u00e9e \u00e0 son lit apr\u00e8s avoir subi une c\u00e9sarienne pour mettre au monde son enfant.<\/p>\n\n\n\n<p>Sa famille n&#8217;avait aucune information sur son \u00e9tat de sant\u00e9. Soada a \u00e9t\u00e9 maintenue en prison jusqu&#8217;\u00e0 trois heures avant d&#8217;accoucher. L&#8217;accouchement avait \u00e9t\u00e9 retard\u00e9 de deux semaines.<\/p>\n\n\n\n<p>Les jambes et les bras de Soada avaient enfl\u00e9, et la sant\u00e9 de son nouveau-n\u00e9 \u00e9tait en danger.<\/p>\n\n\n\n<p>Finalement, le lundi 20 juin 2022, \u00e0 5 heures du matin, <a href=\"https:\/\/wncri.org\/fr\/2022\/01\/14\/saada-khadirzadeh-enceinte-non-liberee-malgre-un-certificat-medical-en-iran\/\" target=\"_blank\" rel=\"noreferrer noopener\">Soada Khadirzadeh<\/a> a \u00e9t\u00e9 transf\u00e9r\u00e9e dans un centre m\u00e9dical \u00e0 Ourmia pour accoucher par c\u00e9sarienne.<\/p>\n\n\n\n<p>Elle \u00e9tait seule au moment de l&#8217;accouchement.<\/p>\n\n\n\n<h3 class=\"wp-block-heading\"><strong>Soada Khadirzadeh est retourn\u00e9e en prison 10 heures apr\u00e8s sa c\u00e9sarienne<\/strong><\/h3>\n\n\n\n<p>Soada Khadirzadeh a \u00e9t\u00e9 renvoy\u00e9e dans la soir\u00e9e au quartier des femmes de <a href=\"https:\/\/wncri.org\/fr\/2021\/12\/10\/les-conditions-des-femmes-prisons\/\" target=\"_blank\" rel=\"noreferrer noopener\">la prison centrale d&#8217;Ourmia<\/a> apr\u00e8s avoir subi une c\u00e9sarienne sans avoir termin\u00e9 son traitement. Elle est d\u00e9tenue dans des conditions inf\u00e9rieures \u00e0 la normale en prison.<\/p>\n\n\n\n<p>Les autorit\u00e9s judiciaires avaient accept\u00e9 de laisser Mme Khadirzadeh terminer son traitement et son r\u00e9tablissement partiel et de permettre \u00e0 l&#8217;\u00e9tat de son b\u00e9b\u00e9 de se stabiliser \u00e0 l&#8217;h\u00f4pital. Les services de s\u00e9curit\u00e9 ont cependant transf\u00e9r\u00e9 Mme Khadirzadeh \u00e0 la prison centrale d&#8217;Ourmia sans en informer sa famille et son avocat.<\/p>\n\n\n\n<p>Soada Khadirzadeh s&#8217;est vu refuser tout acc\u00e8s \u00e0 sa famille pendant les dix heures o\u00f9 elle a \u00e9t\u00e9 hospitalis\u00e9e. Elle n&#8217;a parl\u00e9 qu&#8217;une seule fois \u00e0 ses proches par t\u00e9l\u00e9phone.<\/p>\n\n\n\n<p>Une source bien inform\u00e9e de la prison d&#8217;Ourmia a d\u00e9clar\u00e9 au sujet de cette prisonni\u00e8re politique : &#8221; Les gardiens de la prison avaient attach\u00e9 les mains et les pieds de Soada \u00e0 son lit pendant ses dix heures d&#8217;hospitalisation. Ils n&#8217;ont d\u00e9tach\u00e9 ses mains et ses pieds qu&#8217;apr\u00e8s les protestations r\u00e9p\u00e9t\u00e9es du personnel de l&#8217;h\u00f4pital.&#8221;<\/p>\n\n\n\n<h3 class=\"wp-block-heading\"><strong>Les services des renseignements ont emp\u00each\u00e9 une hospitalisation imm\u00e9diate<\/strong><\/h3>\n\n\n\n<p>L&#8217;un des m\u00e9decins ayant rendu visite \u00e0 Soada en mai avait insist\u00e9 pour qu&#8217;elle soit imm\u00e9diatement transf\u00e9r\u00e9e dans un h\u00f4pital. Cependant, les autorit\u00e9s p\u00e9nitentiaires d&#8217;Ourmia ont emp\u00each\u00e9 son d\u00e9part pendant des semaines. Cette <a href=\"https:\/\/wncri.org\/fr\/2019\/05\/20\/les-femmes-en-quete-de-justice-tendances-arbitraires-et-illegales-dans-les-prisons-iraniennes\/\" target=\"_blank\" rel=\"noreferrer noopener\">prisonni\u00e8re politique<\/a> enceinte a donc \u00e9t\u00e9 priv\u00e9e de tout soin m\u00e9dical.<\/p>\n\n\n\n<p>Soada Khadirzadeh a entam\u00e9 une <a href=\"https:\/\/wncri.org\/fr\/2022\/05\/10\/les-autorites-de-la-prison-dourmia\/\" target=\"_blank\" rel=\"noreferrer noopener\">gr\u00e8ve de la faim<\/a> du mardi 26 avril au samedi 7 mai, pour protester contre son emprisonnement pendant sept mois sans proc\u00e8s. Elle a mis fin \u00e0 sa gr\u00e8ve apr\u00e8s 11 jours lorsque les autorit\u00e9s p\u00e9nitentiaires ont promis qu&#8217;elle serait transf\u00e9r\u00e9e dans un centre m\u00e9dical ou qu&#8217;elle b\u00e9n\u00e9ficierait d&#8217;une <a href=\"https:\/\/wncri.org\/fr\/2022\/02\/04\/la-vie-des-prisonnieres-politiques-en-danger\/\">lib\u00e9ration condit<\/a><a href=\"https:\/\/wncri.org\/fr\/2022\/02\/04\/la-vie-des-prisonnieres-politiques-en-danger\/\" target=\"_blank\" rel=\"noreferrer noopener\">i<\/a><a href=\"https:\/\/wncri.org\/fr\/2022\/02\/04\/la-vie-des-prisonnieres-politiques-en-danger\/\">onnelle<\/a> sous caution. Elle s&#8217;est \u00e9vanouie de faim au huiti\u00e8me jour de sa gr\u00e8ve de la faim.<\/p>\n\n\n\n<p>Soada Khadirzadeh avait publi\u00e9 un enregistrement audio dans lequel elle d\u00e9clarait : &#8220;J&#8217;ai \u00e9t\u00e9 retenue en otage en prison et menac\u00e9e de faire des aveux forc\u00e9s.&nbsp;<\/p>\n\n\n\n<h3 class=\"wp-block-heading\"><strong>Qui est Soada Khadirzadeh ?<\/strong><\/h3>\n\n\n\n<p>La prisonni\u00e8re politique Soada Khadirzadeh, 32 ans, est originaire de <a href=\"https:\/\/fr.wikipedia.org\/wiki\/Piranchahr\" target=\"_blank\" rel=\"noreferrer noopener\">Piranchahr<\/a>, dans la <a href=\"https:\/\/www.britannica.com\/place\/Azerbaijan-region-Iran\" target=\"_blank\" rel=\"noreferrer noopener\">province d&#8217;Azerba\u00efdjan occidental<\/a>. Elle est mari\u00e9e, a deux enfants et \u00e9tait enceinte d&#8217;un mois lorsqu&#8217;elle a \u00e9t\u00e9 arr\u00eat\u00e9e.<\/p>\n\n\n\n<p>Les forces de s\u00e9curit\u00e9 ont <a href=\"https:\/\/wncri.org\/2021\/10\/21\/arbitrary-arrest-of-a-pregnant-woman-and-a-mother-with-her-young-child\/\" target=\"_blank\" rel=\"noreferrer noopener\">arr\u00eat\u00e9<\/a> Mme Khadirzadeh le 14 octobre 2021. Jusqu&#8217;\u00e0 pr\u00e9sent, on ignore pourquoi et sur quelles charges elle a \u00e9t\u00e9 arr\u00eat\u00e9e.<\/p>\n\n\n\n<p>Le 8 novembre 2021, elle a \u00e9t\u00e9 transf\u00e9r\u00e9e du centre de d\u00e9tention des pasdarans \u00e0 la <a href=\"https:\/\/wncri.org\/fr\/2020\/10\/28\/300-prisonnieres\/\" target=\"_blank\" rel=\"noreferrer noopener\">prison centrale d&#8217;Ourmia<\/a>. Elle a \u00e9t\u00e9 priv\u00e9e de visites familiales ou de l&#8217;acc\u00e8s \u00e0 un avocat tout au long de sa d\u00e9tention.<\/p>\n\n\n\n<p>La prisonni\u00e8re politique Soada Khadirzadeh est dans un <a href=\"https:\/\/wncri.org\/fr\/2021\/11\/13\/un-coup-doeil-sur-la-situation-des-prisonnieres-politiques-en-iran\/\" target=\"_blank\" rel=\"noreferrer noopener\">\u00e9tat physique critique<\/a> et souffre d&#8217;un disque lombaire. Elle a \u00e9galement un probl\u00e8me cardiaque. N\u00e9anmoins, l&#8217;enqu\u00eateur et les autorit\u00e9s de la prison ont rejet\u00e9 sa demande de <a href=\"https:\/\/wncri.org\/fr\/2022\/01\/14\/saada-khadirzadeh-enceinte-non-liberee-malgre-un-certificat-medical-en-iran\/\" target=\"_blank\" rel=\"noreferrer noopener\">lib\u00e9ration conditionnelle<\/a>, m\u00eame sous caution.<\/p>\n","protected":false},"excerpt":{"rendered":"<p>La prisonni\u00e8re politique Soada Khadirzadeh a donn\u00e9 naissance \u00e0 son enfant apr\u00e8s deux semaines de retard. Elle a \u00e9t\u00e9 menott\u00e9e \u00e0 son lit apr\u00e8s avoir subi une c\u00e9sarienne pour mettre au monde son enfant. Sa famille n&#8217;avait aucune information sur son \u00e9tat de sant\u00e9. Soada a \u00e9t\u00e9 maintenue en prison jusqu&#8217;\u00e0 trois heures avant d&#8217;accoucher. [&hellip;]<\/p>\n","protected":false},"author":4,"featured_media":15999,"comment_status":"closed","ping_status":"closed","sticky":false,"template":"","format":"standard","meta":{"jnews-multi-image_gallery":[],"jnews_single_post":{"subtitle":"","format":"standard","video":"","gallery":"","source_name":"","source_url":"","via_name":"","via_url":"","override_template":"0","override":[{"template":"7","single_blog_custom":"","parallax":"1","fullscreen":"1","layout":"right-sidebar","sidebar":"default-sidebar","second_sidebar":"default-sidebar","sticky_sidebar":"1","share_position":"floatbottom","share_float_style":"share-normal","show_share_counter":"1","show_view_counter":"1","show_featured":"1","show_post_meta":"1","show_post_author":"0","show_post_author_image":"1","show_post_date":"1","post_date_format":"default","post_date_format_custom":"Y\/m\/d","show_post_category":"1","show_post_reading_time":"0","post_reading_time_wpm":"300","show_zoom_button":"0","zoom_button_out_step":"2","zoom_button_in_step":"3","show_post_tag":"1","show_prev_next_post":"0","show_popup_post":"1","number_popup_post":"1","show_author_box":"0","show_post_related":"1","show_inline_post_related":"1"}],"override_image_size":"0","image_override":[{"single_post_thumbnail_size":"crop-500","single_post_gallery_size":"crop-500"}],"trending_post":"0","trending_post_position":"meta","trending_post_label":"Trending","sponsored_post":"0","sponsored_post_label":"Sponsored by","sponsored_post_name":"","sponsored_post_url":"","sponsored_post_logo_enable":"0","sponsored_post_logo":"","sponsored_post_desc":"","disable_ad":"0"},"jnews_primary_category":{"id":""},"jnews_social_meta":{"fb_title":"","fb_description":"","fb_image":"","twitter_title":"","twitter_description":"","twitter_image":""},"jnews_override_counter":{"override_view_counter":"0","view_counter_number":"0","override_share_counter":"0","share_counter_number":"0","override_like_counter":"0","like_counter_number":"0","override_dislike_counter":"0","dislike_counter_number":"0"},"footnotes":""},"categories":[3],"tags":[370],"class_list":["post-15998","post","type-post","status-publish","format-standard","has-post-thumbnail","hentry","category-infos-des-femmes","tag-prisonnieres"],"_links":{"self":[{"href":"https:\/\/wncri.org\/fr\/wp-json\/wp\/v2\/posts\/15998","targetHints":{"allow":["GET"]}}],"collection":[{"href":"https:\/\/wncri.org\/fr\/wp-json\/wp\/v2\/posts"}],"about":[{"href":"https:\/\/wncri.org\/fr\/wp-json\/wp\/v2\/types\/post"}],"author":[{"embeddable":true,"href":"https:\/\/wncri.org\/fr\/wp-json\/wp\/v2\/users\/4"}],"replies":[{"embeddable":true,"href":"https:\/\/wncri.org\/fr\/wp-json\/wp\/v2\/comments?post=15998"}],"version-history":[{"count":1,"href":"https:\/\/wncri.org\/fr\/wp-json\/wp\/v2\/posts\/15998\/revisions"}],"predecessor-version":[{"id":16000,"href":"https:\/\/wncri.org\/fr\/wp-json\/wp\/v2\/posts\/15998\/revisions\/16000"}],"wp:featuredmedia":[{"embeddable":true,"href":"https:\/\/wncri.org\/fr\/wp-json\/wp\/v2\/media\/15999"}],"wp:attachment":[{"href":"https:\/\/wncri.org\/fr\/wp-json\/wp\/v2\/media?parent=15998"}],"wp:term":[{"taxonomy":"category","embeddable":true,"href":"https:\/\/wncri.org\/fr\/wp-json\/wp\/v2\/categories?post=15998"},{"taxonomy":"post_tag","embeddable":true,"href":"https:\/\/wncri.org\/fr\/wp-json\/wp\/v2\/tags?post=15998"}],"curies":[{"name":"wp","href":"https:\/\/api.w.org\/{rel}","templated":true}]}}