{"id":1599,"date":"2016-10-05T10:20:41","date_gmt":"2016-10-05T10:20:41","guid":{"rendered":"https:\/\/wncri.org\/frdev\/2016\/10\/05\/une-femme-pour-la-premiere-fois-a-la-tete-de-l-estonie\/"},"modified":"2016-10-05T10:20:41","modified_gmt":"2016-10-05T10:20:41","slug":"une-femme-pour-la-premiere-fois-a-la-tete-de-l-estonie","status":"publish","type":"post","link":"https:\/\/wncri.org\/fr\/2016\/10\/05\/une-femme-pour-la-premiere-fois-a-la-tete-de-l-estonie\/","title":{"rendered":"Une femme pour la premi\u00e8re fois \u00e0 la t\u00eate de l\u2019Estonie"},"content":{"rendered":"<p>CNRI Femmes (avec AFP) &#8211; Le Parlement estonien a \u00e9lu le 3\u00a0octobre \u00e0 la pr\u00e9sidence de la R\u00e9publique Kersti Kaljulaid et devient ainsi la premi\u00e8re femme \u00e0\u00a0<a href=\"http:\/\/conjugaison.lemonde.fr\/conjugaison\/premier-groupe\/acc%C3%A9der\/\" target=\"_blank\" rel=\"noopener\">acc\u00e9der<\/a>\u00a0\u00e0 cette fonction dans le pays.<\/p>\n<p>  <!--more-->  <\/p>\n<p>N\u00e9e le 30\u00a0d\u00e9cembre 1969 \u00e0 Tartu, Mme\u00a0Kaljulaid, qui a fait des \u00e9tudes de\u00a0<a href=\"http:\/\/www.lemonde.fr\/biologie\/\" target=\"_blank\" rel=\"noopener\">biologie<\/a> et obtenu un\u00a0<a href=\"http:\/\/www.lemonde.fr\/mba\/\" target=\"_blank\" rel=\"noopener\">MBA<\/a>\u00a0(ma\u00eetrise en administration des affaires), succ\u00e8de au lib\u00e9ral Toomas Hendrik Ilves. Entre 2004 et 2016, elle a repr\u00e9sent\u00e9 son pays \u00e0 la Cour des comptes europ\u00e9enne<\/p>\n<p>Le choix de Mme Kaljulaid est devenu possible apr\u00e8s que les six partis parlementaires aient convenu de proposer un outsider politique comme unique candidat.<\/p>\n<p>Sa r\u00e9putation en tant que professionnelle intelligente, vive et efficace, \u00e9tait d\u00e9j\u00e0 bien connue et lui a valu en 1999, le poste de conseill\u00e8re \u00e9conomique du Premier ministre &#8211; un poste qu&#8217;elle a occup\u00e9 pendant trois ans.<\/p>\n","protected":false},"excerpt":{"rendered":"<p>CNRI Femmes (avec AFP) &#8211; Le Parlement estonien a \u00e9lu le 3\u00a0octobre \u00e0 la pr\u00e9sidence de la R\u00e9publique Kersti Kaljulaid et devient ainsi la premi\u00e8re femme \u00e0\u00a0acc\u00e9der\u00a0\u00e0 cette fonction dans le pays.<\/p>\n","protected":false},"author":1,"featured_media":4158,"comment_status":"open","ping_status":"open","sticky":false,"template":"","format":"standard","meta":{"jnews-multi-image_gallery":[],"jnews_single_post":[],"jnews_primary_category":[],"jnews_social_meta":[],"jnews_override_counter":[],"footnotes":""},"categories":[3],"tags":[],"class_list":["post-1599","post","type-post","status-publish","format-standard","has-post-thumbnail","hentry","category-infos-des-femmes"],"_links":{"self":[{"href":"https:\/\/wncri.org\/fr\/wp-json\/wp\/v2\/posts\/1599","targetHints":{"allow":["GET"]}}],"collection":[{"href":"https:\/\/wncri.org\/fr\/wp-json\/wp\/v2\/posts"}],"about":[{"href":"https:\/\/wncri.org\/fr\/wp-json\/wp\/v2\/types\/post"}],"author":[{"embeddable":true,"href":"https:\/\/wncri.org\/fr\/wp-json\/wp\/v2\/users\/1"}],"replies":[{"embeddable":true,"href":"https:\/\/wncri.org\/fr\/wp-json\/wp\/v2\/comments?post=1599"}],"version-history":[{"count":0,"href":"https:\/\/wncri.org\/fr\/wp-json\/wp\/v2\/posts\/1599\/revisions"}],"wp:featuredmedia":[{"embeddable":true,"href":"https:\/\/wncri.org\/fr\/wp-json\/wp\/v2\/media\/4158"}],"wp:attachment":[{"href":"https:\/\/wncri.org\/fr\/wp-json\/wp\/v2\/media?parent=1599"}],"wp:term":[{"taxonomy":"category","embeddable":true,"href":"https:\/\/wncri.org\/fr\/wp-json\/wp\/v2\/categories?post=1599"},{"taxonomy":"post_tag","embeddable":true,"href":"https:\/\/wncri.org\/fr\/wp-json\/wp\/v2\/tags?post=1599"}],"curies":[{"name":"wp","href":"https:\/\/api.w.org\/{rel}","templated":true}]}}