{"id":1598,"date":"2016-10-04T08:56:15","date_gmt":"2016-10-04T08:56:15","guid":{"rendered":"https:\/\/wncri.org\/frdev\/2016\/10\/04\/iran-atena-daemi-ne-redoute-pas-d-etre-emprisonnee\/"},"modified":"2016-10-04T08:56:15","modified_gmt":"2016-10-04T08:56:15","slug":"iran-atena-daemi-ne-redoute-pas-d-etre-emprisonnee","status":"publish","type":"post","link":"https:\/\/wncri.org\/fr\/2016\/10\/04\/iran-atena-daemi-ne-redoute-pas-d-etre-emprisonnee\/","title":{"rendered":"Iran: Atena Daemi ne redoute pas d&#8217;\u00eatre emprisonn\u00e9e"},"content":{"rendered":"<p>CNRI Femmes \u2013 Atena Daemi civile et militante des droits des enfants en Iran a soulign\u00e9 dans une interview qu&#8217;elle n&#8217;avait pas peur de la prison et<\/p>\n<p>  <!--more-->  <\/p>\n<p>qu\u2019elle resterait sur ses positions.En r\u00e9ponse aux accusations port\u00e9es contre elle, elle a d\u00e9clar\u00e9 : En 2013, Khamenei a dit que mes crimes \u00e9taient impardonnables. Je lui ai r\u00e9pondu en disant que les meurtres commis dans ce pays et les crimes commis \u00e0 Kahrizak \u00e9taient impardonnables aux yeux de notre peuple! C\u2019est cette r\u00e9ponse qui a \u00e9t\u00e9 consid\u00e9r\u00e9 comme un outrage au leader et qui m\u2019a valu deux ans de prison.L&#8217;emprisonnement de cinq ans pour association et conspiration contre l&#8217;Etat est tomb\u00e9 parce que je participais \u00e0 des rassemblements contre la condamnation \u00e0 mort de Reyhaneh Jabbari, Arjang Davoudi et les Kurdes qui ont \u00e9t\u00e9 ex\u00e9cut\u00e9s l&#8217;ann\u00e9e derni\u00e8re.En r\u00e9ponse \u00e0 la question de savoir si elle avait peur des sept ans de prison ou si elle regrettait ce qu&#8217;elle avait fait, Atena a affirm\u00e9 : je ne regrette rien. Tant que je vivrai et que j\u2019en aurai le pouvoir, je d\u00e9fendrai les droits humains. Je n&#8217;ai pas peur ! J&#8217;ai \u00e9t\u00e9 en isolement pendant 51 jours; Je suis pass\u00e9e par les interrogatoires des pasdarans et je suis all\u00e9e en prison !<\/p>\n","protected":false},"excerpt":{"rendered":"<p>CNRI Femmes \u2013 Atena Daemi civile et militante des droits des enfants en Iran a soulign\u00e9 dans une interview qu&#8217;elle n&#8217;avait pas peur de la prison et<\/p>\n","protected":false},"author":1,"featured_media":4157,"comment_status":"open","ping_status":"open","sticky":false,"template":"","format":"standard","meta":{"jnews-multi-image_gallery":[],"jnews_single_post":[],"jnews_primary_category":[],"jnews_social_meta":[],"jnews_override_counter":[],"footnotes":""},"categories":[3],"tags":[],"class_list":["post-1598","post","type-post","status-publish","format-standard","has-post-thumbnail","hentry","category-infos-des-femmes"],"_links":{"self":[{"href":"https:\/\/wncri.org\/fr\/wp-json\/wp\/v2\/posts\/1598","targetHints":{"allow":["GET"]}}],"collection":[{"href":"https:\/\/wncri.org\/fr\/wp-json\/wp\/v2\/posts"}],"about":[{"href":"https:\/\/wncri.org\/fr\/wp-json\/wp\/v2\/types\/post"}],"author":[{"embeddable":true,"href":"https:\/\/wncri.org\/fr\/wp-json\/wp\/v2\/users\/1"}],"replies":[{"embeddable":true,"href":"https:\/\/wncri.org\/fr\/wp-json\/wp\/v2\/comments?post=1598"}],"version-history":[{"count":0,"href":"https:\/\/wncri.org\/fr\/wp-json\/wp\/v2\/posts\/1598\/revisions"}],"wp:featuredmedia":[{"embeddable":true,"href":"https:\/\/wncri.org\/fr\/wp-json\/wp\/v2\/media\/4157"}],"wp:attachment":[{"href":"https:\/\/wncri.org\/fr\/wp-json\/wp\/v2\/media?parent=1598"}],"wp:term":[{"taxonomy":"category","embeddable":true,"href":"https:\/\/wncri.org\/fr\/wp-json\/wp\/v2\/categories?post=1598"},{"taxonomy":"post_tag","embeddable":true,"href":"https:\/\/wncri.org\/fr\/wp-json\/wp\/v2\/tags?post=1598"}],"curies":[{"name":"wp","href":"https:\/\/api.w.org\/{rel}","templated":true}]}}