{"id":15932,"date":"2022-06-18T22:23:00","date_gmt":"2022-06-18T20:23:00","guid":{"rendered":"https:\/\/wncri.org\/fr\/?p=15932"},"modified":"2022-06-18T22:36:47","modified_gmt":"2022-06-18T20:36:47","slug":"4-prisonnieres-politiques","status":"publish","type":"post","link":"https:\/\/wncri.org\/fr\/2022\/06\/18\/4-prisonnieres-politiques\/","title":{"rendered":"Conditions d\u00e9plorables de 4 prisonni\u00e8res politiques dans les prisons iraniennes"},"content":{"rendered":"\n<h2 class=\"wp-block-heading\"><em>Monireh Arabshahi, Massoumeh Askari, Nargess Mansouri et Samin Ehsani sont priv\u00e9s de leurs droits en prison.<\/em><\/h2>\n\n\n\n<p>Voici une mise \u00e0 jour sur les conditions d\u00e9plorables de 4 prisonni\u00e8res politiques, Monireh Arabshahi, Massoumeh Askari, Nargess Mansouri et Samin Ehsani<\/p>\n\n\n\n<h3 class=\"wp-block-heading\"><strong>La militante civile Monireh Arabshahi<\/strong><\/h3>\n\n\n\n<p>Monireh Arabshahi, m\u00e8re du prisonni\u00e8res politique Yasaman Aryani et militante de la soci\u00e9t\u00e9 civile, a subi une forte baisse de son taux de calcium et un engourdissement de certaines parties de son corps. Apr\u00e8s cet incident, elle a \u00e9t\u00e9 transf\u00e9r\u00e9e dans un centre m\u00e9dical municipal le mardi 14 juin 2022.<\/p>\n\n\n\n<p>Une source inform\u00e9e a d\u00e9clar\u00e9 que les m\u00e9decins voulaient que Mme Arabshahi soit test\u00e9e \u00e0 l&#8217;h\u00f4pital tous les dix jours car ils avaient op\u00e9r\u00e9 sa thyro\u00efde. Mais les autorit\u00e9s p\u00e9nitentiaires ont emp\u00each\u00e9 ses visites \u00e0 l&#8217;h\u00f4pital. Finalement, les autorit\u00e9s de <a href=\"https:\/\/wncri.org\/fr\/2021\/12\/10\/les-conditions-des-femmes-prisons\/\" target=\"_blank\" rel=\"noreferrer noopener\">la prison de Kachouii<\/a> ont accept\u00e9 qu&#8217;elle soit emmen\u00e9e \u00e0 l&#8217;h\u00f4pital une fois par mois seulement.<\/p>\n\n\n\n<p>Monireh Arabshahi avait d\u00e9j\u00e0 \u00e9t\u00e9 envoy\u00e9e \u00e0 l&#8217;h\u00f4pital Rajai le 1er mai 2022, en raison de la d\u00e9t\u00e9rioration de son \u00e9tat.<\/p>\n\n\n\n<p>Monireh Arabshahi et sa fille, <a href=\"https:\/\/wncri.org\/fr\/2021\/11\/02\/yasaman-aryani-et-sa-mere-monireh-arabchahi-ne-beneficient\/\" target=\"_blank\" rel=\"noreferrer noopener\">Yasaman Aryani<\/a>, doivent passer cinq ans et demi en prison pour s&#8217;\u00eatre oppos\u00e9es au hijab obligatoire. Monireh et Yasaman ont \u00e9t\u00e9 transf\u00e9r\u00e9es de la prison d&#8217;Evin \u00e0 la prison de Kachouii \u00e0 Karaj le 22 octobre 2020.<\/p>\n\n\n\n<p>Un point sur les conditions d\u00e9plorables des 4 prisonni\u00e8res politiques dans les prisons iraniennes.<\/p>\n\n\n<div class=\"wp-block-image\">\n<figure class=\"aligncenter size-full is-resized\"><img decoding=\"async\" src=\"data:image\/gif;base64,R0lGODlhAQABAIAAAAAAAP\/\/\/yH5BAEAAAAALAAAAAABAAEAAAIBRAA7\" data-src=\"https:\/\/wncri.org\/fr\/wp-content\/uploads\/2022\/06\/Monireh-Arabshahi-min.jpg\" alt=\"La militante civile Monireh Arabshahi\" class=\"wp-image-15934 lazyload\" width=\"838\" height=\"419\"\/><noscript><img decoding=\"async\" src=\"https:\/\/wncri.org\/fr\/wp-content\/uploads\/2022\/06\/Monireh-Arabshahi-min.jpg\" alt=\"La militante civile Monireh Arabshahi\" class=\"wp-image-15934 lazyload\" width=\"838\" height=\"419\" srcset=\"https:\/\/wncri.org\/fr\/wp-content\/uploads\/2022\/06\/Monireh-Arabshahi-min.jpg 750w, https:\/\/wncri.org\/fr\/wp-content\/uploads\/2022\/06\/Monireh-Arabshahi-min-300x150.jpg 300w, https:\/\/wncri.org\/fr\/wp-content\/uploads\/2022\/06\/Monireh-Arabshahi-min-360x180.jpg 360w\" sizes=\"(max-width: 838px) 100vw, 838px\" \/><\/noscript><figcaption>Monireh Arabshahi<\/figcaption><\/figure>\n<\/div>\n\n\n<h3 class=\"wp-block-heading\"><strong>Narges Mansouri, membre du syndicat des chauffeurs de bus<\/strong><\/h3>\n\n\n\n<p><a href=\"https:\/\/wncri.org\/fr\/2020\/06\/28\/les-militantes-civiles-en-iran-visees-par-des-arrestations-et-interdictions\/\" target=\"_blank\" rel=\"noreferrer noopener\">Narges Mansouri<\/a>, militante politique et membre du syndicat des chauffeurs de bus de T\u00e9h\u00e9ran et de la banlieue, est toujours en isolement apr\u00e8s 27 jours de d\u00e9tention.<\/p>\n\n\n\n<p>Les interrogateurs l&#8217;ont s\u00e9v\u00e8rement battue au point qu&#8217;elle a crach\u00e9 du sang. Mme Mansouri se voit \u00e9galement refuser l&#8217;acc\u00e8s \u00e0 un avocat.<\/p>\n\n\n\n<p>Une source proche de la prisonni\u00e8re a d\u00e9clar\u00e9 : &#8220;Apr\u00e8s avoir \u00e9t\u00e9 arr\u00eat\u00e9e dans les zones frontali\u00e8res, Mansouri a \u00e9t\u00e9 transf\u00e9r\u00e9e \u00e0 l&#8217;isolement dans le quartier 209 de la <a href=\"https:\/\/wncri.org\/fr\/2021\/12\/10\/les-conditions-des-femmes-prisons\/\" target=\"_blank\" rel=\"noreferrer noopener\">prison d&#8217;Evin<\/a>. Les interrogateurs ont s\u00e9v\u00e8rement battu Mansouri au moins une fois pour avoir pr\u00e9tendument insult\u00e9 le guide supr\u00eame du r\u00e9gime. Elle a \u00e9t\u00e9 battue si fort qu&#8217;elle a vomi du sang&#8221;.<\/p>\n\n\n\n<p>Mohammad Moghimi, un avocat de Mme Mansouri, a \u00e9galement d\u00e9clar\u00e9 : &#8220;Narges Mansouri n&#8217;a eu acc\u00e8s au t\u00e9l\u00e9phone qu&#8217;une seule fois pendant cette p\u00e9riode. Et comme on lui a refus\u00e9 l&#8217;acc\u00e8s \u00e0 l&#8217;avocat qu&#8217;elle avait choisi, on ne dispose d&#8217;aucun d\u00e9tail sur les nouvelles accusations port\u00e9es contre elle ou sur les tortures qu&#8217;elle a subies.&#8221;<\/p>\n\n\n\n<p>L&#8217;agence de presse officielle IRNA a affirm\u00e9 le 19 mai 2022 que Narges Mansouri avait \u00e9t\u00e9 arr\u00eat\u00e9e par les forces de s\u00e9curit\u00e9 alors qu&#8217;elle traversait la fronti\u00e8re. IRNA a rapport\u00e9 que Narges Mansouri est accus\u00e9e d&#8217;avoir &#8220;pour mission de provoquer l&#8217;opinion publique en pr\u00e9parant de fausses d\u00e9clarations et en r\u00e9alisant des interviews d\u00e9form\u00e9es et provocantes visant \u00e0 cr\u00e9er le chaos et l&#8217;ins\u00e9curit\u00e9 dans le pays.&#8221;<\/p>\n\n\n\n<p>Une mise \u00e0 jour sur les conditions d\u00e9plorables des 4 prisonni\u00e8res politiques dans les prisons iraniennes.<\/p>\n\n\n\n<h3 class=\"wp-block-heading\"><strong>Massoumeh Askari est priv\u00e9e de cong\u00e9<\/strong><\/h3>\n\n\n\n<p><a href=\"https:\/\/wncri.org\/fr\/2019\/03\/01\/massoumeh-askari-enseignante-a-la-retraite-condamnee-a-5-ans-de-prison-en-iran\/\" target=\"_blank\" rel=\"noreferrer noopener\">Massoumeh Askari<\/a>, prisonni\u00e8re politique et enseignante \u00e0 la retraite, est confront\u00e9e \u00e0 de nombreuses violations de ses droits fondamentaux en tant que prisonni\u00e8re. Massoumeh se voit refuser l&#8217;acc\u00e8s aux soins m\u00e9dicaux et refuser un cong\u00e9. Mme Askari purge une peine de 5 ans \u00e0 la prison de Kachouii \u00e0 Karaj.<\/p>\n\n\n\n<p>Massoumeh Askari souffre de d\u00e9pression et de fractures \u00e0 la jambe droite n\u00e9cessitant une intervention chirurgicale. Elle a \u00e9galement besoin de faire remplacer la platine de sa jambe. Elle est l&#8217;unique tutrice de son p\u00e8re \u00e2g\u00e9, qui souffre de la maladie d&#8217;Alzheimer.<\/p>\n\n\n\n<p>Alireza, le fils de Mme Askari, a fait une tentative de suicide et a besoin de sa m\u00e8re \u00e0 ses c\u00f4t\u00e9s.<\/p>\n\n\n\n<p>Massoumeh Askari r\u00e9side \u00e0 T\u00e9h\u00e9ran mais a \u00e9t\u00e9 d\u00e9port\u00e9e \u00e0 la prison de Kachouii \u00e0 Karaj et d\u00e9tenue parmi des prisonni\u00e8res condamn\u00e9es pour des d\u00e9lits dangereux. Le principe de s\u00e9gr\u00e9gation des d\u00e9lits n&#8217;a pas \u00e9t\u00e9 appliqu\u00e9 \u00e0 Mme Askari. Pendant son s\u00e9jour en prison, des prisonni\u00e8res ordinaires l&#8217;ont battue \u00e0 plusieurs reprises.<\/p>\n\n\n\n<p>Le bureau du procureur de la prison d&#8217;Evin s&#8217;oppose \u00e0 la lib\u00e9ration conditionnelle de Massoumeh Askari, m\u00eame pour un cong\u00e9 temporaire, alors qu&#8217;elle a pass\u00e9 3,5 ans en prison sur sa peine totale de 5 ans.<\/p>\n\n\n\n<p>Massoumeh Askari a \u00e9t\u00e9 transf\u00e9r\u00e9e du quartier des femmes d&#8217;Evin \u00e0 la prison de Kachouii \u00e0 Karaj le 19 d\u00e9cembre 2021, alors qu&#8217;elle r\u00e9side \u00e0 T\u00e9h\u00e9ran.<\/p>\n\n\n\n<p>Une mise \u00e0 jour sur les conditions d\u00e9plorables des 4 prisonni\u00e8res politiques dans les prisons iraniennes.<\/p>\n\n\n<div class=\"wp-block-image\">\n<figure class=\"aligncenter size-full is-resized\"><img decoding=\"async\" src=\"data:image\/gif;base64,R0lGODlhAQABAIAAAAAAAP\/\/\/yH5BAEAAAAALAAAAAABAAEAAAIBRAA7\" data-src=\"https:\/\/wncri.org\/fr\/wp-content\/uploads\/2022\/06\/Samin-Ehsani-min.jpg\" alt=\"Samin Ehsani, une militante des droits de l'enfant\" class=\"wp-image-15935 lazyload\" width=\"803\" height=\"402\"\/><noscript><img decoding=\"async\" src=\"https:\/\/wncri.org\/fr\/wp-content\/uploads\/2022\/06\/Samin-Ehsani-min.jpg\" alt=\"Samin Ehsani, une militante des droits de l'enfant\" class=\"wp-image-15935 lazyload\" width=\"803\" height=\"402\" srcset=\"https:\/\/wncri.org\/fr\/wp-content\/uploads\/2022\/06\/Samin-Ehsani-min.jpg 750w, https:\/\/wncri.org\/fr\/wp-content\/uploads\/2022\/06\/Samin-Ehsani-min-300x150.jpg 300w, https:\/\/wncri.org\/fr\/wp-content\/uploads\/2022\/06\/Samin-Ehsani-min-360x180.jpg 360w\" sizes=\"(max-width: 803px) 100vw, 803px\" \/><\/noscript><figcaption>Samin Ehsani, une militante des droits de l&#8217;enfant<\/figcaption><\/figure>\n<\/div>\n\n\n<h3 class=\"wp-block-heading\"><strong>Samin Ehsani, une militante des droits de l&#8217;enfant<\/strong><\/h3>\n\n\n\n<p>Samin Ehsani, une militante des droits de l&#8217;enfant, a \u00e9t\u00e9 arr\u00eat\u00e9e le 15 juin 2022 et transf\u00e9r\u00e9e \u00e0 la prison d&#8217;Evin pour y purger sa peine. En plus d&#8217;\u00eatre une militante des droits de l&#8217;enfant, Mme Ehsani est une <a href=\"https:\/\/wncri.org\/fr\/2021\/05\/13\/une-bahaie-condamnee-a-8-ans-de-prison-pour-lautonomisation\/\" target=\"_blank\" rel=\"noreferrer noopener\">femme baha\u00efe.<\/a><\/p>\n\n\n\n<p>Le tribunal r\u00e9volutionnaire de T\u00e9h\u00e9ran a d\u00e9j\u00e0 condamn\u00e9 cette militante des droits de l&#8217;enfant \u00e0 5 ans de prison.<\/p>\n\n\n\n<p>Samin Ehsani avait d\u00e9j\u00e0 aid\u00e9 des enfants afghans \u00e0 acc\u00e9der \u00e0 l&#8217;\u00e9ducation, car ils sont priv\u00e9s du droit \u00e0 l&#8217;\u00e9ducation en Iran. Le tribunal s&#8217;est fond\u00e9 sur cette accusation pour lui infliger une peine de prison.<\/p>\n\n\n\n<p>Une mise \u00e0 jour sur les conditions d\u00e9plorables des 4 prisonni\u00e8res <a href=\"https:\/\/www.maryam-rajavi.com\/fr\/lonu-condamnant-les-violations-des-droits-humains-en-iran\/\" target=\"_blank\" rel=\"noreferrer noopener\">politiques<\/a> dans les prisons iraniennes.<\/p>\n","protected":false},"excerpt":{"rendered":"<p>Monireh Arabshahi, Massoumeh Askari, Nargess Mansouri et Samin Ehsani sont priv\u00e9s de leurs droits en prison. Voici une mise \u00e0 jour sur les conditions d\u00e9plorables de 4 prisonni\u00e8res politiques, Monireh Arabshahi, Massoumeh Askari, Nargess Mansouri et Samin Ehsani La militante civile Monireh Arabshahi Monireh Arabshahi, m\u00e8re du prisonni\u00e8res politique Yasaman Aryani et militante de la [&hellip;]<\/p>\n","protected":false},"author":4,"featured_media":15933,"comment_status":"closed","ping_status":"closed","sticky":false,"template":"","format":"standard","meta":{"jnews-multi-image_gallery":[],"jnews_single_post":{"subtitle":"","format":"standard","video":"","gallery":"","source_name":"","source_url":"","via_name":"","via_url":"","override_template":"0","override":[{"template":"7","single_blog_custom":"","parallax":"1","fullscreen":"1","layout":"right-sidebar","sidebar":"default-sidebar","second_sidebar":"default-sidebar","sticky_sidebar":"1","share_position":"floatbottom","share_float_style":"share-normal","show_share_counter":"1","show_view_counter":"1","show_featured":"1","show_post_meta":"1","show_post_author":"0","show_post_author_image":"1","show_post_date":"1","post_date_format":"default","post_date_format_custom":"Y\/m\/d","show_post_category":"1","show_post_reading_time":"0","post_reading_time_wpm":"300","show_zoom_button":"0","zoom_button_out_step":"2","zoom_button_in_step":"3","show_post_tag":"1","show_prev_next_post":"0","show_popup_post":"1","number_popup_post":"1","show_author_box":"0","show_post_related":"1","show_inline_post_related":"1"}],"override_image_size":"0","image_override":[{"single_post_thumbnail_size":"crop-500","single_post_gallery_size":"crop-500"}],"trending_post":"0","trending_post_position":"meta","trending_post_label":"Trending","sponsored_post":"0","sponsored_post_label":"Sponsored by","sponsored_post_name":"","sponsored_post_url":"","sponsored_post_logo_enable":"0","sponsored_post_logo":"","sponsored_post_desc":"","disable_ad":"0"},"jnews_primary_category":{"id":""},"jnews_social_meta":{"fb_title":"","fb_description":"","fb_image":"","twitter_title":"","twitter_description":"","twitter_image":""},"jnews_override_counter":{"override_view_counter":"0","view_counter_number":"0","override_share_counter":"0","share_counter_number":"0","override_like_counter":"0","like_counter_number":"0","override_dislike_counter":"0","dislike_counter_number":"0"},"footnotes":""},"categories":[3],"tags":[370],"class_list":["post-15932","post","type-post","status-publish","format-standard","has-post-thumbnail","hentry","category-infos-des-femmes","tag-prisonnieres"],"_links":{"self":[{"href":"https:\/\/wncri.org\/fr\/wp-json\/wp\/v2\/posts\/15932","targetHints":{"allow":["GET"]}}],"collection":[{"href":"https:\/\/wncri.org\/fr\/wp-json\/wp\/v2\/posts"}],"about":[{"href":"https:\/\/wncri.org\/fr\/wp-json\/wp\/v2\/types\/post"}],"author":[{"embeddable":true,"href":"https:\/\/wncri.org\/fr\/wp-json\/wp\/v2\/users\/4"}],"replies":[{"embeddable":true,"href":"https:\/\/wncri.org\/fr\/wp-json\/wp\/v2\/comments?post=15932"}],"version-history":[{"count":1,"href":"https:\/\/wncri.org\/fr\/wp-json\/wp\/v2\/posts\/15932\/revisions"}],"predecessor-version":[{"id":15936,"href":"https:\/\/wncri.org\/fr\/wp-json\/wp\/v2\/posts\/15932\/revisions\/15936"}],"wp:featuredmedia":[{"embeddable":true,"href":"https:\/\/wncri.org\/fr\/wp-json\/wp\/v2\/media\/15933"}],"wp:attachment":[{"href":"https:\/\/wncri.org\/fr\/wp-json\/wp\/v2\/media?parent=15932"}],"wp:term":[{"taxonomy":"category","embeddable":true,"href":"https:\/\/wncri.org\/fr\/wp-json\/wp\/v2\/categories?post=15932"},{"taxonomy":"post_tag","embeddable":true,"href":"https:\/\/wncri.org\/fr\/wp-json\/wp\/v2\/tags?post=15932"}],"curies":[{"name":"wp","href":"https:\/\/api.w.org\/{rel}","templated":true}]}}