{"id":15928,"date":"2022-06-16T22:53:00","date_gmt":"2022-06-16T20:53:00","guid":{"rendered":"https:\/\/wncri.org\/fr\/?p=15928"},"modified":"2022-06-17T23:06:24","modified_gmt":"2022-06-17T21:06:24","slug":"conditions-incertaines-de-trois","status":"publish","type":"post","link":"https:\/\/wncri.org\/fr\/2022\/06\/16\/conditions-incertaines-de-trois\/","title":{"rendered":"Conditions incertaines de trois prisonni\u00e8res politiques en Iran"},"content":{"rendered":"\n<h3 class=\"wp-block-heading\">Conditions incertaines de trois prisonni\u00e8res politiques en Iran<\/h3>\n\n\n\n<p>Le r\u00e9gime cl\u00e9rical iranien a intensifi\u00e9 la r\u00e9pression au cours des derniers mois en proc\u00e9dant \u00e0 des vagues d&#8217;ex\u00e9cutions massives, d&#8217;arrestations, de tortures de prisonniers et en faisant d\u00e9filer en public des jeunes hommes arr\u00eat\u00e9s de mani\u00e8re irrespectueuse. Les <a href=\"https:\/\/wncri.org\/\" target=\"_blank\" rel=\"noreferrer noopener\">femmes activistes civiles<\/a> sont parmi les principales cibles de la r\u00e9pression et des arrestations.<\/p>\n\n\n\n<p>Le pr\u00e9sent article examine bri\u00e8vement les conditions de vie de trois prisonni\u00e8res politiques, Maliheh Jafari, une \u00e9tudiante, Anisha Assadollahi, une militante syndicale, et Mojgan Bagheri, une enseignante, ces derniers jours.<\/p>\n\n\n\n<h3 class=\"wp-block-heading\"><strong>Maliheh Jafari, \u00e9tudiante<\/strong><\/h3>\n\n\n\n<p><a href=\"https:\/\/wncri.org\/fr\/2020\/03\/08\/soulevement-de-novembre-2019-en-iran-les-militantes-toujours-en-prison\/\" target=\"_blank\" rel=\"noreferrer noopener\">Maliheh Jafari<\/a> est \u00e9tudiante \u00e0 l&#8217;universit\u00e9 de T\u00e9h\u00e9ran. Elle a \u00e9t\u00e9 emmen\u00e9e \u00e0 la prison d&#8217;Evin pour y purger sa peine le 12 juin 2022, apr\u00e8s avoir \u00e9t\u00e9 convoqu\u00e9e au bureau du procureur d&#8217;Evin, \u00e0 la Direction de l&#8217;application des verdicts.<\/p>\n\n\n\n<p>Maliheh Jafari avait d\u00e9j\u00e0 \u00e9t\u00e9 condamn\u00e9e par le tribunal r\u00e9volutionnaire de T\u00e9h\u00e9ran \u00e0 six mois d&#8217;emprisonnement et \u00e0 d&#8217;autres peines telles que la copie \u00e0 la main de livres religieux.<\/p>\n\n\n\n<p>Maliheh Jafari \u00e9tait une \u00e9tudiante <a href=\"https:\/\/wncri.org\/fr\/2020\/03\/08\/soulevement-de-novembre-2019-en-iran-les-militantes-toujours-en-prison\/\" target=\"_blank\" rel=\"noreferrer noopener\">arr\u00eat\u00e9e<\/a> lors du <a href=\"https:\/\/www.iranfocus.com\/en\/tag\/iran-november-2019-protests\/\" target=\"_blank\" rel=\"noreferrer noopener\">soul\u00e8vement de novembre 2019<\/a> et lib\u00e9r\u00e9e temporairement sous caution le 1er d\u00e9cembre 2019, tout comme <a href=\"https:\/\/wncri.org\/fr\/2019\/11\/26\/nikta-esfandani-14-ans-parmi-les-450-tues-du-soulevement-en-iran\/\" target=\"_blank\" rel=\"noreferrer noopener\">Maryam Jafari<\/a> et deux autres \u00e9tudiants de l&#8217;universit\u00e9 de T\u00e9h\u00e9ran.<\/p>\n\n\n\n<h3 class=\"wp-block-heading\"><strong>Anisha Assadollahi, militante syndicale<\/strong><\/h3>\n\n\n\n<p><a href=\"https:\/\/wncri.org\/fr\/2019\/06\/21\/anisha-assadollahi-de-nouveau-arretee-en-iran-par-12-agents\/\" target=\"_blank\" rel=\"noreferrer noopener\">Anisha Assadollahi<\/a> a r\u00e9cemment re\u00e7u une br\u00e8ve visite de sa m\u00e8re apr\u00e8s 30 jours d&#8217;isolement \u00e0 la prison d&#8217;Evin. La m\u00e8re de la <a href=\"https:\/\/wncri.org\/fr\/2019\/05\/04\/au-moins-quinze-femmes-arretees-a-loccasion-de-la-journee-internationale-du-travail-en-iran\/\" target=\"_blank\" rel=\"noreferrer noopener\">militante ouvri\u00e8re<\/a> a d\u00e9clar\u00e9 qu&#8217;Anisha \u00e9tait de bonne volont\u00e9 et qu&#8217;elle protestait contre son arrestation. Sa m\u00e8re a mentionn\u00e9 qu&#8217;Anisha est toujours en isolement et que les interrogateurs lui ont dit que son interrogatoire n&#8217;\u00e9tait pas termin\u00e9. L&#8217;arrestation d&#8217;Anisha a \u00e9t\u00e9 prolong\u00e9e d&#8217;un mois.<\/p>\n\n\n\n<p>Anisha Assadollahi est enseignante, interpr\u00e8te, auteur et militante syndicale. Elle a \u00e9t\u00e9 arr\u00eat\u00e9e de nouveau et emprisonn\u00e9e depuis plus d&#8217;un mois sur la base d&#8217;accusations fallacieuses. Les forces de s\u00e9curit\u00e9 l&#8217;ont arr\u00eat\u00e9e \u00e0 son domicile \u00e0 T\u00e9h\u00e9ran le 9 mai 2022. Elle est toujours plac\u00e9e \u00e0 l&#8217;isolement dans le quartier 209, le centre de d\u00e9tention du minist\u00e8re des Renseignements \u00e0 la prison d&#8217;Evin, 37 jours apr\u00e8s son arrestation.<\/p>\n\n\n\n<h3 class=\"wp-block-heading\"><strong>Mojgan Bagheri, enseignante \u00e0 Chiraz<\/strong><\/h3>\n\n\n\n<p><a href=\"https:\/\/www.ncrius.org\/topics\/november-2019-uprising.html\" target=\"_blank\" rel=\"noreferrer noopener\">Mojgan Bagheri<\/a> est une enseignante de la province de Fars. Elle reste dans des conditions incertaines un mois apr\u00e8s son arrestation et sa d\u00e9tention dans un centre de d\u00e9tention des services de renseignement \u00e0 Chiraz. Mme Bagheri a \u00e9t\u00e9 arr\u00eat\u00e9e le 12 mai 2022, lors d&#8217;un rassemblement national d&#8217;enseignants \u00e0 Chiraz.<\/p>\n\n\n\n<h3 class=\"wp-block-heading\"><strong>Plus d&#8217;un demi-million de femmes d\u00e9tenues<\/strong><\/h3>\n\n\n\n<p>Dans une r\u00e9v\u00e9lation importante, le Conseil national de la r\u00e9sistance iranienne (CNRI) a divulgu\u00e9 une liste de <a href=\"https:\/\/wncri.org\/fr\/2022\/05\/23\/12-millions-de-prisonniers\/\" target=\"_blank\" rel=\"noreferrer noopener\">12 millions de prisonni\u00e8res<\/a> d\u00e9tenues par le r\u00e9gime cl\u00e9rical au cours des 40 derni\u00e8res ann\u00e9es. Cette liste contient les noms de 579 015 femmes.<\/p>\n\n\n\n<p>La liste des 12 millions de prisonniers comprend les noms de 2 225 personnes arr\u00eat\u00e9es et d\u00e9tenues pour leurs activit\u00e9s de soutien \u00e0 l&#8217;Organisation des Moudjahidines du peuple d&#8217;Iran (OMPI) ou pour leur appartenance pr\u00e9sum\u00e9e \u00e0 cette organisation. Plus de 400 de ces personnes ont \u00e9t\u00e9 arr\u00eat\u00e9es pendant le <a href=\"https:\/\/www.ncrius.org\/topics\/november-2019-uprising.html\" target=\"_blank\" rel=\"noreferrer noopener\">soul\u00e8vement de novembre 2019.<\/a><\/p>\n","protected":false},"excerpt":{"rendered":"<p>Conditions incertaines de trois prisonni\u00e8res politiques en Iran Le r\u00e9gime cl\u00e9rical iranien a intensifi\u00e9 la r\u00e9pression au cours des derniers mois en proc\u00e9dant \u00e0 des vagues d&#8217;ex\u00e9cutions massives, d&#8217;arrestations, de tortures de prisonniers et en faisant d\u00e9filer en public des jeunes hommes arr\u00eat\u00e9s de mani\u00e8re irrespectueuse. Les femmes activistes civiles sont parmi les principales cibles [&hellip;]<\/p>\n","protected":false},"author":4,"featured_media":15929,"comment_status":"closed","ping_status":"closed","sticky":false,"template":"","format":"standard","meta":{"jnews-multi-image_gallery":[],"jnews_single_post":{"subtitle":"","format":"standard","video":"","gallery":"","source_name":"","source_url":"","via_name":"","via_url":"","override_template":"0","override":[{"template":"7","single_blog_custom":"","parallax":"1","fullscreen":"1","layout":"right-sidebar","sidebar":"default-sidebar","second_sidebar":"default-sidebar","sticky_sidebar":"1","share_position":"floatbottom","share_float_style":"share-normal","show_share_counter":"1","show_view_counter":"1","show_featured":"1","show_post_meta":"1","show_post_author":"0","show_post_author_image":"1","show_post_date":"1","post_date_format":"default","post_date_format_custom":"Y\/m\/d","show_post_category":"1","show_post_reading_time":"0","post_reading_time_wpm":"300","show_zoom_button":"0","zoom_button_out_step":"2","zoom_button_in_step":"3","show_post_tag":"1","show_prev_next_post":"0","show_popup_post":"1","number_popup_post":"1","show_author_box":"0","show_post_related":"1","show_inline_post_related":"1"}],"override_image_size":"0","image_override":[{"single_post_thumbnail_size":"crop-500","single_post_gallery_size":"crop-500"}],"trending_post":"0","trending_post_position":"meta","trending_post_label":"Trending","sponsored_post":"0","sponsored_post_label":"Sponsored by","sponsored_post_name":"","sponsored_post_url":"","sponsored_post_logo_enable":"0","sponsored_post_logo":"","sponsored_post_desc":"","disable_ad":"0"},"jnews_primary_category":{"id":""},"jnews_social_meta":{"fb_title":"","fb_description":"","fb_image":"","twitter_title":"","twitter_description":"","twitter_image":""},"jnews_override_counter":{"override_view_counter":"0","view_counter_number":"0","override_share_counter":"0","share_counter_number":"0","override_like_counter":"0","like_counter_number":"0","override_dislike_counter":"0","dislike_counter_number":"0"},"footnotes":""},"categories":[3],"tags":[370],"class_list":["post-15928","post","type-post","status-publish","format-standard","has-post-thumbnail","hentry","category-infos-des-femmes","tag-prisonnieres"],"_links":{"self":[{"href":"https:\/\/wncri.org\/fr\/wp-json\/wp\/v2\/posts\/15928","targetHints":{"allow":["GET"]}}],"collection":[{"href":"https:\/\/wncri.org\/fr\/wp-json\/wp\/v2\/posts"}],"about":[{"href":"https:\/\/wncri.org\/fr\/wp-json\/wp\/v2\/types\/post"}],"author":[{"embeddable":true,"href":"https:\/\/wncri.org\/fr\/wp-json\/wp\/v2\/users\/4"}],"replies":[{"embeddable":true,"href":"https:\/\/wncri.org\/fr\/wp-json\/wp\/v2\/comments?post=15928"}],"version-history":[{"count":1,"href":"https:\/\/wncri.org\/fr\/wp-json\/wp\/v2\/posts\/15928\/revisions"}],"predecessor-version":[{"id":15930,"href":"https:\/\/wncri.org\/fr\/wp-json\/wp\/v2\/posts\/15928\/revisions\/15930"}],"wp:featuredmedia":[{"embeddable":true,"href":"https:\/\/wncri.org\/fr\/wp-json\/wp\/v2\/media\/15929"}],"wp:attachment":[{"href":"https:\/\/wncri.org\/fr\/wp-json\/wp\/v2\/media?parent=15928"}],"wp:term":[{"taxonomy":"category","embeddable":true,"href":"https:\/\/wncri.org\/fr\/wp-json\/wp\/v2\/categories?post=15928"},{"taxonomy":"post_tag","embeddable":true,"href":"https:\/\/wncri.org\/fr\/wp-json\/wp\/v2\/tags?post=15928"}],"curies":[{"name":"wp","href":"https:\/\/api.w.org\/{rel}","templated":true}]}}