{"id":1590,"date":"2016-10-02T12:43:40","date_gmt":"2016-10-02T12:43:40","guid":{"rendered":"https:\/\/wncri.org\/frdev\/2016\/10\/02\/iran-appel-a-des-soins-pour-la-prisonniere-politique-zeinab-jalalian\/"},"modified":"2016-10-02T12:43:40","modified_gmt":"2016-10-02T12:43:40","slug":"iran-appel-a-des-soins-pour-la-prisonniere-politique-zeinab-jalalian","status":"publish","type":"post","link":"https:\/\/wncri.org\/fr\/2016\/10\/02\/iran-appel-a-des-soins-pour-la-prisonniere-politique-zeinab-jalalian\/","title":{"rendered":"Iran: Appel \u00e0 des soins pour la prisonni\u00e8re politique Zeinab Jalalian"},"content":{"rendered":"<p>CNRI Femmes \u2013 Dans un communiqu\u00e9 publi\u00e9 le 30 septembre, 2016, Golrokh Ayra\u2019i, d\u00e9fenseure des droits des prisonniers politiques, a appel\u00e9 \u00e0 l&#8217;aide pour faire soigner les yeux de la prisonni\u00e8re politique Zeinab Jalalian.<\/p>\n<p>  <!--more-->  <\/p>\n<p>Elle souligne que Mme Jalalian est emprisonn\u00e9e depuis dix ans sans la moindre permission de sortie.<\/p>\n<p>Elle s\u2019inqui\u00e8te de la vue de cette prisonni\u00e8re r\u00e9sistante et appelle les d\u00e9fenseurs des droits humains \u00e0 faire pression sur les autorit\u00e9s p\u00e9nitentiaires pour autoriser un traitement m\u00e9dical.<\/p>\n<p>Le 18 juillet 2016, un rapport intitul\u00e9 \u00ab\u00a0<strong>L\u2019Iran met la vie de prisonniers politiques en danger en les privant de soins m\u00e9dicaux\u00a0<\/strong>\u00bb, Amnesty International \u00e9crivait : \u00ab\u00a0Zeynab Jalalian, une Kurde d\u2019Iran purgeant une peine de r\u00e9clusion \u00e0 perp\u00e9tuit\u00e9 en relation avec son appartenance pr\u00e9sum\u00e9e \u00e0 un groupe d\u2019opposition kurde, risque de devenir aveugle parce qu&#8217;on l&#8217;emp\u00eache de recevoir un traitement. Sa famille pense qu\u2019elle a \u00e9t\u00e9 bless\u00e9e lorsque les personnes charg\u00e9es de l\u2019interroger lui ont frapp\u00e9 la t\u00eate contre le mur \u00e0 plusieurs reprises, lui fracturant le cr\u00e2ne et provoquant une h\u00e9morragie c\u00e9r\u00e9brale et des troubles de la vue. \u00c0 plusieurs reprises, les autorit\u00e9s carc\u00e9rales ont refus\u00e9 d\u2019autoriser son transfert vers un h\u00f4pital, alors qu\u2019elle a besoin d\u2019\u00eatre op\u00e9r\u00e9e des yeux de toute urgence. Des agents des renseignements lui ont dit qu\u2019elle devrait d\u2019abord faire des &#8221; aveux &#8221;\u00a0\u00bb.<\/p>\n<p>\u00a0<\/p>\n<p><a href=\"http:\/\/www.amnesty.fr\/Presse\/Communiques-de-presse\/Iran-met-la-vie-de-prisonniers-politiques-en-danger-en-les-privant-de-soins-medicaux-18811\" target=\"_blank\" rel=\"noopener\">http:\/\/www.amnesty.fr\/Presse\/Communiques-de-presse\/Iran-met-la-vie-de-prisonniers-politiques-en-danger-en-les-privant-de-soins-medicaux-18811<\/a><\/p>\n","protected":false},"excerpt":{"rendered":"<p>CNRI Femmes \u2013 Dans un communiqu\u00e9 publi\u00e9 le 30 septembre, 2016, Golrokh Ayra\u2019i, d\u00e9fenseure des droits des prisonniers politiques, a appel\u00e9 \u00e0 l&#8217;aide pour faire soigner les yeux de la prisonni\u00e8re politique Zeinab Jalalian.<\/p>\n","protected":false},"author":1,"featured_media":4149,"comment_status":"open","ping_status":"open","sticky":false,"template":"","format":"standard","meta":{"jnews-multi-image_gallery":[],"jnews_single_post":[],"jnews_primary_category":[],"jnews_social_meta":[],"jnews_override_counter":[],"footnotes":""},"categories":[3],"tags":[],"class_list":["post-1590","post","type-post","status-publish","format-standard","has-post-thumbnail","hentry","category-infos-des-femmes"],"_links":{"self":[{"href":"https:\/\/wncri.org\/fr\/wp-json\/wp\/v2\/posts\/1590","targetHints":{"allow":["GET"]}}],"collection":[{"href":"https:\/\/wncri.org\/fr\/wp-json\/wp\/v2\/posts"}],"about":[{"href":"https:\/\/wncri.org\/fr\/wp-json\/wp\/v2\/types\/post"}],"author":[{"embeddable":true,"href":"https:\/\/wncri.org\/fr\/wp-json\/wp\/v2\/users\/1"}],"replies":[{"embeddable":true,"href":"https:\/\/wncri.org\/fr\/wp-json\/wp\/v2\/comments?post=1590"}],"version-history":[{"count":0,"href":"https:\/\/wncri.org\/fr\/wp-json\/wp\/v2\/posts\/1590\/revisions"}],"wp:featuredmedia":[{"embeddable":true,"href":"https:\/\/wncri.org\/fr\/wp-json\/wp\/v2\/media\/4149"}],"wp:attachment":[{"href":"https:\/\/wncri.org\/fr\/wp-json\/wp\/v2\/media?parent=1590"}],"wp:term":[{"taxonomy":"category","embeddable":true,"href":"https:\/\/wncri.org\/fr\/wp-json\/wp\/v2\/categories?post=1590"},{"taxonomy":"post_tag","embeddable":true,"href":"https:\/\/wncri.org\/fr\/wp-json\/wp\/v2\/tags?post=1590"}],"curies":[{"name":"wp","href":"https:\/\/api.w.org\/{rel}","templated":true}]}}