{"id":1588,"date":"2016-10-01T09:31:04","date_gmt":"2016-10-01T09:31:04","guid":{"rendered":"https:\/\/wncri.org\/frdev\/2016\/10\/01\/iran-les-cerfs-volants-volent-plus-haut-avec-les-vents-contraires\/"},"modified":"2016-10-01T09:31:04","modified_gmt":"2016-10-01T09:31:04","slug":"iran-les-cerfs-volants-volent-plus-haut-avec-les-vents-contraires","status":"publish","type":"post","link":"https:\/\/wncri.org\/fr\/2016\/10\/01\/iran-les-cerfs-volants-volent-plus-haut-avec-les-vents-contraires\/","title":{"rendered":"Iran: les cerfs-volants volent plus haut avec les vents contraires"},"content":{"rendered":"<p>CNRI Femmes \u2013 &#8220;Les cerfs-volants volent plus haut sur les vents contraires,&#8221; \u00e9tait le titre d&#8217;un communiqu\u00e9 publi\u00e9 par l&#8217;ancienne prisonni\u00e8re politique<\/p>\n<p>  <!--more-->  <\/p>\n<p>et artiste, Atena Faraghdani, le 29 septembre 2016.Les services de Renseignement iranien ont r\u00e9cemment mont\u00e9 de fausses pages d\u2019Instagram contenant de faux articles, des remarques ind\u00e9centes et de fausses images attribu\u00e9es \u00e0 l&#8217;activiste civile Atena Faraghdani, violant sa vie priv\u00e9e.Mme Faraghdani a publi\u00e9 une lettre de protestation le 29 septembre 2016:&#8221;L&#8217;agence Fars (affili\u00e9e aux gardiens de la r\u00e9volution) qui avait d\u00e9j\u00e0 publi\u00e9 de nombreux articles aussi faux que d\u00e9sobligeants \u00e0 mon encontre sur son site, a viol\u00e9 ma vie priv\u00e9e par les \u00e9coutes ill\u00e9gales sur mon t\u00e9l\u00e9phone, diffus\u00e9 mes photos, et publi\u00e9 de faux articles sur de fausses pages d\u2019Instagram. Si elle ne cesse pas ces activit\u00e9s d\u00e9goutantes, je vais publier dans les m\u00e9dias internationaux ce qui m\u2019est arriv\u00e9 \u00e0 partir du 10 janvier 2015, dans les cachots des gardiens de la r\u00e9volution de la section 2A [de la prison d&#8217;Evin] et la fameuse prison de Qarchak.\u00a0\u00bbPendant ce temps, l&#8217;avocat de Mme Faraghdani, M. Mohammad Moghimi a \u00e9galement publi\u00e9 une d\u00e9claration soulignant le caract\u00e8re ill\u00e9gal d&#8217;attribuer de fausses pages \u00e0 sa cliente, estimant qu\u2019il s\u2019agit d\u2019une violation de ses droits \u00e0 la vie priv\u00e9e.<\/p>\n","protected":false},"excerpt":{"rendered":"<p>CNRI Femmes \u2013 &#8220;Les cerfs-volants volent plus haut sur les vents contraires,&#8221; \u00e9tait le titre d&#8217;un communiqu\u00e9 publi\u00e9 par l&#8217;ancienne prisonni\u00e8re politique<\/p>\n","protected":false},"author":1,"featured_media":4147,"comment_status":"open","ping_status":"open","sticky":false,"template":"","format":"standard","meta":{"jnews-multi-image_gallery":[],"jnews_single_post":[],"jnews_primary_category":[],"jnews_social_meta":[],"jnews_override_counter":[],"footnotes":""},"categories":[3],"tags":[],"class_list":["post-1588","post","type-post","status-publish","format-standard","has-post-thumbnail","hentry","category-infos-des-femmes"],"_links":{"self":[{"href":"https:\/\/wncri.org\/fr\/wp-json\/wp\/v2\/posts\/1588","targetHints":{"allow":["GET"]}}],"collection":[{"href":"https:\/\/wncri.org\/fr\/wp-json\/wp\/v2\/posts"}],"about":[{"href":"https:\/\/wncri.org\/fr\/wp-json\/wp\/v2\/types\/post"}],"author":[{"embeddable":true,"href":"https:\/\/wncri.org\/fr\/wp-json\/wp\/v2\/users\/1"}],"replies":[{"embeddable":true,"href":"https:\/\/wncri.org\/fr\/wp-json\/wp\/v2\/comments?post=1588"}],"version-history":[{"count":0,"href":"https:\/\/wncri.org\/fr\/wp-json\/wp\/v2\/posts\/1588\/revisions"}],"wp:featuredmedia":[{"embeddable":true,"href":"https:\/\/wncri.org\/fr\/wp-json\/wp\/v2\/media\/4147"}],"wp:attachment":[{"href":"https:\/\/wncri.org\/fr\/wp-json\/wp\/v2\/media?parent=1588"}],"wp:term":[{"taxonomy":"category","embeddable":true,"href":"https:\/\/wncri.org\/fr\/wp-json\/wp\/v2\/categories?post=1588"},{"taxonomy":"post_tag","embeddable":true,"href":"https:\/\/wncri.org\/fr\/wp-json\/wp\/v2\/tags?post=1588"}],"curies":[{"name":"wp","href":"https:\/\/api.w.org\/{rel}","templated":true}]}}