{"id":15783,"date":"2022-05-25T22:40:00","date_gmt":"2022-05-25T20:40:00","guid":{"rendered":"https:\/\/wncri.org\/fr\/?p=15783"},"modified":"2022-05-29T01:18:09","modified_gmt":"2022-05-28T23:18:09","slug":"ladan-molla-saeedi","status":"publish","type":"post","link":"https:\/\/wncri.org\/fr\/2022\/05\/25\/ladan-molla-saeedi\/","title":{"rendered":"Ladan Molla Saeedi, la quatri\u00e8me femme iranienne ex\u00e9cut\u00e9e en mai"},"content":{"rendered":"\n<h3 class=\"wp-block-heading\">Ladan Molla Saeedi, la quatri\u00e8me femme iranienne ex\u00e9cut\u00e9e en mai<\/h3>\n\n\n\n<p>Les autorit\u00e9s de la c\u00e9l\u00e8bre <a href=\"https:\/\/wncri.org\/fr\/2020\/04\/20\/regard-sur-la-situation-tragique-a-la-prison-pour-femmes-de-qarchak-en-iran\/\" target=\"_blank\" rel=\"noreferrer noopener\">prison de Qarchak<\/a> ont pendu Ladan Molla Saeedi aux premi\u00e8res heures du mercredi 25 mai 2022.<\/p>\n\n\n\n<p>Ladan Molla Saeedi avait \u00e9t\u00e9 transf\u00e9r\u00e9e \u00e0 l&#8217;isolement la nuit pr\u00e9c\u00e9dente pour \u00eatre pr\u00e9par\u00e9e \u00e0 l&#8217;ex\u00e9cution.<\/p>\n\n\n\n<p>Ladan Molla Saeedi a \u00e9t\u00e9 reconnue coupable de meurtre d\u00e9lib\u00e9r\u00e9. Elle a \u00e9galement \u00e9t\u00e9 transf\u00e9r\u00e9e en cellule d&#8217;isolement le mois dernier pour se pr\u00e9parer \u00e0 son ex\u00e9cution. Toutefois, elle a \u00e9t\u00e9 renvoy\u00e9e dans le quartier g\u00e9n\u00e9ral des femmes apr\u00e8s avoir re\u00e7u un r\u00e9pit de deux semaines de la part des parents de la victime.<\/p>\n\n\n\n<p>Le 23 mai 2022, une femme non identifi\u00e9e a \u00e9t\u00e9 pendue dans la prison d&#8217;Amol.<\/p>\n\n\n\n<p>Avec l&#8217;ex\u00e9cution de Ladan Mollah Saeedi, le pouvoir judiciaire du r\u00e9gime cl\u00e9rical a ex\u00e9cut\u00e9 la peine de mort pour quatre femmes au cours du seul mois de mai. Ces ex\u00e9cutions ont eu lieu dans la <a href=\"https:\/\/wncri.org\/fr\/2020\/04\/20\/regard-sur-la-situation-tragique-a-la-prison-pour-femmes-de-qarchak-en-iran\/\" target=\"_blank\" rel=\"noreferrer noopener\">prison de Qarchak<\/a> \u00e0 Varamin, la prison d&#8217;Amol, la <a href=\"https:\/\/wncri.org\/fr\/2022\/05\/23\/la-condamnation-a-mort-dune-femme\/\" target=\"_blank\" rel=\"noreferrer noopener\">prison d&#8217;Adelabad<\/a> \u00e0 Chiraz et la <a href=\"https:\/\/wncri.org\/fr\/2022\/05\/12\/une-femme-baloutche-pendue\/\" target=\"_blank\" rel=\"noreferrer noopener\">prison centrale de Zahedan.<\/a><\/p>\n\n\n\n<p>Le nombre de femmes ex\u00e9cut\u00e9es en Iran depuis septembre 2013 s&#8217;\u00e9l\u00e8ve d\u00e9sormais \u00e0 135. L&#8217;Iran d\u00e9tient le record mondial en mati\u00e8re d&#8217;ex\u00e9cution de femmes. <a href=\"https:\/\/wncri.org\/fr\/2021\/12\/21\/le-monde-doit-se-pencher-sur-laugmentation-choquante-des-executions-de-femmes-en-iran\/\" target=\"_blank\" rel=\"noreferrer noopener\">La commission des femmes du CNRI<\/a> avait d\u00e9j\u00e0 annonc\u00e9 que le r\u00e9gime des mollahs avait ex\u00e9cut\u00e9 18 femmes en Iran en 2021.<\/p>\n\n\n\n<p>La plupart des femmes reconnues coupables de meurtre d\u00e9lib\u00e9r\u00e9 et condamn\u00e9es \u00e0 mort en Iran sont victimes de <a href=\"https:\/\/wncri.org\/fr\/2020\/11\/23\/la-violence-faite-aux-femmes-en-iran-parrainee-et-institutionnalisee-par-letat\/\" target=\"_blank\" rel=\"noreferrer noopener\">violences domestiques<\/a>. L&#8217;absence de soutien social ou gouvernemental \u00e0 leur \u00e9gard et le fait que les Iraniennes soient priv\u00e9es du droit au divorce conduisent \u00e0 ces r\u00e9sultats regrettables.<\/p>\n\n\n\n<h3 class=\"wp-block-heading\"><strong>L&#8217;Iran a proc\u00e9d\u00e9 \u00e0 plus de la moiti\u00e9 des ex\u00e9cutions dans le monde en 2021<\/strong><\/h3>\n\n\n\n<p>Un nouveau <a href=\"https:\/\/www.amnesty.org\/fr\/latest\/news\/2022\/05\/death-penalty-2021-facts-and-figures\/\" target=\"_blank\" rel=\"noreferrer noopener\">rapport<\/a> d&#8217;Amnesty International, dat\u00e9 du 24 mai 2022, fait \u00e9tat du bilan choquant du r\u00e9gime iranien en mati\u00e8re d&#8217;ex\u00e9cution des peines capitales.<\/p>\n\n\n\n<p>Amnesty International a d\u00e9clar\u00e9 que l&#8217;Iran a ex\u00e9cut\u00e9 au moins 314 personnes (contre au moins 246 en 2020), leur plus grand nombre d&#8217;ex\u00e9cutions depuis 2017, inversant les baisses d&#8217;une ann\u00e9e sur l&#8217;autre depuis lors.<\/p>\n\n\n\n<p>Selon le nouveau rapport d&#8217;Amnesty International, 14 femmes figurent parmi les personnes ex\u00e9cut\u00e9es en Iran en 2021.<\/p>\n\n\n\n<p>Selon des <a href=\"https:\/\/www.ncr-iran.org\/fr\/communiques-cnri\/droits-humains\/la-resistance-iranienne-demasque-les-documents-classifies-du-systeme-judiciaire-du-regime-n-5\/\" target=\"_blank\" rel=\"noopener\">documents<\/a> obtenus au sein du r\u00e9gime des mollahs, la R\u00e9sistance iranienne a d\u00e9clar\u00e9 que <a href=\"https:\/\/wncri.org\/fr\/2022\/05\/18\/couloir-de-la-mort\/\" target=\"_blank\" rel=\"noreferrer noopener\">183 femmes<\/a> dans les prisons du r\u00e9gime \u00e9taient dans le couloir de la mort ou condamn\u00e9es \u00e0 des Qisas (mort par r\u00e9tribution).<\/p>\n\n\n\n<p>La mort par ch\u00e2timent est appliqu\u00e9e aux personnes reconnues coupables de meurtre, quels que soient leurs motifs.<\/p>\n\n\n\n<p>Selon les <a href=\"https:\/\/www.ncr-iran.org\/fr\/communiques-cnri\/droits-humains\/la-resistance-iranienne-demasque-les-documents-classifies-du-systeme-judiciaire-du-regime-n-5\/\" target=\"_blank\" rel=\"noreferrer noopener\">statistiques<\/a> enregistr\u00e9es par le bureau de l&#8217;Organisation des prisons, 5 197 personnes sont dans le couloir de la mort ou condamn\u00e9es \u00e0 des Qisas (ch\u00e2timent en nature). Parmi elles, 1 366 sont condamn\u00e9es \u00e0 mort, dont 39 femmes. Par ailleurs, 3 831 prisonniers, dont 144 femmes, ont \u00e9t\u00e9 condamn\u00e9s \u00e0 des Qisas ou \u00e0 des ch\u00e2timents en nature.<\/p>\n\n\n\n<p>Les documents \u00e9num\u00e8rent \u00e9galement les noms de 51 personnes, dont 23 femmes, condamn\u00e9es \u00e0 la mort par <a href=\"https:\/\/wncri.org\/fr\/2021\/11\/08\/un-tribunal-de-teheran-condamne-une-jeune-mere-a-la-lapidation-avant\/\" target=\"_blank\" rel=\"noreferrer noopener\">lapidation<\/a>.<\/p>\n","protected":false},"excerpt":{"rendered":"<p>Ladan Molla Saeedi, la quatri\u00e8me femme iranienne ex\u00e9cut\u00e9e en mai Les autorit\u00e9s de la c\u00e9l\u00e8bre prison de Qarchak ont pendu Ladan Molla Saeedi aux premi\u00e8res heures du mercredi 25 mai 2022. Ladan Molla Saeedi avait \u00e9t\u00e9 transf\u00e9r\u00e9e \u00e0 l&#8217;isolement la nuit pr\u00e9c\u00e9dente pour \u00eatre pr\u00e9par\u00e9e \u00e0 l&#8217;ex\u00e9cution. Ladan Molla Saeedi a \u00e9t\u00e9 reconnue coupable de [&hellip;]<\/p>\n","protected":false},"author":4,"featured_media":15805,"comment_status":"closed","ping_status":"closed","sticky":false,"template":"","format":"standard","meta":{"jnews-multi-image_gallery":[],"jnews_single_post":{"subtitle":"","format":"standard","video":"","gallery":"","source_name":"","source_url":"","via_name":"","via_url":"","override_template":"0","override":[{"template":"7","single_blog_custom":"","parallax":"1","fullscreen":"1","layout":"right-sidebar","sidebar":"default-sidebar","second_sidebar":"default-sidebar","sticky_sidebar":"1","share_position":"floatbottom","share_float_style":"share-normal","show_share_counter":"1","show_view_counter":"1","show_featured":"1","show_post_meta":"1","show_post_author":"0","show_post_author_image":"1","show_post_date":"1","post_date_format":"default","post_date_format_custom":"Y\/m\/d","show_post_category":"1","show_post_reading_time":"0","post_reading_time_wpm":"300","show_zoom_button":"0","zoom_button_out_step":"2","zoom_button_in_step":"3","show_post_tag":"1","show_prev_next_post":"0","show_popup_post":"1","number_popup_post":"1","show_author_box":"0","show_post_related":"1","show_inline_post_related":"1"}],"override_image_size":"0","image_override":[{"single_post_thumbnail_size":"crop-500","single_post_gallery_size":"crop-500"}],"trending_post":"0","trending_post_position":"meta","trending_post_label":"Trending","sponsored_post":"0","sponsored_post_label":"Sponsored by","sponsored_post_name":"","sponsored_post_url":"","sponsored_post_logo_enable":"0","sponsored_post_logo":"","sponsored_post_desc":"","disable_ad":"0"},"jnews_primary_category":{"id":""},"jnews_social_meta":{"fb_title":"","fb_description":"","fb_image":"","twitter_title":"","twitter_description":"","twitter_image":""},"jnews_override_counter":{"override_view_counter":"0","view_counter_number":"0","override_share_counter":"0","share_counter_number":"0","override_like_counter":"0","like_counter_number":"0","override_dislike_counter":"0","dislike_counter_number":"0"},"footnotes":""},"categories":[3],"tags":[367],"class_list":["post-15783","post","type-post","status-publish","format-standard","has-post-thumbnail","hentry","category-infos-des-femmes","tag-execution"],"_links":{"self":[{"href":"https:\/\/wncri.org\/fr\/wp-json\/wp\/v2\/posts\/15783","targetHints":{"allow":["GET"]}}],"collection":[{"href":"https:\/\/wncri.org\/fr\/wp-json\/wp\/v2\/posts"}],"about":[{"href":"https:\/\/wncri.org\/fr\/wp-json\/wp\/v2\/types\/post"}],"author":[{"embeddable":true,"href":"https:\/\/wncri.org\/fr\/wp-json\/wp\/v2\/users\/4"}],"replies":[{"embeddable":true,"href":"https:\/\/wncri.org\/fr\/wp-json\/wp\/v2\/comments?post=15783"}],"version-history":[{"count":2,"href":"https:\/\/wncri.org\/fr\/wp-json\/wp\/v2\/posts\/15783\/revisions"}],"predecessor-version":[{"id":15804,"href":"https:\/\/wncri.org\/fr\/wp-json\/wp\/v2\/posts\/15783\/revisions\/15804"}],"wp:featuredmedia":[{"embeddable":true,"href":"https:\/\/wncri.org\/fr\/wp-json\/wp\/v2\/media\/15805"}],"wp:attachment":[{"href":"https:\/\/wncri.org\/fr\/wp-json\/wp\/v2\/media?parent=15783"}],"wp:term":[{"taxonomy":"category","embeddable":true,"href":"https:\/\/wncri.org\/fr\/wp-json\/wp\/v2\/categories?post=15783"},{"taxonomy":"post_tag","embeddable":true,"href":"https:\/\/wncri.org\/fr\/wp-json\/wp\/v2\/tags?post=15783"}],"curies":[{"name":"wp","href":"https:\/\/api.w.org\/{rel}","templated":true}]}}