{"id":15758,"date":"2022-05-21T20:47:00","date_gmt":"2022-05-21T18:47:00","guid":{"rendered":"https:\/\/wncri.org\/fr\/?p=15758"},"modified":"2022-05-22T20:54:10","modified_gmt":"2022-05-22T18:54:10","slug":"prison-centrale-durmia","status":"publish","type":"post","link":"https:\/\/wncri.org\/fr\/2022\/05\/21\/prison-centrale-durmia\/","title":{"rendered":"Dans la prison centrale d&#8217;Urmia, les d\u00e9tenus ont un acc\u00e8s limit\u00e9 aux soins m\u00e9dicaux"},"content":{"rendered":"\n<h2 class=\"wp-block-heading\"><em>Conditions du quartier des femmes de la prison centrale d&#8217;Urmia.<\/em><\/h2>\n\n\n\n<p><\/p>\n\n\n\n<p>La prison centrale <a href=\"https:\/\/www.britannica.com\/place\/Orumiyeh\" target=\"_blank\" rel=\"noreferrer noopener\">d&#8217;Urmia<\/a> a \u00e9t\u00e9 fond\u00e9e en 1969. Elle est \u00e9galement appel\u00e9e prison de Darya, car elle est situ\u00e9e au 5e km de la route de Darya \u00e0 Urmia, la capitale de la province d&#8217;Azerba\u00efdjan occidental.<\/p>\n\n\n\n<h3 class=\"wp-block-heading\"><strong>Surpeuplement<\/strong><\/h3>\n\n\n\n<p>La prison centrale d&#8217;Urmia a \u00e9t\u00e9 initialement construite pour d\u00e9tenir 700 d\u00e9tenus. Aujourd&#8217;hui, elle en compte 5 000.<\/p>\n\n\n\n<p>Le quartier 18 est le <a href=\"https:\/\/wncri.org\/fr\/2021\/12\/10\/les-conditions-des-femmes-prisons\/\" target=\"_blank\" rel=\"noreferrer noopener\">quartier des femmes<\/a> de la prison centrale d&#8217;Urmia. Il s&#8217;agit d&#8217;un grand hall divis\u00e9 en huit compartiments ou pi\u00e8ces par des murs courts. Une vingtaine de d\u00e9tenues se trouvent dans chaque pi\u00e8ce, qui ne compte que 16 lits. Par cons\u00e9quent, certaines femmes d\u00e9tenues doivent dormir \u00e0 m\u00eame le sol. Les d\u00e9tenues sont enferm\u00e9es dans ces petites pi\u00e8ces surpeupl\u00e9es et \u00e9touffantes pendant 22 heures par jour.\u00a0<\/p>\n\n\n\n<p>Daryoush Bakhshi est le directeur de la prison centrale d&#8217;Urmia. Le quartier des femmes est dirig\u00e9 par une femme appel\u00e9e Badaghi.<\/p>\n\n\n\n<h3 class=\"wp-block-heading\"><strong>Manque d&#8217;hygi\u00e8ne et soutien m\u00e9dical insuffisant<\/strong><\/h3>\n\n\n\n<p>Le quartier des femmes de la prison centrale d&#8217;Urmia ne compte que cinq salles de bains et trois douches. La plupart des salles de bains sont hors d&#8217;usage. En g\u00e9n\u00e9ral, il n&#8217;y a pas d&#8217;eau chaude, et les d\u00e9tenues doivent prendre un bain \u00e0 l&#8217;eau froide.<\/p>\n\n\n\n<p>Certaines d\u00e9tenues ont \u00e9t\u00e9 incarc\u00e9r\u00e9es avec leurs enfants. Elles sont expos\u00e9es \u00e0 diverses maladies digestives et cutan\u00e9es dans ce quartier surpeupl\u00e9 et insalubre.<\/p>\n\n\n\n<p>La plupart des femmes d\u00e9tenues sont accus\u00e9es de trafic de drogue, de fraude, de vol et d&#8217;homicide volontaire ou involontaire.<\/p>\n\n\n\n<p>L&#8217;un des principaux probl\u00e8mes de la prison centrale d&#8217;Urmia est le nombre limit\u00e9 d&#8217;installations m\u00e9dicales. <a href=\"https:\/\/wncri.org\/fr\/2018\/10\/02\/zeinab-sekaanvand-pendue-a-la-prison-centrale-d-oroumieh-en-iran\/\" target=\"_blank\" rel=\"noreferrer noopener\">Les femmes d\u00e9tenues<\/a> ne re\u00e7oivent qu&#8217;une visite par mois. Les visites dentaires n&#8217;ont lieu qu&#8217;une fois tous les six mois. M\u00eame les femmes enceintes sont priv\u00e9es de l&#8217;acc\u00e8s aux soins m\u00e9dicaux dont elles ont besoin pendant leur grossesse.<\/p>\n\n\n\n<h3 class=\"wp-block-heading\"><strong>Aveux forc\u00e9s et mauvais traitements inflig\u00e9s aux d\u00e9tenues<\/strong><\/h3>\n\n\n\n<p>L&#8217;extorsion d&#8217;aveux aux d\u00e9tenues est l&#8217;une des pratiques courantes \u00e0 la prison centrale d&#8217;Urmia. <a href=\"https:\/\/wncri.org\/fr\/2022\/04\/09\/menacent-golaleh-moradi\/\" target=\"_blank\" rel=\"noreferrer noopener\">Golaleh Moradi<\/a> a d\u00e9clar\u00e9 qu&#8217;elle avait \u00e9t\u00e9 contrainte de faire des aveux contre elle-m\u00eame. Les interrogateurs ont menac\u00e9 ses fils et l&#8217;ont intimid\u00e9e avec une arme \u00e0 feu. Golaleh Moradi a d\u00e9clar\u00e9 que ses interrogateurs lui ont dit : &#8220;Tu dois parler et avouer&#8230; Sinon, nous arr\u00eaterons tes fils, nous les emm\u00e8nerons au sous-sol et nous allumerons un gaz \u00e0 pique-nique sous eux. Alors vos fils verront de leurs propres yeux que vous allez avouer.&#8221;<\/p>\n\n\n\n<p>Il est arriv\u00e9 \u00e0 plusieurs reprises que les gardiens de prison et les tortionnaires confisquent les couvertures des prisonni\u00e8res sous pr\u00e9texte d&#8217;inspection et de retrait d&#8217;\u00e9quipements suppl\u00e9mentaires. Ceci alors que les prisonni\u00e8res ont achet\u00e9 ces couvertures par l&#8217;interm\u00e9diaire de leurs familles.<\/p>\n\n\n\n<p>Parmi les autres restrictions impos\u00e9es aux d\u00e9tenues, citons la r\u00e9duction \u00e0 deux heures par jour du temps consacr\u00e9 \u00e0 l&#8217;air frais, la limitation des appels t\u00e9l\u00e9phoniques \u00e0 une fois tous les trois jours et l&#8217;interdiction de se rendre dans d&#8217;autres pi\u00e8ces.<\/p>\n\n\n\n<p>L&#8217;un des pr\u00e9textes invoqu\u00e9s par les autorit\u00e9s p\u00e9nitentiaires pour imposer des restrictions aux femmes est leur absence aux cours de Coran. En outre, le personnel masculin de la prison humilie les femmes et les insulte tous les jours.<\/p>\n\n\n\n<p>Neuf des femmes d\u00e9tenues dans cette prison dans <a href=\"https:\/\/wncri.org\/fr\/2022\/05\/18\/couloir-de-la-mort\/\" target=\"_blank\" rel=\"noreferrer noopener\">le couloir de la mort<\/a> sont Zahra Farhadi, d&#8217;Urmia ; Parissa Moradi, de Bukan ; Nishteman Mohammadi, de Sardasht ; Golzar Ahmadian, de Sardasht ; Faranak Behechti, de Takab ; Soheila Nematzadeh, de Miandoab ; Mojgan Abdollahi, de Mahabad ; Tahmineh Danesh, de Khoy ; et Ziba (sans nom de famille), de Bukan.<\/p>\n\n\n\n<p><\/p>\n","protected":false},"excerpt":{"rendered":"<p>Conditions du quartier des femmes de la prison centrale d&#8217;Urmia. La prison centrale d&#8217;Urmia a \u00e9t\u00e9 fond\u00e9e en 1969. Elle est \u00e9galement appel\u00e9e prison de Darya, car elle est situ\u00e9e au 5e km de la route de Darya \u00e0 Urmia, la capitale de la province d&#8217;Azerba\u00efdjan occidental. Surpeuplement La prison centrale d&#8217;Urmia a \u00e9t\u00e9 initialement [&hellip;]<\/p>\n","protected":false},"author":4,"featured_media":15759,"comment_status":"closed","ping_status":"closed","sticky":false,"template":"","format":"standard","meta":{"jnews-multi-image_gallery":[],"jnews_single_post":{"subtitle":"","format":"standard","video":"","gallery":"","source_name":"","source_url":"","via_name":"","via_url":"","override_template":"0","override":[{"template":"7","single_blog_custom":"","parallax":"1","fullscreen":"1","layout":"right-sidebar","sidebar":"default-sidebar","second_sidebar":"default-sidebar","sticky_sidebar":"1","share_position":"floatbottom","share_float_style":"share-normal","show_share_counter":"1","show_view_counter":"1","show_featured":"1","show_post_meta":"1","show_post_author":"0","show_post_author_image":"1","show_post_date":"1","post_date_format":"default","post_date_format_custom":"Y\/m\/d","show_post_category":"1","show_post_reading_time":"0","post_reading_time_wpm":"300","show_zoom_button":"0","zoom_button_out_step":"2","zoom_button_in_step":"3","show_post_tag":"1","show_prev_next_post":"0","show_popup_post":"1","number_popup_post":"1","show_author_box":"0","show_post_related":"1","show_inline_post_related":"1"}],"override_image_size":"0","image_override":[{"single_post_thumbnail_size":"crop-500","single_post_gallery_size":"crop-500"}],"trending_post":"0","trending_post_position":"meta","trending_post_label":"Trending","sponsored_post":"0","sponsored_post_label":"Sponsored by","sponsored_post_name":"","sponsored_post_url":"","sponsored_post_logo_enable":"0","sponsored_post_logo":"","sponsored_post_desc":"","disable_ad":"0"},"jnews_primary_category":{"id":""},"jnews_social_meta":{"fb_title":"","fb_description":"","fb_image":"","twitter_title":"","twitter_description":"","twitter_image":""},"jnews_override_counter":{"override_view_counter":"0","view_counter_number":"0","override_share_counter":"0","share_counter_number":"0","override_like_counter":"0","like_counter_number":"0","override_dislike_counter":"0","dislike_counter_number":"0"},"footnotes":""},"categories":[3],"tags":[370],"class_list":["post-15758","post","type-post","status-publish","format-standard","has-post-thumbnail","hentry","category-infos-des-femmes","tag-prisonnieres"],"_links":{"self":[{"href":"https:\/\/wncri.org\/fr\/wp-json\/wp\/v2\/posts\/15758","targetHints":{"allow":["GET"]}}],"collection":[{"href":"https:\/\/wncri.org\/fr\/wp-json\/wp\/v2\/posts"}],"about":[{"href":"https:\/\/wncri.org\/fr\/wp-json\/wp\/v2\/types\/post"}],"author":[{"embeddable":true,"href":"https:\/\/wncri.org\/fr\/wp-json\/wp\/v2\/users\/4"}],"replies":[{"embeddable":true,"href":"https:\/\/wncri.org\/fr\/wp-json\/wp\/v2\/comments?post=15758"}],"version-history":[{"count":3,"href":"https:\/\/wncri.org\/fr\/wp-json\/wp\/v2\/posts\/15758\/revisions"}],"predecessor-version":[{"id":15762,"href":"https:\/\/wncri.org\/fr\/wp-json\/wp\/v2\/posts\/15758\/revisions\/15762"}],"wp:featuredmedia":[{"embeddable":true,"href":"https:\/\/wncri.org\/fr\/wp-json\/wp\/v2\/media\/15759"}],"wp:attachment":[{"href":"https:\/\/wncri.org\/fr\/wp-json\/wp\/v2\/media?parent=15758"}],"wp:term":[{"taxonomy":"category","embeddable":true,"href":"https:\/\/wncri.org\/fr\/wp-json\/wp\/v2\/categories?post=15758"},{"taxonomy":"post_tag","embeddable":true,"href":"https:\/\/wncri.org\/fr\/wp-json\/wp\/v2\/tags?post=15758"}],"curies":[{"name":"wp","href":"https:\/\/api.w.org\/{rel}","templated":true}]}}