{"id":15704,"date":"2022-05-11T16:03:00","date_gmt":"2022-05-11T14:03:00","guid":{"rendered":"https:\/\/wncri.org\/fr\/?p=15704"},"modified":"2022-05-12T16:08:18","modified_gmt":"2022-05-12T14:08:18","slug":"quatre-femmes-documentaristes","status":"publish","type":"post","link":"https:\/\/wncri.org\/fr\/2022\/05\/11\/quatre-femmes-documentaristes\/","title":{"rendered":"Quatre femmes documentaristes et photographes arr\u00eat\u00e9es arbitrairement"},"content":{"rendered":"\n<p>Les services des renseignements iraniens ont arr\u00eat\u00e9 arbitrairement quatre <a href=\"https:\/\/wncri.org\/fr\/\">femmes<\/a> documentaristes et photographes \u00e0 T\u00e9h\u00e9ran les 9 et 10 mai 2022.<\/p>\n\n\n\n<h3 class=\"wp-block-heading\"><strong>Firoozeh Khosravani<\/strong><\/h3>\n\n\n\n<p>Firoozeh Khosravani, documentariste et r\u00e9alisatrice, vivant \u00e0 T\u00e9h\u00e9ran, a \u00e9t\u00e9 arr\u00eat\u00e9e par des agents des services des renseignements \u00e0 T\u00e9h\u00e9ran le lundi 9 mai 2022. Lors d&#8217;un appel t\u00e9l\u00e9phonique avec sa famille, Mme Khosravani leur a dit qu&#8217;elle se trouvait au centre de d\u00e9tention du minist\u00e8re des renseignements, quartier 209 de la prison d&#8217;Evin.<\/p>\n\n\n\n<p>Firoozeh Khosravani est dipl\u00f4m\u00e9e de l&#8217;Acad\u00e9mie des beaux-arts de Berra en Italie et poss\u00e8de un master en journalisme. En 2020, Khosravani a remport\u00e9 le prix du meilleur documentaire long m\u00e9trage, &#8220;Radiographie d&#8217;une famille&#8221;. Elle a \u00e9galement remport\u00e9 le prix du Festival international du film documentaire d&#8217;Amsterdam pour l&#8217;utilisation cr\u00e9ative des archives. Firoozeh Khosravani avait \u00e9t\u00e9 arr\u00eat\u00e9e en 2009 pour avoir d\u00e9pos\u00e9 des fleurs sur les tombes des victimes du soul\u00e8vement de 2009 au cimeti\u00e8re Behecht Zahra de T\u00e9h\u00e9ran, mais avait \u00e9t\u00e9 lib\u00e9r\u00e9e quelques heures plus tard.<\/p>\n\n\n\n<h3 class=\"wp-block-heading\"><strong>Mina Keshavarz<\/strong><\/h3>\n\n\n\n<p>Le m\u00eame jour, le 9 mai, les services des renseignements ont arr\u00eat\u00e9 une autre documentariste, Mina Keshavarz, \u00e0 T\u00e9h\u00e9ran. Ils l&#8217;ont emmen\u00e9e dans un lieu inconnu apr\u00e8s une fouille minutieuse de son domicile.<\/p>\n\n\n\n<p>Mina Keshavarz, n\u00e9e en 1984, a r\u00e9alis\u00e9 six documentaires \u00e0 ce jour. Son dernier documentaire, &#8220;L&#8217;art de vivre en danger&#8221;, portait sur les victimes de violences domestiques.<\/p>\n\n\n\n<h3 class=\"wp-block-heading\"><strong>Shilan Assadi<\/strong><\/h3>\n\n\n\n<p>Selon une source inform\u00e9e, le 10 mai, neuf agents de s\u00e9curit\u00e9 ont fait irruption au domicile de Shilan Saadi, une documentariste kurde, ont fouill\u00e9 son domicile et l&#8217;ont emmen\u00e9e.<\/p>\n\n\n\n<p>N\u00e9e en 1980, Shilan Saadi a 15 ans d&#8217;exp\u00e9rience dans la r\u00e9alisation de films. En 2019, Shilan Saadi, avec un documentaire intitul\u00e9 &#8220;I Promised&#8221; sur sept femmes yazidies dans un camp de r\u00e9fugi\u00e9s turc, et Mina Keshavarz, avec un film sur les femmes, ont \u00e9t\u00e9 accept\u00e9es au festival de la Berlinale.<\/p>\n\n\n\n<p>Le bureau du procureur du district 33 de T\u00e9h\u00e9ran a supervis\u00e9 les arrestations de toutes les personnes susmentionn\u00e9es.<\/p>\n\n\n\n<h3 class=\"wp-block-heading\"><strong>Reyhaneh Taravati<\/strong><\/h3>\n\n\n\n<p>Les services des renseignements iraniens ont arr\u00eat\u00e9 Reyhaneh Taravati, une photographe et cam\u00e9raman, le 9 mai 2022, et l&#8217;ont emmen\u00e9e dans un lieu inconnu.<\/p>\n\n\n\n<p>Mme Taravati avait \u00e9t\u00e9 arr\u00eat\u00e9e en 2014 pour avoir publi\u00e9 une version iranienne de la chanspn <a href=\"https:\/\/www.youtube.com\/watch?v=pT4xR1s8l9o\" target=\"_blank\" rel=\"noreferrer noopener\">Happy<\/a> avec un groupe. Elle avait \u00e9t\u00e9 lib\u00e9r\u00e9e quelques semaines plus tard. Un tribunal l&#8217;a condamn\u00e9e \u00e0 un an de prison, avec un sursis de trois ans.<\/p>\n\n\n\n<h3 class=\"wp-block-heading\"><strong>Nouvelle arrestation d&#8217;une militante syndicale<\/strong><\/h3>\n\n\n\n<p>Les forces du minist\u00e8re des Renseignements ont fait une descente au domicile <a href=\"https:\/\/wncri.org\/fr\/2019\/06\/21\/anisha-assadollahi-de-nouveau-arretee-en-iran-par-12-agents\/\" target=\"_blank\" rel=\"noreferrer noopener\">d&#8217;Anisha Assadollahi<\/a>, une militante ouvri\u00e8re, \u00e0 T\u00e9h\u00e9ran, le 9 mai 2022, et l&#8217;ont arr\u00eat\u00e9e.<\/p>\n\n\n\n<p>Anisha Assadollahi faisait partie d&#8217;un groupe de militants ouvriers, dont 15 femmes, arr\u00eat\u00e9s apr\u00e8s avoir \u00e9t\u00e9 battus le 1er mai 2019, lors d&#8217;une manifestation pour la Journ\u00e9e internationale des travailleurs. Certaines ont \u00e9t\u00e9 transf\u00e9r\u00e9es au centre de d\u00e9tention du minist\u00e8re des Renseignements dans la prison d&#8217;Evin, quartier 209. Certaines femmes ont \u00e9t\u00e9 <a href=\"https:\/\/wncri.org\/fr\/2019\/07\/31\/des-detenues-politiques-brutalisees-a-la-prison-de-qarchak-en-iran\/\" target=\"_blank\" rel=\"noreferrer noopener\">transf\u00e9r\u00e9es<\/a> \u00e0 la <a href=\"https:\/\/wncri.org\/fr\/2020\/04\/20\/regard-sur-la-situation-tragique-a-la-prison-pour-femmes-de-qarchak-en-iran\/\" target=\"_blank\" rel=\"noreferrer noopener\">prison de Qarch<\/a>ak (Shahr-e Rey), \u00e0 Varamin.<\/p>\n\n\n\n<p>Elle a ensuite \u00e9t\u00e9 arr\u00eat\u00e9e et emprisonn\u00e9e \u00e0 nouveau le 18 juin 2019 par 12 agents des renseignements dans la rue \u00e0 T\u00e9h\u00e9ran.<\/p>\n","protected":false},"excerpt":{"rendered":"<p>Les services des renseignements iraniens ont arr\u00eat\u00e9 arbitrairement quatre femmes documentaristes et photographes \u00e0 T\u00e9h\u00e9ran les 9 et 10 mai 2022. Firoozeh Khosravani Firoozeh Khosravani, documentariste et r\u00e9alisatrice, vivant \u00e0 T\u00e9h\u00e9ran, a \u00e9t\u00e9 arr\u00eat\u00e9e par des agents des services des renseignements \u00e0 T\u00e9h\u00e9ran le lundi 9 mai 2022. Lors d&#8217;un appel t\u00e9l\u00e9phonique avec sa famille, [&hellip;]<\/p>\n","protected":false},"author":4,"featured_media":15705,"comment_status":"closed","ping_status":"closed","sticky":false,"template":"","format":"standard","meta":{"jnews-multi-image_gallery":[],"jnews_single_post":{"subtitle":"","format":"standard","video":"","gallery":"","source_name":"","source_url":"","via_name":"","via_url":"","override_template":"0","override":[{"template":"7","single_blog_custom":"","parallax":"1","fullscreen":"1","layout":"right-sidebar","sidebar":"default-sidebar","second_sidebar":"default-sidebar","sticky_sidebar":"1","share_position":"floatbottom","share_float_style":"share-normal","show_share_counter":"1","show_view_counter":"1","show_featured":"1","show_post_meta":"1","show_post_author":"0","show_post_author_image":"1","show_post_date":"1","post_date_format":"default","post_date_format_custom":"Y\/m\/d","show_post_category":"1","show_post_reading_time":"0","post_reading_time_wpm":"300","show_zoom_button":"0","zoom_button_out_step":"2","zoom_button_in_step":"3","show_post_tag":"1","show_prev_next_post":"0","show_popup_post":"1","number_popup_post":"1","show_author_box":"0","show_post_related":"1","show_inline_post_related":"1"}],"override_image_size":"0","image_override":[{"single_post_thumbnail_size":"crop-500","single_post_gallery_size":"crop-500"}],"trending_post":"0","trending_post_position":"meta","trending_post_label":"Trending","sponsored_post":"0","sponsored_post_label":"Sponsored by","sponsored_post_name":"","sponsored_post_url":"","sponsored_post_logo_enable":"0","sponsored_post_logo":"","sponsored_post_desc":"","disable_ad":"0"},"jnews_primary_category":{"id":""},"jnews_social_meta":{"fb_title":"","fb_description":"","fb_image":"","twitter_title":"","twitter_description":"","twitter_image":""},"jnews_override_counter":{"override_view_counter":"0","view_counter_number":"0","override_share_counter":"0","share_counter_number":"0","override_like_counter":"0","like_counter_number":"0","override_dislike_counter":"0","dislike_counter_number":"0"},"footnotes":""},"categories":[3],"tags":[370,376],"class_list":["post-15704","post","type-post","status-publish","format-standard","has-post-thumbnail","hentry","category-infos-des-femmes","tag-prisonnieres","tag-violence-contre-les-femmes"],"_links":{"self":[{"href":"https:\/\/wncri.org\/fr\/wp-json\/wp\/v2\/posts\/15704","targetHints":{"allow":["GET"]}}],"collection":[{"href":"https:\/\/wncri.org\/fr\/wp-json\/wp\/v2\/posts"}],"about":[{"href":"https:\/\/wncri.org\/fr\/wp-json\/wp\/v2\/types\/post"}],"author":[{"embeddable":true,"href":"https:\/\/wncri.org\/fr\/wp-json\/wp\/v2\/users\/4"}],"replies":[{"embeddable":true,"href":"https:\/\/wncri.org\/fr\/wp-json\/wp\/v2\/comments?post=15704"}],"version-history":[{"count":1,"href":"https:\/\/wncri.org\/fr\/wp-json\/wp\/v2\/posts\/15704\/revisions"}],"predecessor-version":[{"id":15706,"href":"https:\/\/wncri.org\/fr\/wp-json\/wp\/v2\/posts\/15704\/revisions\/15706"}],"wp:featuredmedia":[{"embeddable":true,"href":"https:\/\/wncri.org\/fr\/wp-json\/wp\/v2\/media\/15705"}],"wp:attachment":[{"href":"https:\/\/wncri.org\/fr\/wp-json\/wp\/v2\/media?parent=15704"}],"wp:term":[{"taxonomy":"category","embeddable":true,"href":"https:\/\/wncri.org\/fr\/wp-json\/wp\/v2\/categories?post=15704"},{"taxonomy":"post_tag","embeddable":true,"href":"https:\/\/wncri.org\/fr\/wp-json\/wp\/v2\/tags?post=15704"}],"curies":[{"name":"wp","href":"https:\/\/api.w.org\/{rel}","templated":true}]}}