{"id":15701,"date":"2022-05-10T15:36:00","date_gmt":"2022-05-10T13:36:00","guid":{"rendered":"https:\/\/wncri.org\/fr\/?p=15701"},"modified":"2022-05-12T15:40:02","modified_gmt":"2022-05-12T13:40:02","slug":"les-autorites-de-la-prison-dourmia","status":"publish","type":"post","link":"https:\/\/wncri.org\/fr\/2022\/05\/10\/les-autorites-de-la-prison-dourmia\/","title":{"rendered":"Les autorit\u00e9s de la prison d&#8217;Ourmia n&#8217;hospitalisent pas la prisonni\u00e8re enceinte apr\u00e8s 11 jours de gr\u00e8ve de la faim"},"content":{"rendered":"\n<p>Les autorit\u00e9s de la prison d&#8217;Ourmia n&#8217;ont pas hospitalis\u00e9 la prisonni\u00e8re politique enceinte Soada Khadirzadeh pour lui faire passer une \u00e9chographie et d&#8217;autres examens m\u00e9dicaux n\u00e9cessaires.<\/p>\n\n\n\n<p>Mme Khadirzadeh a mis fin \u00e0 sa gr\u00e8ve de la faim le 7 mai 2022, apr\u00e8s que les autorit\u00e9s de la prison d&#8217;Ourmia ont promis de satisfaire ses demandes apr\u00e8s 11 jours de gr\u00e8ve de la faim.<\/p>\n\n\n\n<p>Elles \u00e9taient cens\u00e9es transf\u00e9rer la prisonni\u00e8re politique enceinte dans un h\u00f4pital municipal d&#8217;Ourmia le 9 mai pour qu&#8217;elle y soit hospitalis\u00e9e sous la supervision de m\u00e9decins. Cependant, le m\u00eame jour, les autorit\u00e9s de la prison d&#8217;Ourmia ont convoqu\u00e9 Mme Khadirzadeh. Elles lui ont dit qu&#8217;elle ne serait pas emmen\u00e9e dans un centre m\u00e9dical ext\u00e9rieur.<\/p>\n\n\n\n<p>Contrairement \u00e0 leurs <a href=\"https:\/\/hengaw.net\/fa\/news\/%D8%B3%D8%B9%D8%AF%D8%A7-%D8%AE%D8%AF%DB%8C%D8%B1%D8%B2%D8%A7%D8%AF%D9%87-%D8%B2%D9%86%D8%AF%D8%A7%D9%86%DB%8C-%D8%B3%DB%8C%D8%A7%D8%B3%DB%8C-%D8%A8%D8%A7%D8%B1%D8%AF%D8%A7%D8%B1-%D9%85%D8%AA%D8%B9%D8%A7%D9%82%D8%A8-%D9%BE%D8%B0%DB%8C%D8%B1%D8%B4-%D8%AE%D9%88%D8%A7%D8%B3%D8%AA%D9%87%D9%87%D8%A7%DB%8C%D8%B4-%D8%A8%D9%87-%D8%A7%D8%B9%D8%AA%D8%B5%D8%A7%D8%A8-%D8%BA%D8%B0%D8%A7-%D9%BE%D8%A7%DB%8C%D8%A7%D9%86-%D8%AF%D8%A7%D8%AF\" target=\"_blank\" rel=\"noreferrer noopener\">promesses<\/a>, les autorit\u00e9s de la prison d&#8217;Ourmia ont d\u00e9cid\u00e9 qu&#8217;une \u00e9quipe de m\u00e9decins du bureau de la police scientifique effectuerait l&#8217;\u00e9chographie et l&#8217;examinerait.<\/p>\n\n\n\n<p>Selon des sources inform\u00e9es, les autorit\u00e9s de la prison d&#8217;Ourmia ont dit \u00e0 Soada Khadirzadeh qu&#8217;elle serait probablement transf\u00e9r\u00e9e \u00e0 la prison de Mahabad dans les prochains jours.<\/p>\n\n\n\n<p>Soada Khadirzadeh a entam\u00e9 une <a href=\"https:\/\/wncri.org\/fr\/2022\/04\/29\/prisonniere-politique-saada-khadirzadeh\/\" target=\"_blank\" rel=\"noreferrer noopener\">gr\u00e8ve de la faim<\/a> le 26 avril 2022, alors qu&#8217;elle \u00e9tait enceinte de huit mois. Elle protestait contre le fait d&#8217;\u00eatre d\u00e9tenue avec un statut incertain pendant sept mois \u00e0 la prison centrale d&#8217;Ourmia.<\/p>\n\n\n\n<p>Dans un <a href=\"https:\/\/wncri.org\/fr\/2022\/04\/29\/prisonniere-politique-saada-khadirzadeh\/\" target=\"_blank\" rel=\"noreferrer noopener\">fichier audio<\/a> envoy\u00e9 depuis la prison, elle a r\u00e9p\u00e9t\u00e9 : &#8220;Je suis d\u00e9tenue comme une otage.&#8221;<\/p>\n\n\n\n<p><strong>Soada Khadirzadeh perd connaissance apr\u00e8s avoir entam\u00e9 une gr\u00e8ve de la faim<\/strong><strong><\/strong><\/p>\n\n\n\n<p>La prisonni\u00e8re politique Soada Khadirzadeh a perdu connaissance dans l&#8217;une des salles de la prison centrale d&#8217;Ourmia le lundi 2 mai 2022, au huiti\u00e8me jour de sa <a href=\"https:\/\/hengaw.net\/en\/news\/soada-khadirzadeh-a-pregnant-political-prisoner-in-urmia-prison-continues-her-hunger-strike\" target=\"_blank\" rel=\"noreferrer noopener\">gr\u00e8ve de la faim.<\/a><\/p>\n\n\n\n<p>Le dimanche 1er mai 2022, les forces de s\u00e9curit\u00e9 ont fait deux descentes chez Soada Khadirzadeh dans le quartier des femmes de la prison centrale d&#8217;Ourmia. Elles ont inspect\u00e9 toutes les affaires de cette prisonni\u00e8re politique enceinte et de ses camarades de cellule.<\/p>\n\n\n\n<p>Apr\u00e8s quelques heures, ils ont transf\u00e9r\u00e9 la prisonni\u00e8re politique enceinte Soada Khadirzadeh vers un lieu inconnu, mais l&#8217;ont ramen\u00e9e dans la nuit.<\/p>\n\n\n\n<p>Soada est dans des conditions difficiles en raison de sa grossesse. Une source inform\u00e9e a donn\u00e9 des informations sur le raid des forces de s\u00e9curit\u00e9 dans le quartier des femmes : &#8220;Les forces de s\u00e9curit\u00e9 ont manqu\u00e9 de respect \u00e0 Soada et \u00e0 ses compagnes de cellule. Ils ont fouill\u00e9 leurs affaires sous pr\u00e9texte d&#8217;avoir un t\u00e9l\u00e9phone portable.&#8221;<\/p>\n\n\n\n<p>La veille, la prisonni\u00e8re politique Soada Khadirzadeh a d\u00e9clar\u00e9 au directeur de la prison d&#8217;Ourmia qu&#8217;elle poursuivrait sa gr\u00e8ve de la faim tant que ses revendications ne seraient pas satisfaites.<\/p>\n\n\n\n<p>La prisonni\u00e8re politique Soada Khadirzadeh a soulign\u00e9 que &#8220;je poursuivrai ma gr\u00e8ve de la faim m\u00eame si ma sant\u00e9 et mon f\u0153tus de huit mois sont mis en danger.&#8221;<\/p>\n\n\n\n<p>La prisonni\u00e8re politique Soada Khadirzadeh, 32 ans, est originaire de <a href=\"https:\/\/fr.wikipedia.org\/wiki\/Piranchahr\" target=\"_blank\" rel=\"noreferrer noopener\">Piranchahr<\/a>, dans la province <a href=\"https:\/\/www.britannica.com\/place\/Azerbaijan-region-Iran\" target=\"_blank\" rel=\"noreferrer noopener\">d&#8217;Azerba\u00efdjan occidental<\/a>. Elle est mari\u00e9e, a deux enfants et \u00e9tait enceinte d&#8217;un mois lorsqu&#8217;elle a \u00e9t\u00e9 arr\u00eat\u00e9e.<\/p>\n\n\n\n<p>Les forces de s\u00e9curit\u00e9 ont <a href=\"https:\/\/wncri.org\/fr\/2021\/10\/21\/arrestation-arbitraire-dune-femme-enceinte-et-dune-mere-avec-son-jeune\/\" target=\"_blank\" rel=\"noreferrer noopener\">arr\u00eat\u00e9<\/a> Mme Khadirzadeh le 14 octobre 2021. On ignore \u00e0 ce jour pourquoi et sur quelles charges elle a \u00e9t\u00e9 arr\u00eat\u00e9e.<\/p>\n\n\n\n<p>Le 8 novembre 2021, elle a \u00e9t\u00e9 transf\u00e9r\u00e9e du centre de d\u00e9tention des pasdarans \u00e0 la <a href=\"https:\/\/wncri.org\/fr\/2020\/10\/28\/300-prisonnieres\/\" target=\"_blank\" rel=\"noreferrer noopener\">prison centrale d&#8217;Ourmia<\/a>. Elle a \u00e9t\u00e9 priv\u00e9e de visites familiales ou de l&#8217;acc\u00e8s \u00e0 un avocat tout au long de sa d\u00e9tention.<\/p>\n\n\n\n<p>La prisonni\u00e8re politique Soada Khadirzadeh est dans <a href=\"https:\/\/wncri.org\/fr\/2021\/11\/13\/un-coup-doeil-sur-la-situation-des-prisonnieres-politiques-en-iran\/\" target=\"_blank\" rel=\"noreferrer noopener\">un \u00e9tat physique critique<\/a> et souffre d&#8217;un disque lombaire. Elle a \u00e9galement un probl\u00e8me cardiaque. N\u00e9anmoins, l&#8217;enqu\u00eateur et les autorit\u00e9s de la prison ont rejet\u00e9 sa demande de <a href=\"https:\/\/wncri.org\/fr\/2022\/01\/14\/saada-khadirzadeh-enceinte-non-liberee-malgre-un-certificat-medical-en-iran\/\" target=\"_blank\" rel=\"noreferrer noopener\">lib\u00e9ration conditionnelle<\/a>, m\u00eame sous caution.<\/p>\n","protected":false},"excerpt":{"rendered":"<p>Les autorit\u00e9s de la prison d&#8217;Ourmia n&#8217;ont pas hospitalis\u00e9 la prisonni\u00e8re politique enceinte Soada Khadirzadeh pour lui faire passer une \u00e9chographie et d&#8217;autres examens m\u00e9dicaux n\u00e9cessaires. Mme Khadirzadeh a mis fin \u00e0 sa gr\u00e8ve de la faim le 7 mai 2022, apr\u00e8s que les autorit\u00e9s de la prison d&#8217;Ourmia ont promis de satisfaire ses demandes [&hellip;]<\/p>\n","protected":false},"author":4,"featured_media":15702,"comment_status":"closed","ping_status":"closed","sticky":false,"template":"","format":"standard","meta":{"jnews-multi-image_gallery":[],"jnews_single_post":{"subtitle":"","format":"standard","video":"","gallery":"","source_name":"","source_url":"","via_name":"","via_url":"","override_template":"0","override":[{"template":"7","single_blog_custom":"","parallax":"1","fullscreen":"1","layout":"right-sidebar","sidebar":"default-sidebar","second_sidebar":"default-sidebar","sticky_sidebar":"1","share_position":"floatbottom","share_float_style":"share-normal","show_share_counter":"1","show_view_counter":"1","show_featured":"1","show_post_meta":"1","show_post_author":"0","show_post_author_image":"1","show_post_date":"1","post_date_format":"default","post_date_format_custom":"Y\/m\/d","show_post_category":"1","show_post_reading_time":"0","post_reading_time_wpm":"300","show_zoom_button":"0","zoom_button_out_step":"2","zoom_button_in_step":"3","show_post_tag":"1","show_prev_next_post":"0","show_popup_post":"1","number_popup_post":"1","show_author_box":"0","show_post_related":"1","show_inline_post_related":"1"}],"override_image_size":"0","image_override":[{"single_post_thumbnail_size":"crop-500","single_post_gallery_size":"crop-500"}],"trending_post":"0","trending_post_position":"meta","trending_post_label":"Trending","sponsored_post":"0","sponsored_post_label":"Sponsored by","sponsored_post_name":"","sponsored_post_url":"","sponsored_post_logo_enable":"0","sponsored_post_logo":"","sponsored_post_desc":"","disable_ad":"0"},"jnews_primary_category":{"id":""},"jnews_social_meta":{"fb_title":"","fb_description":"","fb_image":"","twitter_title":"","twitter_description":"","twitter_image":""},"jnews_override_counter":{"override_view_counter":"0","view_counter_number":"0","override_share_counter":"0","share_counter_number":"0","override_like_counter":"0","like_counter_number":"0","override_dislike_counter":"0","dislike_counter_number":"0"},"footnotes":""},"categories":[3],"tags":[367,370,376],"class_list":["post-15701","post","type-post","status-publish","format-standard","has-post-thumbnail","hentry","category-infos-des-femmes","tag-execution","tag-prisonnieres","tag-violence-contre-les-femmes"],"_links":{"self":[{"href":"https:\/\/wncri.org\/fr\/wp-json\/wp\/v2\/posts\/15701","targetHints":{"allow":["GET"]}}],"collection":[{"href":"https:\/\/wncri.org\/fr\/wp-json\/wp\/v2\/posts"}],"about":[{"href":"https:\/\/wncri.org\/fr\/wp-json\/wp\/v2\/types\/post"}],"author":[{"embeddable":true,"href":"https:\/\/wncri.org\/fr\/wp-json\/wp\/v2\/users\/4"}],"replies":[{"embeddable":true,"href":"https:\/\/wncri.org\/fr\/wp-json\/wp\/v2\/comments?post=15701"}],"version-history":[{"count":1,"href":"https:\/\/wncri.org\/fr\/wp-json\/wp\/v2\/posts\/15701\/revisions"}],"predecessor-version":[{"id":15703,"href":"https:\/\/wncri.org\/fr\/wp-json\/wp\/v2\/posts\/15701\/revisions\/15703"}],"wp:featuredmedia":[{"embeddable":true,"href":"https:\/\/wncri.org\/fr\/wp-json\/wp\/v2\/media\/15702"}],"wp:attachment":[{"href":"https:\/\/wncri.org\/fr\/wp-json\/wp\/v2\/media?parent=15701"}],"wp:term":[{"taxonomy":"category","embeddable":true,"href":"https:\/\/wncri.org\/fr\/wp-json\/wp\/v2\/categories?post=15701"},{"taxonomy":"post_tag","embeddable":true,"href":"https:\/\/wncri.org\/fr\/wp-json\/wp\/v2\/tags?post=15701"}],"curies":[{"name":"wp","href":"https:\/\/api.w.org\/{rel}","templated":true}]}}