{"id":15675,"date":"2022-05-04T14:23:00","date_gmt":"2022-05-04T12:23:00","guid":{"rendered":"https:\/\/wncri.org\/fr\/?p=15675"},"modified":"2022-05-05T02:27:37","modified_gmt":"2022-05-05T00:27:37","slug":"prisonniere-affaiblie-soada-khadirzadeh","status":"publish","type":"post","link":"https:\/\/wncri.org\/fr\/2022\/05\/04\/prisonniere-affaiblie-soada-khadirzadeh\/","title":{"rendered":"La prisonni\u00e8re affaiblie Soada Khadirzadeh a perdu connaissance dans le hall de la prison"},"content":{"rendered":"\n<p>La prisonni\u00e8re politique affaiblie par la faim Soada Khadirzadeh a perdu connaissance dans le hall de la <a href=\"https:\/\/wncri.org\/fr\/2021\/12\/10\/les-conditions-des-femmes-prisons\/\" target=\"_blank\" rel=\"noreferrer noopener\">prison centrale d&#8217;Ourmia,<\/a> le lundi 2 mai 2022, au huiti\u00e8me jour de sa gr\u00e8ve de la faim.<\/p>\n\n\n\n<p>Le dimanche 1er mai, les forces de s\u00e9curit\u00e9 ont fait deux descentes chez Soada Khadirzadeh dans le quartier des femmes de la prison centrale d&#8217;Ourmia. Elles ont inspect\u00e9 toutes les affaires de cette prisonni\u00e8re politique enceinte et de ses compagnes de cellule.<\/p>\n\n\n\n<p>Quelques heures plus tard, ils ont transf\u00e9r\u00e9 la prisonni\u00e8re politique enceinte Soada Khadirzadeh vers un lieu inconnu mais l&#8217;ont ramen\u00e9e dans la nuit.<\/p>\n\n\n\n<p>Soada en \u00e9tait au sixi\u00e8me jour de sa gr\u00e8ve de la faim. Elle est soumise \u00e0 des conditions difficiles en raison de sa grossesse.<\/p>\n\n\n\n<p>Une source inform\u00e9e a donn\u00e9 des informations sur le raid des forces de s\u00e9curit\u00e9 dans le quartier des femmes : &#8220;Les forces de s\u00e9curit\u00e9 lui ont manqu\u00e9 de respect ainsi qu&#8217;\u00e0 ses cod\u00e9tenues et ont fouill\u00e9 leurs affaires sous pr\u00e9texte d&#8217;avoir un t\u00e9l\u00e9phone portable.&#8221;<\/p>\n\n\n\n<p>La veille de son transfert vers un lieu inconnu, la prisonni\u00e8re politique Soada Khadirzadeh a d\u00e9clar\u00e9 \u00e0 Bakhshi, le directeur de la prison d&#8217;Ourmia, que tant que ses demandes ne seraient pas satisfaites, elle poursuivrait sa gr\u00e8ve de la faim.<\/p>\n\n\n\n<p>La prisonni\u00e8re politique Soada Khadirzadeh a soulign\u00e9 que &#8220;je poursuivrai ma gr\u00e8ve de la faim m\u00eame si ma sant\u00e9 et mon f\u0153tus de 8 mois sont mis en danger.&#8221;<\/p>\n\n\n\n<h3 class=\"wp-block-heading\"><strong>La prisonni\u00e8re politique Soada Khadirzadeh entame une gr\u00e8ve de la faim<\/strong><\/h3>\n\n\n\n<p>La prisonni\u00e8re politique Soada Khadirzadeh a entam\u00e9 une gr\u00e8ve de la faim le 26 avril 2022 \u00e0 la <a href=\"https:\/\/wncri.org\/fr\/2021\/12\/10\/les-conditions-des-femmes-prisons\/\" target=\"_blank\" rel=\"noreferrer noopener\">prison centrale d&#8217;Ourmia<\/a> pour protester contre sept mois de d\u00e9tention temporaire au statut incertain.<\/p>\n\n\n\n<p>La prisonni\u00e8re politique Soada Khadirzadeh, 32 ans, est originaire de <a href=\"https:\/\/fr.wikipedia.org\/wiki\/Piranchahr\" target=\"_blank\" rel=\"noreferrer noopener\">Piranchahr<\/a>, dans la province <a href=\"https:\/\/www.britannica.com\/place\/Azerbaijan-region-Iran\" target=\"_blank\" rel=\"noreferrer noopener\">d&#8217;Azerba\u00efdjan<\/a> occidental. Elle est mari\u00e9e, a deux enfants et \u00e9tait enceinte d&#8217;un mois lorsqu&#8217;elle a \u00e9t\u00e9 arr\u00eat\u00e9e.<\/p>\n\n\n\n<p>Les forces de s\u00e9curit\u00e9 ont <a href=\"https:\/\/wncri.org\/fr\/2021\/10\/21\/arrestation-arbitraire-dune-femme-enceinte-et-dune-mere-avec-son-jeune\/\" target=\"_blank\" rel=\"noreferrer noopener\">arr\u00eat\u00e9<\/a> Mme Khadirzadeh le 14 octobre 2021. On ignore \u00e0 ce jour pourquoi et sur quelles charges elle a \u00e9t\u00e9 arr\u00eat\u00e9e.<\/p>\n\n\n\n<p>Le 8 novembre 2021, elle a \u00e9t\u00e9 transf\u00e9r\u00e9e du centre de d\u00e9tention des pasdarans \u00e0 <a href=\"https:\/\/wncri.org\/fr\/2020\/10\/28\/300-prisonnieres\/\" target=\"_blank\" rel=\"noreferrer noopener\">la prison centrale d&#8217;Ourmia.<\/a> Elle a \u00e9t\u00e9 priv\u00e9e de visites de sa famille ou de l&#8217;acc\u00e8s \u00e0 un avocat tout au long de sa d\u00e9tention.<\/p>\n\n\n\n<p>La prisonni\u00e8re politique Soada Khadirzadeh est dans un <a href=\"https:\/\/wncri.org\/fr\/2021\/11\/13\/un-coup-doeil-sur-la-situation-des-prisonnieres-politiques-en-iran\/\" target=\"_blank\" rel=\"noreferrer noopener\">\u00e9tat physique critique<\/a> et souffre d&#8217;un disque lombaire. Elle a \u00e9galement un probl\u00e8me cardiaque. N\u00e9anmoins, l&#8217;enqu\u00eateur et les autorit\u00e9s de la prison ont rejet\u00e9 sa demande <a href=\"https:\/\/wncri.org\/fr\/2022\/01\/14\/saada-khadirzadeh-enceinte-non-liberee-malgre-un-certificat-medical-en-iran\/\" target=\"_blank\" rel=\"noreferrer noopener\">de lib\u00e9ration conditionnelle<\/a>, m\u00eame sous caution.<\/p>\n\n\n\n<p>La prisonni\u00e8re politique kurde Soada Khadirzadeh a envoy\u00e9 <a href=\"https:\/\/wncri.org\/fr\/2022\/04\/29\/prisonniere-politique-saada-khadirzadeh\/\" target=\"_blank\" rel=\"noreferrer noopener\">un fichier audio<\/a> depuis la prison. Elle d\u00e9clare dans ce fichier audio : &#8220;Sept mois apr\u00e8s avoir \u00e9t\u00e9 d\u00e9tenue, ma condition physique et ma sant\u00e9 sont tr\u00e8s mauvaises. Je suis enceinte de huit mois. Les personnes qui sont mes plaignants ont emp\u00each\u00e9 ma libert\u00e9, mais je suis innocente. Je paie le prix \u00e0 la place de quelqu&#8217;un d&#8217;autre, et je suis retenue en otage.&#8221;<\/p>\n\n\n\n<p>Dans une autre partie de son fichier audio, elle dit : &#8220;D\u00e8s les premiers jours de mon emprisonnement au centre de d\u00e9tention du d\u00e9partement des renseignements, j&#8217;ai \u00e9t\u00e9 soumise \u00e0 une grave torture psychologique. J&#8217;ai subi beaucoup de manque de respect et d&#8217;insultes. Les forces de s\u00e9curit\u00e9 m&#8217;ont m\u00eame fait des propositions contraires \u00e0 l&#8217;\u00e9thique. J&#8217;ai \u00e9t\u00e9 menac\u00e9e et forc\u00e9e de faire des aveux \u00e0 de nombreuses reprises alors que je ne savais rien de l&#8217;affaire. Je suis innocent&#8221;.<\/p>\n","protected":false},"excerpt":{"rendered":"<p>La prisonni\u00e8re politique affaiblie par la faim Soada Khadirzadeh a perdu connaissance dans le hall de la prison centrale d&#8217;Ourmia, le lundi 2 mai 2022, au huiti\u00e8me jour de sa gr\u00e8ve de la faim. Le dimanche 1er mai, les forces de s\u00e9curit\u00e9 ont fait deux descentes chez Soada Khadirzadeh dans le quartier des femmes de [&hellip;]<\/p>\n","protected":false},"author":4,"featured_media":15676,"comment_status":"closed","ping_status":"closed","sticky":false,"template":"","format":"standard","meta":{"jnews-multi-image_gallery":[],"jnews_single_post":{"subtitle":"","format":"standard","video":"","gallery":"","source_name":"","source_url":"","via_name":"","via_url":"","override_template":"0","override":[{"template":"7","single_blog_custom":"","parallax":"1","fullscreen":"1","layout":"right-sidebar","sidebar":"default-sidebar","second_sidebar":"default-sidebar","sticky_sidebar":"1","share_position":"floatbottom","share_float_style":"share-normal","show_share_counter":"1","show_view_counter":"1","show_featured":"1","show_post_meta":"1","show_post_author":"0","show_post_author_image":"1","show_post_date":"1","post_date_format":"default","post_date_format_custom":"Y\/m\/d","show_post_category":"1","show_post_reading_time":"0","post_reading_time_wpm":"300","show_zoom_button":"0","zoom_button_out_step":"2","zoom_button_in_step":"3","show_post_tag":"1","show_prev_next_post":"0","show_popup_post":"1","number_popup_post":"1","show_author_box":"0","show_post_related":"1","show_inline_post_related":"1"}],"override_image_size":"0","image_override":[{"single_post_thumbnail_size":"crop-500","single_post_gallery_size":"crop-500"}],"trending_post":"0","trending_post_position":"meta","trending_post_label":"Trending","sponsored_post":"0","sponsored_post_label":"Sponsored by","sponsored_post_name":"","sponsored_post_url":"","sponsored_post_logo_enable":"0","sponsored_post_logo":"","sponsored_post_desc":"","disable_ad":"0"},"jnews_primary_category":{"id":""},"jnews_social_meta":{"fb_title":"","fb_description":"","fb_image":"","twitter_title":"","twitter_description":"","twitter_image":""},"jnews_override_counter":{"override_view_counter":"0","view_counter_number":"0","override_share_counter":"0","share_counter_number":"0","override_like_counter":"0","like_counter_number":"0","override_dislike_counter":"0","dislike_counter_number":"0"},"footnotes":""},"categories":[3],"tags":[370,376],"class_list":["post-15675","post","type-post","status-publish","format-standard","has-post-thumbnail","hentry","category-infos-des-femmes","tag-prisonnieres","tag-violence-contre-les-femmes"],"_links":{"self":[{"href":"https:\/\/wncri.org\/fr\/wp-json\/wp\/v2\/posts\/15675","targetHints":{"allow":["GET"]}}],"collection":[{"href":"https:\/\/wncri.org\/fr\/wp-json\/wp\/v2\/posts"}],"about":[{"href":"https:\/\/wncri.org\/fr\/wp-json\/wp\/v2\/types\/post"}],"author":[{"embeddable":true,"href":"https:\/\/wncri.org\/fr\/wp-json\/wp\/v2\/users\/4"}],"replies":[{"embeddable":true,"href":"https:\/\/wncri.org\/fr\/wp-json\/wp\/v2\/comments?post=15675"}],"version-history":[{"count":1,"href":"https:\/\/wncri.org\/fr\/wp-json\/wp\/v2\/posts\/15675\/revisions"}],"predecessor-version":[{"id":15677,"href":"https:\/\/wncri.org\/fr\/wp-json\/wp\/v2\/posts\/15675\/revisions\/15677"}],"wp:featuredmedia":[{"embeddable":true,"href":"https:\/\/wncri.org\/fr\/wp-json\/wp\/v2\/media\/15676"}],"wp:attachment":[{"href":"https:\/\/wncri.org\/fr\/wp-json\/wp\/v2\/media?parent=15675"}],"wp:term":[{"taxonomy":"category","embeddable":true,"href":"https:\/\/wncri.org\/fr\/wp-json\/wp\/v2\/categories?post=15675"},{"taxonomy":"post_tag","embeddable":true,"href":"https:\/\/wncri.org\/fr\/wp-json\/wp\/v2\/tags?post=15675"}],"curies":[{"name":"wp","href":"https:\/\/api.w.org\/{rel}","templated":true}]}}