{"id":1567,"date":"2016-09-25T16:57:55","date_gmt":"2016-09-25T16:57:55","guid":{"rendered":"https:\/\/wncri.org\/frdev\/2016\/09\/25\/iran-justice-pour-les-victimes-de-1988-comite-massacre-forme\/"},"modified":"2016-09-25T16:57:55","modified_gmt":"2016-09-25T16:57:55","slug":"iran-justice-pour-les-victimes-de-1988-comite-massacre-forme","status":"publish","type":"post","link":"https:\/\/wncri.org\/fr\/2016\/09\/25\/iran-justice-pour-les-victimes-de-1988-comite-massacre-forme\/","title":{"rendered":"Iran : formation d&#8217;un comit\u00e9 &#8220;justice pour les victimes du massacre de 1988&#8221;"},"content":{"rendered":"<p>CNRI Femmes \u2013 Le comit\u00e9 \u00ab\u00a0Justice pour les victimes du massacre de 1988 en Iran\u00a0\u00bb a annonc\u00e9 sa formation le 21 septembre 2016 \u00e0 Gen\u00e8ve.<\/p>\n<p>  <!--more-->  <\/p>\n<p>Compos\u00e9 d&#8217;experts des droits humains et de personnalit\u00e9s de renom, le comit\u00e9 a exhort\u00e9 le Conseil des droits de l\u2019Homme de l&#8217;ONU \u00e0 enqu\u00eater sur les vastes ex\u00e9cutions de prisonniers politiques en Iran durant l\u2019\u00e9t\u00e9 1988 \u00e0 la lumi\u00e8re des documents r\u00e9cemment r\u00e9v\u00e9l\u00e9s.\u00a0Rama Yade, ex-ministre fran\u00e7aise des droits humains, et Ingrid Betancourt, ex-candidate \u00e0 la pr\u00e9sidence de la Colombie, figurent au nombre des membres du Comit\u00e9, bas\u00e9 \u00e0 Londres. Le comit\u00e9 \u00ab\u00a0justice pour les victimes du massacre de 1988 en Iran\u00a0\u00bb a demand\u00e9 \u00e0 l&#8217;ONU de former une commission d&#8217;enqu\u00eate \u00e0 cet \u00e9gard.\u00a0Dans une conf\u00e9rence de presse \u00e0 Gen\u00e8ve, Ingrid Betancourt a estim\u00e9 que \u00ab\u00a0c\u2019est une action tout \u00e0 fait importante dans l\u2019int\u00e9r\u00eat de la d\u00e9fense des droits humains &#8230; Ceux qui sont accus\u00e9s sont aujourd&#8217;hui aux postes les plus importants du gouvernement iranien. Il va sans dire que le fait que ces criminels aient des postes\u00a0 de responsabilit\u00e9 montre \u00e0 quel point probl\u00e8me le gouvernement iranien d\u2019aujourd\u2019hui pose un probl\u00e8me.\u00a0\u00bb\u00a0Une exposition s\u2019est \u00e9galement tenue \u00e0 Paris en aout sur ce massacre o\u00f9\u00a0 des personnalit\u00e9s avaient pris la parole pour appeler \u00e0 une enqu\u00eate internationale. Rama Yade y avait d\u00e9nonc\u00e9 une catastrophe cach\u00e9e, cach\u00e9e au monde et cach\u00e9e \u00e0 l\u2019histoire. Elle avait estim\u00e9 qu\u2019il \u00e9tait important de rendre hommage aux 30.000 hommes et les femmes massacr\u00e9s dans les prisons iraniennes, des hommes et femmes enterr\u00e9s dans des tombes anonymes, sans le moindre respect.\u00a0Rama Yade avait parl\u00e9 de double catastrophe car il n&#8217;y a pas eu d&#8217;enqu\u00eate judiciaire. Elle avait point\u00e9 sur les nombreuses injustices faites aux jeunes victimes, parfois tr\u00e8s jeunes \u2013 des \u00e9tudiants, les sportifs, et divers repr\u00e9sentants de la soci\u00e9t\u00e9 iranienne. Toute une g\u00e9n\u00e9ration. C\u2019est \u00e9galement une injustice vis-\u00e0-vis des familles qui ne savent pas o\u00f9 ont \u00e9t\u00e9 enterr\u00e9s leurs proches.\u00a0<\/p>\n","protected":false},"excerpt":{"rendered":"<p>CNRI Femmes \u2013 Le comit\u00e9 \u00ab\u00a0Justice pour les victimes du massacre de 1988 en Iran\u00a0\u00bb a annonc\u00e9 sa formation le 21 septembre 2016 \u00e0 Gen\u00e8ve.<\/p>\n","protected":false},"author":1,"featured_media":4127,"comment_status":"open","ping_status":"open","sticky":false,"template":"","format":"standard","meta":{"jnews-multi-image_gallery":[],"jnews_single_post":[],"jnews_primary_category":[],"jnews_social_meta":[],"jnews_override_counter":[],"footnotes":""},"categories":[3],"tags":[],"class_list":["post-1567","post","type-post","status-publish","format-standard","has-post-thumbnail","hentry","category-infos-des-femmes"],"_links":{"self":[{"href":"https:\/\/wncri.org\/fr\/wp-json\/wp\/v2\/posts\/1567","targetHints":{"allow":["GET"]}}],"collection":[{"href":"https:\/\/wncri.org\/fr\/wp-json\/wp\/v2\/posts"}],"about":[{"href":"https:\/\/wncri.org\/fr\/wp-json\/wp\/v2\/types\/post"}],"author":[{"embeddable":true,"href":"https:\/\/wncri.org\/fr\/wp-json\/wp\/v2\/users\/1"}],"replies":[{"embeddable":true,"href":"https:\/\/wncri.org\/fr\/wp-json\/wp\/v2\/comments?post=1567"}],"version-history":[{"count":0,"href":"https:\/\/wncri.org\/fr\/wp-json\/wp\/v2\/posts\/1567\/revisions"}],"wp:featuredmedia":[{"embeddable":true,"href":"https:\/\/wncri.org\/fr\/wp-json\/wp\/v2\/media\/4127"}],"wp:attachment":[{"href":"https:\/\/wncri.org\/fr\/wp-json\/wp\/v2\/media?parent=1567"}],"wp:term":[{"taxonomy":"category","embeddable":true,"href":"https:\/\/wncri.org\/fr\/wp-json\/wp\/v2\/categories?post=1567"},{"taxonomy":"post_tag","embeddable":true,"href":"https:\/\/wncri.org\/fr\/wp-json\/wp\/v2\/tags?post=1567"}],"curies":[{"name":"wp","href":"https:\/\/api.w.org\/{rel}","templated":true}]}}