{"id":15665,"date":"2022-05-02T21:38:00","date_gmt":"2022-05-02T19:38:00","guid":{"rendered":"https:\/\/wncri.org\/fr\/?p=15665"},"modified":"2022-05-03T21:51:14","modified_gmt":"2022-05-03T19:51:14","slug":"prisonniere-politique-yasaman","status":"publish","type":"post","link":"https:\/\/wncri.org\/fr\/2022\/05\/02\/prisonniere-politique-yasaman\/","title":{"rendered":"Un nouveau dossier est ouvert contre la prisonni\u00e8re politique Yasaman Aryani"},"content":{"rendered":"\n<h2 class=\"wp-block-heading\"><em>Monireh Arabshahi en mauvaise sant\u00e9<\/em><\/h2>\n\n\n\n<p>Le tribunal p\u00e9nal de T\u00e9h\u00e9ran a intent\u00e9 un nouveau proc\u00e8s au prisonni\u00e8re politique Yasaman Aryani, emprisonn\u00e9e \u00e0 la prison de Kachouii \u00e0 Karaj. La prisonni\u00e8re politique Yasaman Aryani a \u00e9t\u00e9 condamn\u00e9e \u00e0 cinq mois d&#8217;emprisonnement en plus de sa pr\u00e9c\u00e9dente peine de prison par ce tribunal provincial le 26 avril.<\/p>\n\n\n\n<p>Mme Aryani a \u00e9t\u00e9 <a href=\"https:\/\/wncri.org\/2019\/08\/01\/55-years-for-three-womens-rights-activists-parvin-advaii-arrested\/\" target=\"_blank\" rel=\"noreferrer noopener\">condamn\u00e9e \u00e0 16 ans<\/a> de prison pour s&#8217;\u00eatre oppos\u00e9e au <a href=\"https:\/\/wncri.org\/2018\/12\/13\/the-compulsory-veil\/\" target=\"_blank\" rel=\"noreferrer noopener\">hijab obligatoire<\/a> et avoir particip\u00e9 \u00e0 des manifestations antigouvernementales. Apr\u00e8s de nombreux appels, la peine a \u00e9t\u00e9 r\u00e9duite \u00e0 neuf ans et sept mois d&#8217;emprisonnement.<\/p>\n\n\n\n<p>Une source inform\u00e9e a expliqu\u00e9 la nouvelle affaire de la prisonni\u00e8re politique Yasaman Aryani. &#8220;Cette affaire est li\u00e9e \u00e0 avril 2018, lorsque <a href=\"https:\/\/ipa.united4iran.org\/en\/prisoner\/4711\/\" target=\"_blank\" rel=\"noreferrer noopener\">Yasaman Aryani<\/a> \u00e9tait dans le train et a dit \u00e0 un homme dans le wagon des femmes d&#8217;aller dans la section des hommes. Cet homme a attaqu\u00e9 Yasaman Aryani, lui donnant des coups de pied et brisant son t\u00e9l\u00e9phone. Yasaman Aryani a publi\u00e9 une histoire sur son Instagram dans laquelle elle raconte avoir \u00e9t\u00e9 offens\u00e9e et agress\u00e9e verbalement par cet homme. Amir Raisian, son avocat, avait auparavant contribu\u00e9 \u00e0 emp\u00eacher les poursuites contre Yasaman Aryani pour cet incident. Cependant, le procureur de T\u00e9h\u00e9ran a d\u00e9pos\u00e9 une plainte et renvoy\u00e9 l&#8217;affaire \u00e0 une autre branche qui a abouti \u00e0 la condamnation de Yasaman Aryani \u00e0 cinq mois d&#8217;emprisonnement.&#8221;<\/p>\n\n\n\n<p>La prisonni\u00e8re politique Yasaman Aryani et sa m\u00e8re, Monireh Arabshahi, ont \u00e9t\u00e9 <a href=\"https:\/\/wncri.org\/2020\/10\/22\/evin-prison-authorities-transfer-political-prisoners\/\" target=\"_blank\" rel=\"noreferrer noopener\">bannies<\/a> du <a href=\"https:\/\/wncri.org\/fr\/2021\/12\/10\/les-conditions-des-femmes-prisons\/\" target=\"_blank\" rel=\"noreferrer noopener\">quartier des femmes de la prison d&#8217;Evin<\/a> pour \u00eatre transf\u00e9r\u00e9es \u00e0 la prison de Kachouii \u00e0 Karaj le 22 octobre 2020.<\/p>\n\n\n\n<h3 class=\"wp-block-heading\"><strong>Qui est la prisonni\u00e8re politique Yasaman Aryani<\/strong><strong> ? <\/strong><strong><\/strong><\/h3>\n\n\n\n<p>Yasaman Aryani, 25 ans, a \u00e9t\u00e9 arr\u00eat\u00e9e avec plusieurs jeunes militants des droits civiques lors des manifestations d&#8217;ao\u00fbt 2018 et transf\u00e9r\u00e9e \u00e0 la <a href=\"https:\/\/wncri.org\/fr\/2020\/01\/06\/12-prisonnieres-politiques-denoncent-la-repression-a-la-prison-devine\/\" target=\"_blank\" rel=\"noreferrer noopener\">prison de Qarchak<\/a>, \u00e0 Varamin.<\/p>\n\n\n\n<p>La prisonni\u00e8re politique Yasaman Aryani a \u00e9t\u00e9 arr\u00eat\u00e9e alors qu&#8217;il aidait une autre femme agress\u00e9e par la police devant le th\u00e9\u00e2tre municipal. Apr\u00e8s une p\u00e9riode d&#8217;incertitude dans cette prison, <a href=\"https:\/\/wncri.org\/2019\/02\/24\/saba-kord-afshari-yasamin-ariani-amnesty\/\" target=\"_blank\" rel=\"noreferrer noopener\">elle a \u00e9t\u00e9 condamn\u00e9e \u00e0 un an<\/a> pour &#8220;trouble \u00e0 l&#8217;ordre public&#8221; et transf\u00e9r\u00e9e \u00e0 la prison d&#8217;Evin.<\/p>\n\n\n\n<p>Elle a diffus\u00e9 une vid\u00e9o depuis l&#8217;int\u00e9rieur du fourgon de police qui l&#8217;emmenait en prison et a annonc\u00e9 son nom et celui des personnes arr\u00eat\u00e9es avec elle.<\/p>\n\n\n\n<p>Apr\u00e8s sa sortie de prison le 13 f\u00e9vrier 2019, la militante des droits civiques Yasaman Aryani a annonc\u00e9 que sa lib\u00e9ration avec <a href=\"https:\/\/wncri.org\/fr\/2019\/02\/02\/yassamine-ariani-et-saba-kord-afshari-rejettent-les-fausses-allegations-du-journal-iran\/\" target=\"_blank\" rel=\"noreferrer noopener\">amnistie<\/a> n&#8217;\u00e9tait qu&#8217;un spectacle de la part des responsables gouvernementaux. Apr\u00e8s sa lib\u00e9ration, elle et Saba Kord Afshari ont parl\u00e9 dans une interview des conditions de d\u00e9tention et des crimes commis contre les femmes d\u00e9tenues.<\/p>\n\n\n\n<h3 class=\"wp-block-heading\"><strong>La prisonni\u00e8re politique Monireh Arabshahi en mauvaise sant\u00e9<\/strong><\/h3>\n\n\n\n<p><a href=\"http:\/\/Monireh%20Arabshahi\" target=\"_blank\" rel=\"noreferrer noopener\">Monireh Arabshahi<\/a>, militante civile et m\u00e8re de Yasaman Aryani, a \u00e9t\u00e9 envoy\u00e9e de la prison de Kachouii \u00e0 l&#8217;h\u00f4pital Rajai de Karaj le 1er mai 2022, en raison de la d\u00e9t\u00e9rioration de son \u00e9tat physique.<\/p>\n\n\n\n<p>Une source bien inform\u00e9e a d\u00e9clar\u00e9 : &#8220;Un m\u00e9decin devrait surveiller en permanence Mme Arabshahi apr\u00e8s avoir subi une op\u00e9ration et drain\u00e9 sa glande thyro\u00efde. Son taux d&#8217;hormones doit \u00eatre contr\u00f4l\u00e9. Cela n&#8217;est pas possible dans les conditions de la prison ; cependant, le procureur s&#8217;oppose \u00e0 ce qu&#8217;elle soit envoy\u00e9e en cong\u00e9 m\u00e9dical.&#8221;<\/p>\n\n\n\n<p>Mme Arabshahi a \u00e9t\u00e9 envoy\u00e9e en cong\u00e9 m\u00e9dical de la prison de Kachouii \u00e0 Karaj le 3 mai 2021, moyennant une caution de 500 millions de tomans, et est retourn\u00e9e en prison le 23 juillet apr\u00e8s avoir subi une op\u00e9ration de la thyro\u00efde.<\/p>\n\n\n\n<p>Elle a de nouveau \u00e9t\u00e9 envoy\u00e9e en cong\u00e9 maladie le 4 ao\u00fbt, mais est retourn\u00e9e en prison le 4 octobre, alors que son traitement \u00e9tait incomplet.<\/p>\n\n\n\n<p>La militante des droits des femmes Monireh Arabshahi et sa fille, Yasaman Aryani, sont emprisonn\u00e9es pour s\u2019\u00eatre oppos\u00e9es au port du voile obligatoire et purgent une peine de 5,5 ans.<\/p>\n\n\n\n<p>La 28e branche du tribunal r\u00e9volutionnaire de T\u00e9h\u00e9ran a condamn\u00e9 Monireh Arabshahi et sa fille, Yasaman Aryani, \u00e0 16 ans de prison chacune, pour \u00ab&nbsp;rassemblement et collusion contre la s\u00e9curit\u00e9 nationale, propagande contre l\u2019\u00c9tat, et encouragement \u00e0 la corruption et \u00e0 la prostitution.&nbsp;\u00bb La Cour de r\u00e9vision a commu\u00e9 leur peine en 9 ans et 7 mois, dont 5 ans et 6 mois fermes pour chacune d\u2019entre elles.<\/p>\n","protected":false},"excerpt":{"rendered":"<p>Monireh Arabshahi en mauvaise sant\u00e9 Le tribunal p\u00e9nal de T\u00e9h\u00e9ran a intent\u00e9 un nouveau proc\u00e8s au prisonni\u00e8re politique Yasaman Aryani, emprisonn\u00e9e \u00e0 la prison de Kachouii \u00e0 Karaj. La prisonni\u00e8re politique Yasaman Aryani a \u00e9t\u00e9 condamn\u00e9e \u00e0 cinq mois d&#8217;emprisonnement en plus de sa pr\u00e9c\u00e9dente peine de prison par ce tribunal provincial le 26 avril. [&hellip;]<\/p>\n","protected":false},"author":4,"featured_media":15666,"comment_status":"closed","ping_status":"closed","sticky":false,"template":"","format":"standard","meta":{"jnews-multi-image_gallery":[],"jnews_single_post":{"subtitle":"","format":"standard","video":"","gallery":"","source_name":"","source_url":"","via_name":"","via_url":"","override_template":"0","override":[{"template":"7","single_blog_custom":"","parallax":"1","fullscreen":"1","layout":"right-sidebar","sidebar":"default-sidebar","second_sidebar":"default-sidebar","sticky_sidebar":"1","share_position":"floatbottom","share_float_style":"share-normal","show_share_counter":"1","show_view_counter":"1","show_featured":"1","show_post_meta":"1","show_post_author":"0","show_post_author_image":"1","show_post_date":"1","post_date_format":"default","post_date_format_custom":"Y\/m\/d","show_post_category":"1","show_post_reading_time":"0","post_reading_time_wpm":"300","show_zoom_button":"0","zoom_button_out_step":"2","zoom_button_in_step":"3","show_post_tag":"1","show_prev_next_post":"0","show_popup_post":"1","number_popup_post":"1","show_author_box":"0","show_post_related":"1","show_inline_post_related":"1"}],"override_image_size":"0","image_override":[{"single_post_thumbnail_size":"crop-500","single_post_gallery_size":"crop-500"}],"trending_post":"0","trending_post_position":"meta","trending_post_label":"Trending","sponsored_post":"0","sponsored_post_label":"Sponsored by","sponsored_post_name":"","sponsored_post_url":"","sponsored_post_logo_enable":"0","sponsored_post_logo":"","sponsored_post_desc":"","disable_ad":"0"},"jnews_primary_category":{"id":""},"jnews_social_meta":{"fb_title":"","fb_description":"","fb_image":"","twitter_title":"","twitter_description":"","twitter_image":""},"jnews_override_counter":{"override_view_counter":"0","view_counter_number":"0","override_share_counter":"0","share_counter_number":"0","override_like_counter":"0","like_counter_number":"0","override_dislike_counter":"0","dislike_counter_number":"0"},"footnotes":""},"categories":[3],"tags":[370,376],"class_list":["post-15665","post","type-post","status-publish","format-standard","has-post-thumbnail","hentry","category-infos-des-femmes","tag-prisonnieres","tag-violence-contre-les-femmes"],"_links":{"self":[{"href":"https:\/\/wncri.org\/fr\/wp-json\/wp\/v2\/posts\/15665","targetHints":{"allow":["GET"]}}],"collection":[{"href":"https:\/\/wncri.org\/fr\/wp-json\/wp\/v2\/posts"}],"about":[{"href":"https:\/\/wncri.org\/fr\/wp-json\/wp\/v2\/types\/post"}],"author":[{"embeddable":true,"href":"https:\/\/wncri.org\/fr\/wp-json\/wp\/v2\/users\/4"}],"replies":[{"embeddable":true,"href":"https:\/\/wncri.org\/fr\/wp-json\/wp\/v2\/comments?post=15665"}],"version-history":[{"count":2,"href":"https:\/\/wncri.org\/fr\/wp-json\/wp\/v2\/posts\/15665\/revisions"}],"predecessor-version":[{"id":15670,"href":"https:\/\/wncri.org\/fr\/wp-json\/wp\/v2\/posts\/15665\/revisions\/15670"}],"wp:featuredmedia":[{"embeddable":true,"href":"https:\/\/wncri.org\/fr\/wp-json\/wp\/v2\/media\/15666"}],"wp:attachment":[{"href":"https:\/\/wncri.org\/fr\/wp-json\/wp\/v2\/media?parent=15665"}],"wp:term":[{"taxonomy":"category","embeddable":true,"href":"https:\/\/wncri.org\/fr\/wp-json\/wp\/v2\/categories?post=15665"},{"taxonomy":"post_tag","embeddable":true,"href":"https:\/\/wncri.org\/fr\/wp-json\/wp\/v2\/tags?post=15665"}],"curies":[{"name":"wp","href":"https:\/\/api.w.org\/{rel}","templated":true}]}}