{"id":15647,"date":"2022-05-01T20:45:00","date_gmt":"2022-05-01T18:45:00","guid":{"rendered":"https:\/\/wncri.org\/fr\/?p=15647"},"modified":"2022-05-02T23:00:26","modified_gmt":"2022-05-02T21:00:26","slug":"educateurs-et-enseignants-iraniens","status":"publish","type":"post","link":"https:\/\/wncri.org\/fr\/2022\/05\/01\/educateurs-et-enseignants-iraniens\/","title":{"rendered":"Les \u00e9ducateurs et enseignants iraniens ont manifest\u00e9 \u00e0 l&#8217;occasion de la Journ\u00e9e internationale du travail"},"content":{"rendered":"\n<p>Lors de la <a href=\"https:\/\/fr.wikipedia.org\/wiki\/F%C3%AAte_du_Travail\" target=\"_blank\" rel=\"noreferrer noopener\">Journ\u00e9e internationale du travail<\/a>, le 1er mai 2022, les \u00e9ducateurs et enseignants iraniens se sont lev\u00e9s pour demander la lib\u00e9ration des enseignants emprisonn\u00e9s. Ils ont scand\u00e9 le slogan &#8220;Lib\u00e9rez l&#8217;enseignant emprisonn\u00e9&#8221; dans tout l&#8217;Iran. La manifestation nationale a eu lieu dans 55 villes et 21 provinces iraniennes.<\/p>\n\n\n\n<p>Les enseignantes ont jou\u00e9 un r\u00f4le actif dans toutes les protestations des \u00e9ducateurs et des enseignants iraniens. L&#8217;une de ces femmes courageuses a prononc\u00e9 un discours passionn\u00e9 \u00e0 Yasouj pour soutenir les travailleurs, les enfants et les \u00e9tudiants. Lors de la Journ\u00e9e internationale du travail, le 1er mai 2022, des \u00e9ducateurs et des enseignants iraniens se sont lev\u00e9s pour demander la lib\u00e9ration des enseignants emprisonn\u00e9s. Ils ont scand\u00e9 le slogan &#8220;Lib\u00e9rez l&#8217;enseignant emprisonn\u00e9&#8221; dans tout l&#8217;Iran. La <a href=\"https:\/\/wncri.org\/fr\/2022\/04\/21\/manifestation-nationale\/\" target=\"_blank\" rel=\"noreferrer noopener\">manifestation nationale<\/a> a eu lieu dans 55 villes et 21 provinces iraniennes.<\/p>\n\n\n\n<div class=\"wp-block-image\"><figure class=\"aligncenter size-full\"><img decoding=\"async\" src=\"data:image\/gif;base64,R0lGODlhAQABAIAAAAAAAP\/\/\/yH5BAEAAAAALAAAAAABAAEAAAIBRAA7\" data-src=\"https:\/\/wncri.org\/fr\/wp-content\/uploads\/2022\/05\/Iranian-educators-and-teachers-Yasuj-min.jpg\" alt=\"Les \u00e9ducateurs et enseignants iraniens ont manifest\u00e9 \u00e0 l'occasion de la Journ\u00e9e internationale du travail\" class=\"wp-image-15656 lazyload\"\/><noscript><img decoding=\"async\" width=\"750\" height=\"375\" src=\"https:\/\/wncri.org\/fr\/wp-content\/uploads\/2022\/05\/Iranian-educators-and-teachers-Yasuj-min.jpg\" alt=\"Les \u00e9ducateurs et enseignants iraniens ont manifest\u00e9 \u00e0 l'occasion de la Journ\u00e9e internationale du travail\" class=\"wp-image-15656 lazyload\" srcset=\"https:\/\/wncri.org\/fr\/wp-content\/uploads\/2022\/05\/Iranian-educators-and-teachers-Yasuj-min.jpg 750w, https:\/\/wncri.org\/fr\/wp-content\/uploads\/2022\/05\/Iranian-educators-and-teachers-Yasuj-min-300x150.jpg 300w, https:\/\/wncri.org\/fr\/wp-content\/uploads\/2022\/05\/Iranian-educators-and-teachers-Yasuj-min-360x180.jpg 360w\" sizes=\"(max-width: 750px) 100vw, 750px\" \/><\/noscript><figcaption>Yasuj, 1er mai 2022<\/figcaption><\/figure><\/div>\n\n\n\n<div class=\"wp-block-image\"><figure class=\"aligncenter size-full\"><img decoding=\"async\" src=\"data:image\/gif;base64,R0lGODlhAQABAIAAAAAAAP\/\/\/yH5BAEAAAAALAAAAAABAAEAAAIBRAA7\" data-src=\"https:\/\/wncri.org\/fr\/wp-content\/uploads\/2022\/05\/Iranian-educators-and-teachers-Kermanshah-2-min.jpg\" alt=\"Les \u00e9ducateurs et enseignants iraniens ont manifest\u00e9 \u00e0 l'occasion de la Journ\u00e9e internationale du travail\" class=\"wp-image-15650 lazyload\"\/><noscript><img decoding=\"async\" width=\"750\" height=\"375\" src=\"https:\/\/wncri.org\/fr\/wp-content\/uploads\/2022\/05\/Iranian-educators-and-teachers-Kermanshah-2-min.jpg\" alt=\"Les \u00e9ducateurs et enseignants iraniens ont manifest\u00e9 \u00e0 l'occasion de la Journ\u00e9e internationale du travail\" class=\"wp-image-15650 lazyload\" srcset=\"https:\/\/wncri.org\/fr\/wp-content\/uploads\/2022\/05\/Iranian-educators-and-teachers-Kermanshah-2-min.jpg 750w, https:\/\/wncri.org\/fr\/wp-content\/uploads\/2022\/05\/Iranian-educators-and-teachers-Kermanshah-2-min-300x150.jpg 300w, https:\/\/wncri.org\/fr\/wp-content\/uploads\/2022\/05\/Iranian-educators-and-teachers-Kermanshah-2-min-360x180.jpg 360w\" sizes=\"(max-width: 750px) 100vw, 750px\" \/><\/noscript><figcaption>Kermanchah, 1er mai 2022<\/figcaption><\/figure><\/div>\n\n\n\n<div class=\"wp-block-image\"><figure class=\"aligncenter size-full\"><img decoding=\"async\" src=\"data:image\/gif;base64,R0lGODlhAQABAIAAAAAAAP\/\/\/yH5BAEAAAAALAAAAAABAAEAAAIBRAA7\" data-src=\"https:\/\/wncri.org\/fr\/wp-content\/uploads\/2022\/05\/Iranian-educators-and-teachers-Ahvaz-min.jpg\" alt=\"Les \u00e9ducateurs et enseignants iraniens ont manifest\u00e9 \u00e0 l'occasion de la Journ\u00e9e internationale du travail\" class=\"wp-image-15648 lazyload\"\/><noscript><img decoding=\"async\" width=\"750\" height=\"375\" src=\"https:\/\/wncri.org\/fr\/wp-content\/uploads\/2022\/05\/Iranian-educators-and-teachers-Ahvaz-min.jpg\" alt=\"Les \u00e9ducateurs et enseignants iraniens ont manifest\u00e9 \u00e0 l'occasion de la Journ\u00e9e internationale du travail\" class=\"wp-image-15648 lazyload\" srcset=\"https:\/\/wncri.org\/fr\/wp-content\/uploads\/2022\/05\/Iranian-educators-and-teachers-Ahvaz-min.jpg 750w, https:\/\/wncri.org\/fr\/wp-content\/uploads\/2022\/05\/Iranian-educators-and-teachers-Ahvaz-min-300x150.jpg 300w, https:\/\/wncri.org\/fr\/wp-content\/uploads\/2022\/05\/Iranian-educators-and-teachers-Ahvaz-min-360x180.jpg 360w\" sizes=\"(max-width: 750px) 100vw, 750px\" \/><\/noscript><figcaption>Ahvaz, 1er mai 2022<\/figcaption><\/figure><\/div>\n\n\n\n<p>Les enseignantes ont jou\u00e9 un r\u00f4le actif dans toutes les protestations des \u00e9ducateurs et des enseignants iraniens. L&#8217;une de ces femmes courageuses a prononc\u00e9 un discours passionn\u00e9 \u00e0 Yasuj pour soutenir les travailleurs, les enfants et les \u00e9tudiants. S&#8217;adressant aux responsables du r\u00e9gime, elle a d\u00e9clar\u00e9 que les protestations des enseignants duraient depuis un an, mais qu&#8217;ils n&#8217;avaient re\u00e7u aucune r\u00e9ponse \u00e0 leurs demandes. Elle a d\u00e9nonc\u00e9 les responsables qui offrent une vie luxueuse \u00e0 leurs enfants mais qui ont plong\u00e9 toute la nation dans la pauvret\u00e9 et le d\u00e9nuement.<\/p>\n\n\n\n<p>En raison de l&#8217;atmosph\u00e8re de s\u00e9curit\u00e9 intense \u00e0 T\u00e9h\u00e9ran, les enseignants n&#8217;ont pas pu tenir leur rassemblement de protestation devant le parlement. \u00c0 la place, ils se sont rendus dans un parc. Lors de ce rassemblement, l&#8217;une des enseignantes a prononc\u00e9 un discours et a annonc\u00e9 les noms des enseignants arr\u00eat\u00e9s dans d&#8217;autres villes.<\/p>\n\n\n\n<div class=\"wp-block-image\"><figure class=\"aligncenter size-full\"><img decoding=\"async\" src=\"data:image\/gif;base64,R0lGODlhAQABAIAAAAAAAP\/\/\/yH5BAEAAAAALAAAAAABAAEAAAIBRAA7\" data-src=\"https:\/\/wncri.org\/fr\/wp-content\/uploads\/2022\/05\/Iranian-educators-and-teachers-Tehran-min.jpg\" alt=\"Les \u00e9ducateurs et enseignants iraniens ont manifest\u00e9 \u00e0 l'occasion de la Journ\u00e9e internationale du travail\" class=\"wp-image-15655 lazyload\"\/><noscript><img decoding=\"async\" width=\"750\" height=\"375\" src=\"https:\/\/wncri.org\/fr\/wp-content\/uploads\/2022\/05\/Iranian-educators-and-teachers-Tehran-min.jpg\" alt=\"Les \u00e9ducateurs et enseignants iraniens ont manifest\u00e9 \u00e0 l'occasion de la Journ\u00e9e internationale du travail\" class=\"wp-image-15655 lazyload\" srcset=\"https:\/\/wncri.org\/fr\/wp-content\/uploads\/2022\/05\/Iranian-educators-and-teachers-Tehran-min.jpg 750w, https:\/\/wncri.org\/fr\/wp-content\/uploads\/2022\/05\/Iranian-educators-and-teachers-Tehran-min-300x150.jpg 300w, https:\/\/wncri.org\/fr\/wp-content\/uploads\/2022\/05\/Iranian-educators-and-teachers-Tehran-min-360x180.jpg 360w\" sizes=\"(max-width: 750px) 100vw, 750px\" \/><\/noscript><figcaption> T\u00e9h\u00e9ran, 1er mai 2022<\/figcaption><\/figure><\/div>\n\n\n\n<p>Dans de nombreuses villes, dont Marivan, les forces de s\u00e9curit\u00e9 \u00e9taient largement pr\u00e9sentes devant les d\u00e9partements de l&#8217;\u00e9ducation.<\/p>\n\n\n\n<p>La cha\u00eene Telegram du Conseil de coordination des associations d&#8217;enseignants iraniens a rapport\u00e9 que les forces de s\u00e9curit\u00e9 \u00e0 Bouchehr ont attaqu\u00e9 un rassemblement pacifique d&#8217;enseignants et ont arr\u00eat\u00e9 et battu un certain nombre d&#8217;entre eux.<\/p>\n\n\n\n<div class=\"wp-block-image\"><figure class=\"aligncenter size-full\"><img decoding=\"async\" src=\"data:image\/gif;base64,R0lGODlhAQABAIAAAAAAAP\/\/\/yH5BAEAAAAALAAAAAABAAEAAAIBRAA7\" data-src=\"https:\/\/wncri.org\/fr\/wp-content\/uploads\/2022\/05\/Iranian-educators-and-teachers-Saqqez-min.jpg\" alt=\"Les \u00e9ducateurs et enseignants iraniens ont manifest\u00e9 \u00e0 l'occasion de la Journ\u00e9e internationale du travail\" class=\"wp-image-15654 lazyload\"\/><noscript><img decoding=\"async\" width=\"750\" height=\"375\" src=\"https:\/\/wncri.org\/fr\/wp-content\/uploads\/2022\/05\/Iranian-educators-and-teachers-Saqqez-min.jpg\" alt=\"Les \u00e9ducateurs et enseignants iraniens ont manifest\u00e9 \u00e0 l'occasion de la Journ\u00e9e internationale du travail\" class=\"wp-image-15654 lazyload\" srcset=\"https:\/\/wncri.org\/fr\/wp-content\/uploads\/2022\/05\/Iranian-educators-and-teachers-Saqqez-min.jpg 750w, https:\/\/wncri.org\/fr\/wp-content\/uploads\/2022\/05\/Iranian-educators-and-teachers-Saqqez-min-300x150.jpg 300w, https:\/\/wncri.org\/fr\/wp-content\/uploads\/2022\/05\/Iranian-educators-and-teachers-Saqqez-min-360x180.jpg 360w\" sizes=\"(max-width: 750px) 100vw, 750px\" \/><\/noscript><figcaption>Saqqez, 1er mai 2022<\/figcaption><\/figure><\/div>\n\n\n\n<div class=\"wp-block-image\"><figure class=\"aligncenter size-full\"><img decoding=\"async\" src=\"data:image\/gif;base64,R0lGODlhAQABAIAAAAAAAP\/\/\/yH5BAEAAAAALAAAAAABAAEAAAIBRAA7\" data-src=\"https:\/\/wncri.org\/fr\/wp-content\/uploads\/2022\/05\/Iranian-educators-and-teachers-Sanandaj-min.jpg\" alt=\"Les \u00e9ducateurs et enseignants iraniens ont manifest\u00e9 \u00e0 l'occasion de la Journ\u00e9e internationale du travail\" class=\"wp-image-15653 lazyload\"\/><noscript><img decoding=\"async\" width=\"750\" height=\"375\" src=\"https:\/\/wncri.org\/fr\/wp-content\/uploads\/2022\/05\/Iranian-educators-and-teachers-Sanandaj-min.jpg\" alt=\"Les \u00e9ducateurs et enseignants iraniens ont manifest\u00e9 \u00e0 l'occasion de la Journ\u00e9e internationale du travail\" class=\"wp-image-15653 lazyload\" srcset=\"https:\/\/wncri.org\/fr\/wp-content\/uploads\/2022\/05\/Iranian-educators-and-teachers-Sanandaj-min.jpg 750w, https:\/\/wncri.org\/fr\/wp-content\/uploads\/2022\/05\/Iranian-educators-and-teachers-Sanandaj-min-300x150.jpg 300w, https:\/\/wncri.org\/fr\/wp-content\/uploads\/2022\/05\/Iranian-educators-and-teachers-Sanandaj-min-360x180.jpg 360w\" sizes=\"(max-width: 750px) 100vw, 750px\" \/><\/noscript><figcaption>Sanandaj, 1er mai 2022<\/figcaption><\/figure><\/div>\n\n\n\n<p>Le Syndicat libre des travailleurs d&#8217;Iran a \u00e9galement annonc\u00e9 qu&#8217;\u00e0 la veille de la Journ\u00e9e internationale des travailleurs, quatre enseignants, dont Fatemeh Zandkarimi, enseignante et militante syndicale \u00e0 Sanandaj, ont \u00e9t\u00e9 convoqu\u00e9s au bureau des renseignements de Sanandaj. Ces enseignants ont \u00e9t\u00e9 interrog\u00e9s sur le rassemblement national du dimanche 1er mai.<\/p>\n\n\n\n<h3 class=\"wp-block-heading\"><strong>Demandes justes des \u00e9ducateurs et des enseignan<\/strong>ts iraniens<\/h3>\n\n\n\n<p>Les manifestants ont scand\u00e9 :<\/p>\n\n\n\n<p>&#8220;Les prisonniers politiques doivent \u00eatre lib\u00e9r\u00e9s ;&#8221;<\/p>\n\n\n\n<p>&#8220;Les enseignants emprisonn\u00e9s doivent \u00eatre lib\u00e9r\u00e9s ;&#8221;<\/p>\n\n\n\n<p>&#8220;La prison n&#8217;est pas un endroit pour les enseignants, l&#8217;Iran n&#8217;est pas un endroit pour les tyrans&#8221;.<\/p>\n\n\n\n<p>&#8220;Ra\u00efssi l&#8217;analphab\u00e8te, c&#8217;est le dernier avertissement, le mouvement des enseignants est pr\u00eat \u00e0 se r\u00e9volter&#8221;.<\/p>\n\n\n\n<p>&#8220;Menteur Ra\u00efssi, qu&#8217;est-il arriv\u00e9 \u00e0 tes promesses vides ;&#8221;<\/p>\n\n\n\n<p>&#8220;Travailleurs, enseignants doivent s&#8217;unir ;&#8221;<\/p>\n\n\n\n<p>&#8220;\u00c9tudiants, enseignants doivent s&#8217;unir ;&#8221;<\/p>\n\n\n\n<p>&#8220;Notre ennemi est ici (\u00c9tat), ils mentent en disant que c&#8217;est l&#8217;Am\u00e9rique ;&#8221;<\/p>\n\n\n\n<p>&#8220;Si un seul d\u00e9tournement de fonds (faisant r\u00e9f\u00e9rence au pillage soutenu par l&#8217;\u00c9tat) est emp\u00each\u00e9, nos probl\u00e8mes seront r\u00e9solus.&#8221;<\/p>\n\n\n\n<div class=\"wp-block-image\"><figure class=\"aligncenter size-full\"><img decoding=\"async\" src=\"data:image\/gif;base64,R0lGODlhAQABAIAAAAAAAP\/\/\/yH5BAEAAAAALAAAAAABAAEAAAIBRAA7\" data-src=\"https:\/\/wncri.org\/fr\/wp-content\/uploads\/2022\/05\/Iranian-educators-and-teachers-Qazvin-2-min.jpg\" alt=\"Les \u00e9ducateurs et enseignants iraniens ont manifest\u00e9 \u00e0 l'occasion de la Journ\u00e9e internationale du travail\" class=\"wp-image-15651 lazyload\"\/><noscript><img decoding=\"async\" width=\"750\" height=\"375\" src=\"https:\/\/wncri.org\/fr\/wp-content\/uploads\/2022\/05\/Iranian-educators-and-teachers-Qazvin-2-min.jpg\" alt=\"Les \u00e9ducateurs et enseignants iraniens ont manifest\u00e9 \u00e0 l'occasion de la Journ\u00e9e internationale du travail\" class=\"wp-image-15651 lazyload\" srcset=\"https:\/\/wncri.org\/fr\/wp-content\/uploads\/2022\/05\/Iranian-educators-and-teachers-Qazvin-2-min.jpg 750w, https:\/\/wncri.org\/fr\/wp-content\/uploads\/2022\/05\/Iranian-educators-and-teachers-Qazvin-2-min-300x150.jpg 300w, https:\/\/wncri.org\/fr\/wp-content\/uploads\/2022\/05\/Iranian-educators-and-teachers-Qazvin-2-min-360x180.jpg 360w\" sizes=\"(max-width: 750px) 100vw, 750px\" \/><\/noscript><figcaption>Qazvin, 1er mai 2022<\/figcaption><\/figure><\/div>\n\n\n\n<div class=\"wp-block-image\"><figure class=\"aligncenter size-full\"><img decoding=\"async\" src=\"data:image\/gif;base64,R0lGODlhAQABAIAAAAAAAP\/\/\/yH5BAEAAAAALAAAAAABAAEAAAIBRAA7\" data-src=\"https:\/\/wncri.org\/fr\/wp-content\/uploads\/2022\/05\/Iranian-educators-and-teachers-Qazvin-min.jpg\" alt=\"Les \u00e9ducateurs et enseignants iraniens ont manifest\u00e9 \u00e0 l'occasion de la Journ\u00e9e internationale du travail\" class=\"wp-image-15652 lazyload\"\/><noscript><img decoding=\"async\" width=\"750\" height=\"375\" src=\"https:\/\/wncri.org\/fr\/wp-content\/uploads\/2022\/05\/Iranian-educators-and-teachers-Qazvin-min.jpg\" alt=\"Les \u00e9ducateurs et enseignants iraniens ont manifest\u00e9 \u00e0 l'occasion de la Journ\u00e9e internationale du travail\" class=\"wp-image-15652 lazyload\" srcset=\"https:\/\/wncri.org\/fr\/wp-content\/uploads\/2022\/05\/Iranian-educators-and-teachers-Qazvin-min.jpg 750w, https:\/\/wncri.org\/fr\/wp-content\/uploads\/2022\/05\/Iranian-educators-and-teachers-Qazvin-min-300x150.jpg 300w, https:\/\/wncri.org\/fr\/wp-content\/uploads\/2022\/05\/Iranian-educators-and-teachers-Qazvin-min-360x180.jpg 360w\" sizes=\"(max-width: 750px) 100vw, 750px\" \/><\/noscript><figcaption>Qazvin, 1er mai 2022<\/figcaption><\/figure><\/div>\n\n\n\n<p>Lors de cette manifestation nationale \u00e0 l&#8217;occasion de la <a href=\"https:\/\/fr.wikipedia.org\/wiki\/F%C3%AAte_du_Travail\" target=\"_blank\" rel=\"noreferrer noopener\">f\u00eate du travail<\/a>, les \u00e9ducateurs et les enseignants iraniens ont r\u00e9affirm\u00e9 leurs revendications l\u00e9gitimes, dont aucune n&#8217;a \u00e9t\u00e9 satisfaite jusqu&#8217;\u00e0 pr\u00e9sent. Les \u00e9ducateurs et les enseignants iraniens veulent la mise en \u0153uvre compl\u00e8te de la loi sur la gestion des services civils. Ils affirment que ce n&#8217;est qu&#8217;apr\u00e8s la mise en \u0153uvre de cette loi, du v\u00e9ritable plan de classement et d&#8217;ajustements pr\u00e9cis que les salaires de tous les enseignants retrait\u00e9s et employ\u00e9s pourront d\u00e9passer le seuil de pauvret\u00e9. Il en va de m\u00eame pour les enseignants nouvellement embauch\u00e9s et informels. Les primes de fin de service des retrait\u00e9s de 2021 et les arri\u00e9r\u00e9s des enseignants occasionnels doivent \u00eatre pay\u00e9s. Les enseignants temporaires doivent \u00e9galement \u00eatre formellement employ\u00e9s.<\/p>\n\n\n\n<div class=\"wp-block-image\"><figure class=\"aligncenter size-full\"><img decoding=\"async\" src=\"data:image\/gif;base64,R0lGODlhAQABAIAAAAAAAP\/\/\/yH5BAEAAAAALAAAAAABAAEAAAIBRAA7\" data-src=\"https:\/\/wncri.org\/fr\/wp-content\/uploads\/2022\/05\/Iranian-educators-and-teachers-Karaj-min.jpg\" alt=\"Les \u00e9ducateurs et enseignants iraniens ont manifest\u00e9 \u00e0 l'occasion de la Journ\u00e9e internationale du travail\" class=\"wp-image-15649 lazyload\"\/><noscript><img decoding=\"async\" width=\"750\" height=\"375\" src=\"https:\/\/wncri.org\/fr\/wp-content\/uploads\/2022\/05\/Iranian-educators-and-teachers-Karaj-min.jpg\" alt=\"Les \u00e9ducateurs et enseignants iraniens ont manifest\u00e9 \u00e0 l'occasion de la Journ\u00e9e internationale du travail\" class=\"wp-image-15649 lazyload\" srcset=\"https:\/\/wncri.org\/fr\/wp-content\/uploads\/2022\/05\/Iranian-educators-and-teachers-Karaj-min.jpg 750w, https:\/\/wncri.org\/fr\/wp-content\/uploads\/2022\/05\/Iranian-educators-and-teachers-Karaj-min-300x150.jpg 300w, https:\/\/wncri.org\/fr\/wp-content\/uploads\/2022\/05\/Iranian-educators-and-teachers-Karaj-min-360x180.jpg 360w\" sizes=\"(max-width: 750px) 100vw, 750px\" \/><\/noscript><figcaption>Karaj, le 1er mai 2022<\/figcaption><\/figure><\/div>\n\n\n\n<p>Tout en soutenant fermement les revendications des travailleurs iraniens, les \u00e9ducateurs et enseignants iraniens demandent \u00e9galement la fin de la politique de r\u00e9pression et d&#8217;intimidation, la cl\u00f4ture des dossiers des militants syndicaux et la lib\u00e9ration des prisonniers du travail.<\/p>\n","protected":false},"excerpt":{"rendered":"<p>Lors de la Journ\u00e9e internationale du travail, le 1er mai 2022, les \u00e9ducateurs et enseignants iraniens se sont lev\u00e9s pour demander la lib\u00e9ration des enseignants emprisonn\u00e9s. Ils ont scand\u00e9 le slogan &#8220;Lib\u00e9rez l&#8217;enseignant emprisonn\u00e9&#8221; dans tout l&#8217;Iran. La manifestation nationale a eu lieu dans 55 villes et 21 provinces iraniennes. Les enseignantes ont jou\u00e9 un [&hellip;]<\/p>\n","protected":false},"author":4,"featured_media":15657,"comment_status":"closed","ping_status":"closed","sticky":false,"template":"","format":"standard","meta":{"jnews-multi-image_gallery":[],"jnews_single_post":{"subtitle":"","format":"standard","video":"","gallery":"","source_name":"","source_url":"","via_name":"","via_url":"","override_template":"0","override":[{"template":"7","single_blog_custom":"","parallax":"1","fullscreen":"1","layout":"right-sidebar","sidebar":"default-sidebar","second_sidebar":"default-sidebar","sticky_sidebar":"1","share_position":"floatbottom","share_float_style":"share-normal","show_share_counter":"1","show_view_counter":"1","show_featured":"1","show_post_meta":"1","show_post_author":"0","show_post_author_image":"1","show_post_date":"1","post_date_format":"default","post_date_format_custom":"Y\/m\/d","show_post_category":"1","show_post_reading_time":"0","post_reading_time_wpm":"300","show_zoom_button":"0","zoom_button_out_step":"2","zoom_button_in_step":"3","show_post_tag":"1","show_prev_next_post":"0","show_popup_post":"1","number_popup_post":"1","show_author_box":"0","show_post_related":"1","show_inline_post_related":"1"}],"override_image_size":"0","image_override":[{"single_post_thumbnail_size":"crop-500","single_post_gallery_size":"crop-500"}],"trending_post":"0","trending_post_position":"meta","trending_post_label":"Trending","sponsored_post":"0","sponsored_post_label":"Sponsored by","sponsored_post_name":"","sponsored_post_url":"","sponsored_post_logo_enable":"0","sponsored_post_logo":"","sponsored_post_desc":"","disable_ad":"0"},"jnews_primary_category":{"id":""},"jnews_social_meta":{"fb_title":"","fb_description":"","fb_image":"","twitter_title":"","twitter_description":"","twitter_image":""},"jnews_override_counter":{"override_view_counter":"0","view_counter_number":"0","override_share_counter":"0","share_counter_number":"0","override_like_counter":"0","like_counter_number":"0","override_dislike_counter":"0","dislike_counter_number":"0"},"footnotes":""},"categories":[3],"tags":[],"class_list":["post-15647","post","type-post","status-publish","format-standard","has-post-thumbnail","hentry","category-infos-des-femmes"],"_links":{"self":[{"href":"https:\/\/wncri.org\/fr\/wp-json\/wp\/v2\/posts\/15647","targetHints":{"allow":["GET"]}}],"collection":[{"href":"https:\/\/wncri.org\/fr\/wp-json\/wp\/v2\/posts"}],"about":[{"href":"https:\/\/wncri.org\/fr\/wp-json\/wp\/v2\/types\/post"}],"author":[{"embeddable":true,"href":"https:\/\/wncri.org\/fr\/wp-json\/wp\/v2\/users\/4"}],"replies":[{"embeddable":true,"href":"https:\/\/wncri.org\/fr\/wp-json\/wp\/v2\/comments?post=15647"}],"version-history":[{"count":1,"href":"https:\/\/wncri.org\/fr\/wp-json\/wp\/v2\/posts\/15647\/revisions"}],"predecessor-version":[{"id":15658,"href":"https:\/\/wncri.org\/fr\/wp-json\/wp\/v2\/posts\/15647\/revisions\/15658"}],"wp:featuredmedia":[{"embeddable":true,"href":"https:\/\/wncri.org\/fr\/wp-json\/wp\/v2\/media\/15657"}],"wp:attachment":[{"href":"https:\/\/wncri.org\/fr\/wp-json\/wp\/v2\/media?parent=15647"}],"wp:term":[{"taxonomy":"category","embeddable":true,"href":"https:\/\/wncri.org\/fr\/wp-json\/wp\/v2\/categories?post=15647"},{"taxonomy":"post_tag","embeddable":true,"href":"https:\/\/wncri.org\/fr\/wp-json\/wp\/v2\/tags?post=15647"}],"curies":[{"name":"wp","href":"https:\/\/api.w.org\/{rel}","templated":true}]}}