{"id":15644,"date":"2022-04-28T10:42:00","date_gmt":"2022-04-28T08:42:00","guid":{"rendered":"https:\/\/wncri.org\/fr\/?p=15644"},"modified":"2022-05-02T22:45:02","modified_gmt":"2022-05-02T20:45:02","slug":"prisonniere-politique-leila-chegini","status":"publish","type":"post","link":"https:\/\/wncri.org\/fr\/2022\/04\/28\/prisonniere-politique-leila-chegini\/","title":{"rendered":"La prisonni\u00e8re politique Leila Chegini est tortur\u00e9e et battue \u00e0 la prison de Nowshahr, en Iran"},"content":{"rendered":"\n<p>La prisonni\u00e8re politique Leila Chegini, 43 ans et <a href=\"https:\/\/wncri.org\/fr\/\" target=\"_blank\" rel=\"noreferrer noopener\">m\u00e8re<\/a> de deux enfants, est tortur\u00e9e et battue \u00e0 la prison de Nowshahr, dans le nord de l&#8217;Iran.<\/p>\n\n\n\n<p>Des agents des services de renseignement ont arr\u00eat\u00e9 Leila Chegini \u00e0 son domicile de Karaj le 16 mars 2022. Les services de renseignement et de s\u00e9curit\u00e9 affirment que l&#8217;accusation qu&#8217;elle porte est de la propagande contre l&#8217;\u00c9tat.<\/p>\n\n\n\n<p>Apr\u00e8s son arrestation, Leila Chegini a \u00e9t\u00e9 transf\u00e9r\u00e9e au d\u00e9partement des renseignements de <a href=\"https:\/\/www.britannica.com\/place\/Sari-Iran\" target=\"_blank\" rel=\"noreferrer noopener\">Sari<\/a>, la capitale de <a href=\"https:\/\/www.britannica.com\/topic\/Iran-in-2006-A-Country-at-a-Crossroads-1733554\" target=\"_blank\" rel=\"noreferrer noopener\">la province de Mazandaran<\/a>, dans le nord de l&#8217;Iran. Elle y a \u00e9t\u00e9 tortur\u00e9e et interrog\u00e9e pendant 20 jours, puis transf\u00e9r\u00e9e \u00e0 la prison de Nowshahr, o\u00f9 elle a \u00e9t\u00e9 plac\u00e9e en d\u00e9tention provisoire.<\/p>\n\n\n\n<p>Mme Chegini a \u00e9t\u00e9 tortur\u00e9e alors qu&#8217;elle \u00e9tait gravement malade, mais on lui a refus\u00e9 l&#8217;acc\u00e8s au m\u00e9decin et aux m\u00e9dicaments dont elle avait besoin. En raison de la gravit\u00e9 de sa maladie, sa vie serait en danger si elle n&#8217;avait pas acc\u00e8s aux m\u00e9dicaments et aux soins m\u00e9dicaux n\u00e9cessaires.<\/p>\n\n\n\n<p>Ces derniers jours, sur ordre du directeur de la prison de <a href=\"https:\/\/en.wikipedia.org\/wiki\/Nowshahr\" target=\"_blank\" rel=\"noreferrer noopener\">Nowshahr<\/a>, plusieurs prisonni\u00e8res pay\u00e9es ont attaqu\u00e9 et s\u00e9v\u00e8rement battu Leila. La prisonni\u00e8re politique a \u00e9t\u00e9 bless\u00e9e \u00e0 l&#8217;\u0153il, au visage et au dos, mais aucune enqu\u00eate n&#8217;a \u00e9t\u00e9 men\u00e9e.<\/p>\n\n\n\n<p>Les interrogateurs et les tortionnaires ont fait pression sur la prisonni\u00e8re politique Leila Chegini pour qu&#8217;elle fasse de <a href=\"https:\/\/wncri.org\/fr\/2021\/08\/27\/azimeh-nasseri-et-nahid-kamangar-torturees-pour-faire-des-aveux-forces\/\" target=\"_blank\" rel=\"noreferrer noopener\">faux aveux<\/a> contre elle-m\u00eame afin de donner raison au sc\u00e9nario des services de renseignements.<\/p>\n\n\n\n<p>Apr\u00e8s 20 jours de d\u00e9tention, Leila Chegini \u00e9tait cens\u00e9e \u00eatre jug\u00e9e sans qu&#8217;une date ne soit pr\u00e9cis\u00e9e. Elle se voit \u00e9galement refuser l&#8217;acc\u00e8s \u00e0 un avocat de son choix.<\/p>\n","protected":false},"excerpt":{"rendered":"<p>La prisonni\u00e8re politique Leila Chegini, 43 ans et m\u00e8re de deux enfants, est tortur\u00e9e et battue \u00e0 la prison de Nowshahr, dans le nord de l&#8217;Iran. Des agents des services de renseignement ont arr\u00eat\u00e9 Leila Chegini \u00e0 son domicile de Karaj le 16 mars 2022. Les services de renseignement et de s\u00e9curit\u00e9 affirment que l&#8217;accusation [&hellip;]<\/p>\n","protected":false},"author":4,"featured_media":15645,"comment_status":"closed","ping_status":"closed","sticky":false,"template":"","format":"standard","meta":{"jnews-multi-image_gallery":[],"jnews_single_post":{"subtitle":"","format":"standard","video":"","gallery":"","source_name":"","source_url":"","via_name":"","via_url":"","override_template":"0","override":[{"template":"7","single_blog_custom":"","parallax":"1","fullscreen":"1","layout":"right-sidebar","sidebar":"default-sidebar","second_sidebar":"default-sidebar","sticky_sidebar":"1","share_position":"floatbottom","share_float_style":"share-normal","show_share_counter":"1","show_view_counter":"1","show_featured":"1","show_post_meta":"1","show_post_author":"0","show_post_author_image":"1","show_post_date":"1","post_date_format":"default","post_date_format_custom":"Y\/m\/d","show_post_category":"1","show_post_reading_time":"0","post_reading_time_wpm":"300","show_zoom_button":"0","zoom_button_out_step":"2","zoom_button_in_step":"3","show_post_tag":"1","show_prev_next_post":"0","show_popup_post":"1","number_popup_post":"1","show_author_box":"0","show_post_related":"1","show_inline_post_related":"1"}],"override_image_size":"0","image_override":[{"single_post_thumbnail_size":"crop-500","single_post_gallery_size":"crop-500"}],"trending_post":"0","trending_post_position":"meta","trending_post_label":"Trending","sponsored_post":"0","sponsored_post_label":"Sponsored by","sponsored_post_name":"","sponsored_post_url":"","sponsored_post_logo_enable":"0","sponsored_post_logo":"","sponsored_post_desc":"","disable_ad":"0"},"jnews_primary_category":{"id":""},"jnews_social_meta":{"fb_title":"","fb_description":"","fb_image":"","twitter_title":"","twitter_description":"","twitter_image":""},"jnews_override_counter":{"override_view_counter":"0","view_counter_number":"0","override_share_counter":"0","share_counter_number":"0","override_like_counter":"0","like_counter_number":"0","override_dislike_counter":"0","dislike_counter_number":"0"},"footnotes":""},"categories":[3],"tags":[370,376],"class_list":["post-15644","post","type-post","status-publish","format-standard","has-post-thumbnail","hentry","category-infos-des-femmes","tag-prisonnieres","tag-violence-contre-les-femmes"],"_links":{"self":[{"href":"https:\/\/wncri.org\/fr\/wp-json\/wp\/v2\/posts\/15644","targetHints":{"allow":["GET"]}}],"collection":[{"href":"https:\/\/wncri.org\/fr\/wp-json\/wp\/v2\/posts"}],"about":[{"href":"https:\/\/wncri.org\/fr\/wp-json\/wp\/v2\/types\/post"}],"author":[{"embeddable":true,"href":"https:\/\/wncri.org\/fr\/wp-json\/wp\/v2\/users\/4"}],"replies":[{"embeddable":true,"href":"https:\/\/wncri.org\/fr\/wp-json\/wp\/v2\/comments?post=15644"}],"version-history":[{"count":1,"href":"https:\/\/wncri.org\/fr\/wp-json\/wp\/v2\/posts\/15644\/revisions"}],"predecessor-version":[{"id":15646,"href":"https:\/\/wncri.org\/fr\/wp-json\/wp\/v2\/posts\/15644\/revisions\/15646"}],"wp:featuredmedia":[{"embeddable":true,"href":"https:\/\/wncri.org\/fr\/wp-json\/wp\/v2\/media\/15645"}],"wp:attachment":[{"href":"https:\/\/wncri.org\/fr\/wp-json\/wp\/v2\/media?parent=15644"}],"wp:term":[{"taxonomy":"category","embeddable":true,"href":"https:\/\/wncri.org\/fr\/wp-json\/wp\/v2\/categories?post=15644"},{"taxonomy":"post_tag","embeddable":true,"href":"https:\/\/wncri.org\/fr\/wp-json\/wp\/v2\/tags?post=15644"}],"curies":[{"name":"wp","href":"https:\/\/api.w.org\/{rel}","templated":true}]}}