{"id":15639,"date":"2022-04-29T23:35:00","date_gmt":"2022-04-29T21:35:00","guid":{"rendered":"https:\/\/wncri.org\/fr\/?p=15639"},"modified":"2022-05-01T23:38:52","modified_gmt":"2022-05-01T21:38:52","slug":"prisonniere-politique-saada-khadirzadeh","status":"publish","type":"post","link":"https:\/\/wncri.org\/fr\/2022\/04\/29\/prisonniere-politique-saada-khadirzadeh\/","title":{"rendered":"La prisonni\u00e8re politique Saada Khadirzadeh, enceinte, fait une gr\u00e8ve de la faim"},"content":{"rendered":"\n<p>La prisonni\u00e8re politique Saada Khadirzadeh fait une gr\u00e8ve de la faim depuis le 26 avril 2022 \u00e0 la <a href=\"https:\/\/wncri.org\/fr\/2021\/12\/10\/les-conditions-des-femmes-prisons\/\" target=\"_blank\" rel=\"noreferrer noopener\">prison centrale d&#8217;Ourmia<\/a>. Elle fait une gr\u00e8ve de la faim pour protester contre sept mois de d\u00e9tention temporaire au statut incertain. Mme Khadirzadeh a eu recours \u00e0 la gr\u00e8ve de la faim alors qu&#8217;elle est enceinte. Cette gr\u00e8ve de la faim met gravement en danger sa sant\u00e9 et celle de son f\u0153tus de huit mois.<\/p>\n\n\n\n<p>La prisonni\u00e8re politique kurde Saada Khadirzadeh a envoy\u00e9 un fichier audio depuis sa prison. Elle d\u00e9clare dans ce fichier audio : &#8220;J&#8217;ai \u00e9t\u00e9 retenue en otage. Ils veulent obtenir de moi des aveux forc\u00e9s. Les forces de s\u00e9curit\u00e9 m&#8217;ont m\u00eame fait des propositions contraires \u00e0 la morale.&#8221;<\/p>\n\n\n\n<p>La prisonni\u00e8re politique Saada Khadirzadeh vient de <a href=\"https:\/\/fr.wikipedia.org\/wiki\/Piranchahr\" target=\"_blank\" rel=\"noreferrer noopener\">Piranchahr<\/a>, dans la province <a href=\"https:\/\/fr.wikipedia.org\/wiki\/Azerba%C3%AFdjan_iranien\" target=\"_blank\" rel=\"noreferrer noopener\">d&#8217;Azerba\u00efdjan occidental<\/a>. Elle est mari\u00e9e, a deux enfants et \u00e9tait enceinte d&#8217;un mois lorsqu&#8217;elle a \u00e9t\u00e9 arr\u00eat\u00e9e.<\/p>\n\n\n\n<p>Les forces de s\u00e9curit\u00e9 ont <a href=\"https:\/\/wncri.org\/fr\/2021\/10\/21\/arrestation-arbitraire-dune-femme-enceinte-et-dune-mere-avec-son-jeune\/\" target=\"_blank\" rel=\"noreferrer noopener\">arr\u00eat\u00e9<\/a> Mme Khadirzadeh le 14 octobre 2021. On ignore \u00e0 ce jour pourquoi et sur quelles charges elle a \u00e9t\u00e9 arr\u00eat\u00e9e.<\/p>\n\n\n\n<p>Le 8 novembre 2021, elle a \u00e9t\u00e9 transf\u00e9r\u00e9e du centre de d\u00e9tention des pasdarans \u00e0 <a href=\"https:\/\/wncri.org\/fr\/2020\/10\/28\/300-prisonnieres\/\" target=\"_blank\" rel=\"noreferrer noopener\">la prison centrale d&#8217;Ourmia<\/a>. Elle a \u00e9t\u00e9 priv\u00e9e de visites de sa famille ou de l&#8217;acc\u00e8s \u00e0 un avocat tout au long de sa d\u00e9tention.<\/p>\n\n\n\n<p>Saada Khadirzadeh est dans un <a href=\"https:\/\/wncri.org\/fr\/2021\/11\/13\/un-coup-doeil-sur-la-situation-des-prisonnieres-politiques-en-iran\/\" target=\"_blank\" rel=\"noreferrer noopener\">\u00e9tat physique critique<\/a> et souffre d&#8217;un disque lombaire. Elle a \u00e9galement un probl\u00e8me cardiaque. N\u00e9anmoins, l&#8217;enqu\u00eateur et les autorit\u00e9s de la prison ont rejet\u00e9 sa demande <a href=\"https:\/\/wncri.org\/fr\/2022\/01\/14\/saada-khadirzadeh-enceinte-non-liberee-malgre-un-certificat-medical-en-iran\/\" target=\"_blank\" rel=\"noreferrer noopener\">de lib\u00e9ration conditionnelle<\/a>, m\u00eame sous caution.<\/p>\n\n\n\n<h3 class=\"wp-block-heading\"><strong>Texte int\u00e9gral du fichier audio de la prisonni\u00e8re politique Saada Khadirzadeh<\/strong><\/h3>\n\n\n\n<p>Au nom de Dieu<\/p>\n\n\n\n<p>Je m&#8217;appelle Saada Khadirzadeh. Je suis d\u00e9tenue dans le <a href=\"https:\/\/wncri.org\/fr\/?s=conditions+des+femmes\" target=\"_blank\" rel=\"noreferrer noopener\">quartier des femmes<\/a> de la <a href=\"https:\/\/wncri.org\/fr\/2021\/10\/25\/les-prisonnieres-soumises-a-des-restrictions-dair-frais-a-la-prison\/\" target=\"_blank\" rel=\"noreferrer noopener\">prison d&#8217;Ourmia.<\/a> Sept mois apr\u00e8s ma d\u00e9tention, ma condition physique et ma sant\u00e9 sont tr\u00e8s mauvaises. Je suis enceinte de huit mois. Bien que les dossiers m\u00e9dicaux n\u00e9cessaires aient \u00e9t\u00e9 joints \u00e0 mon dossier, aucune mesure n&#8217;a \u00e9t\u00e9 prise pour obtenir ma lib\u00e9ration. Les personnes qui sont mes plaignants ont emp\u00each\u00e9 ma libert\u00e9, mais je suis innocente. C&#8217;est moi qui paie le prix \u00e0 la place de quelqu&#8217;un d&#8217;autre, et je suis retenue en otage.<\/p>\n\n\n\n<p>D\u00e8s les premiers jours de mon emprisonnement au centre de d\u00e9tention du d\u00e9partement des renseignements, j&#8217;ai \u00e9t\u00e9 soumis \u00e0 une grave torture psychologique. J&#8217;ai subi beaucoup de manque de respect et d&#8217;insultes. Les forces de s\u00e9curit\u00e9 m&#8217;ont m\u00eame fait des propositions contraires \u00e0 la morale.<\/p>\n\n\n\n<p>J&#8217;ai \u00e9t\u00e9 menac\u00e9 et forc\u00e9 de faire des aveux \u00e0 plusieurs reprises alors que je ne savais rien de l&#8217;affaire. Je suis innocent. S&#8217;il vous pla\u00eet, soyez ma voix ; je n&#8217;ai personne pour me d\u00e9fendre. J&#8217;ai entam\u00e9 une gr\u00e8ve de la faim depuis deux jours. Ma sant\u00e9 et mon enfant sont en danger. Je vais poursuivre ma gr\u00e8ve de la faim jusqu&#8217;\u00e0 ce que mes demandes soient satisfaites.<\/p>\n\n\n\n<p>S&#8217;il vous pla\u00eet, soutenez-moi ; merci.<\/p>\n","protected":false},"excerpt":{"rendered":"<p>La prisonni\u00e8re politique Saada Khadirzadeh fait une gr\u00e8ve de la faim depuis le 26 avril 2022 \u00e0 la prison centrale d&#8217;Ourmia. Elle fait une gr\u00e8ve de la faim pour protester contre sept mois de d\u00e9tention temporaire au statut incertain. Mme Khadirzadeh a eu recours \u00e0 la gr\u00e8ve de la faim alors qu&#8217;elle est enceinte. Cette [&hellip;]<\/p>\n","protected":false},"author":4,"featured_media":15640,"comment_status":"closed","ping_status":"closed","sticky":false,"template":"","format":"standard","meta":{"jnews-multi-image_gallery":[],"jnews_single_post":{"subtitle":"","format":"standard","video":"","gallery":"","source_name":"","source_url":"","via_name":"","via_url":"","override_template":"0","override":[{"template":"7","single_blog_custom":"","parallax":"1","fullscreen":"1","layout":"right-sidebar","sidebar":"default-sidebar","second_sidebar":"default-sidebar","sticky_sidebar":"1","share_position":"floatbottom","share_float_style":"share-normal","show_share_counter":"1","show_view_counter":"1","show_featured":"1","show_post_meta":"1","show_post_author":"0","show_post_author_image":"1","show_post_date":"1","post_date_format":"default","post_date_format_custom":"Y\/m\/d","show_post_category":"1","show_post_reading_time":"0","post_reading_time_wpm":"300","show_zoom_button":"0","zoom_button_out_step":"2","zoom_button_in_step":"3","show_post_tag":"1","show_prev_next_post":"0","show_popup_post":"1","number_popup_post":"1","show_author_box":"0","show_post_related":"1","show_inline_post_related":"1"}],"override_image_size":"0","image_override":[{"single_post_thumbnail_size":"crop-500","single_post_gallery_size":"crop-500"}],"trending_post":"0","trending_post_position":"meta","trending_post_label":"Trending","sponsored_post":"0","sponsored_post_label":"Sponsored by","sponsored_post_name":"","sponsored_post_url":"","sponsored_post_logo_enable":"0","sponsored_post_logo":"","sponsored_post_desc":"","disable_ad":"0"},"jnews_primary_category":{"id":""},"jnews_social_meta":{"fb_title":"","fb_description":"","fb_image":"","twitter_title":"","twitter_description":"","twitter_image":""},"jnews_override_counter":{"override_view_counter":"0","view_counter_number":"0","override_share_counter":"0","share_counter_number":"0","override_like_counter":"0","like_counter_number":"0","override_dislike_counter":"0","dislike_counter_number":"0"},"footnotes":""},"categories":[3],"tags":[370,376],"class_list":["post-15639","post","type-post","status-publish","format-standard","has-post-thumbnail","hentry","category-infos-des-femmes","tag-prisonnieres","tag-violence-contre-les-femmes"],"_links":{"self":[{"href":"https:\/\/wncri.org\/fr\/wp-json\/wp\/v2\/posts\/15639","targetHints":{"allow":["GET"]}}],"collection":[{"href":"https:\/\/wncri.org\/fr\/wp-json\/wp\/v2\/posts"}],"about":[{"href":"https:\/\/wncri.org\/fr\/wp-json\/wp\/v2\/types\/post"}],"author":[{"embeddable":true,"href":"https:\/\/wncri.org\/fr\/wp-json\/wp\/v2\/users\/4"}],"replies":[{"embeddable":true,"href":"https:\/\/wncri.org\/fr\/wp-json\/wp\/v2\/comments?post=15639"}],"version-history":[{"count":1,"href":"https:\/\/wncri.org\/fr\/wp-json\/wp\/v2\/posts\/15639\/revisions"}],"predecessor-version":[{"id":15641,"href":"https:\/\/wncri.org\/fr\/wp-json\/wp\/v2\/posts\/15639\/revisions\/15641"}],"wp:featuredmedia":[{"embeddable":true,"href":"https:\/\/wncri.org\/fr\/wp-json\/wp\/v2\/media\/15640"}],"wp:attachment":[{"href":"https:\/\/wncri.org\/fr\/wp-json\/wp\/v2\/media?parent=15639"}],"wp:term":[{"taxonomy":"category","embeddable":true,"href":"https:\/\/wncri.org\/fr\/wp-json\/wp\/v2\/categories?post=15639"},{"taxonomy":"post_tag","embeddable":true,"href":"https:\/\/wncri.org\/fr\/wp-json\/wp\/v2\/tags?post=15639"}],"curies":[{"name":"wp","href":"https:\/\/api.w.org\/{rel}","templated":true}]}}