{"id":15623,"date":"2022-04-27T21:59:00","date_gmt":"2022-04-27T19:59:00","guid":{"rendered":"https:\/\/wncri.org\/fr\/?p=15623"},"modified":"2022-04-29T00:03:35","modified_gmt":"2022-04-28T22:03:35","slug":"la-militante-ouvriere-asal-mohammadi","status":"publish","type":"post","link":"https:\/\/wncri.org\/fr\/2022\/04\/27\/la-militante-ouvriere-asal-mohammadi\/","title":{"rendered":"La militante ouvri\u00e8re Asal Mohammadi va purger une peine dans une prison de T\u00e9h\u00e9ran"},"content":{"rendered":"\n<p>Ces derniers jours, le syst\u00e8me judiciaire du r\u00e9gime iranien a continu\u00e9 \u00e0 proc\u00e9der \u00e0 des arrestations et \u00e0 prononcer des condamnations \u00e0 l&#8217;encontre de militants de la soci\u00e9t\u00e9 civile. La militante ouvri\u00e8re Asal Mohammadi a \u00e9t\u00e9 condamn\u00e9e \u00e0 un an et huit mois de prison.<\/p>\n\n\n\n<h3 class=\"wp-block-heading\"><strong>Asal Mohammadi, militante ouvri\u00e8re<\/strong><\/h3>\n\n\n\n<p>La 36e branche de la Cour d&#8217;appel provinciale de T\u00e9h\u00e9ran a confirm\u00e9 la condamnation de la militante ouvri\u00e8re Asal Mohammadi. Elle a \u00e9t\u00e9 condamn\u00e9e \u00e0 un an et huit mois de prison et \u00e0 deux ans de privation d&#8217;appartenance \u00e0 des groupes politiques et sociaux. Elle est accus\u00e9e de <a href=\"https:\/\/wncri.org\/fr\/2021\/05\/01\/les-travailleurs-ont-defile-dans-20-villes-en-iran-contre-le\/\" target=\"_blank\" rel=\"noreferrer noopener\">propagande contre l&#8217;\u00c9tat et l&#8217;assembl\u00e9e et de collusion<\/a> contre la s\u00e9curit\u00e9 nationale.<\/p>\n\n\n\n<p>L&#8217;avocat de Mme Mohammadi, Iman Esmaeili, a expliqu\u00e9 pr\u00e9c\u00e9demment le cas de sa cliente : &#8220;Elle n&#8217;a pas eu acc\u00e8s \u00e0 un avocat pendant sa d\u00e9tention. J&#8217;ai annonc\u00e9 que je la repr\u00e9senterais conform\u00e9ment \u00e0 l&#8217;article 48 du Code p\u00e9nal. \u00c0 l&#8217;\u00e9poque, l&#8217;affaire \u00e9tait examin\u00e9e par le bureau du procureur. Mais ils n&#8217;ont pas autoris\u00e9 ma pr\u00e9sence (au tribunal) ni l&#8217;examen de son dossier. Elle a \u00e9t\u00e9 interrog\u00e9e dans des conditions mentales d\u00e9plorables. L&#8217;interrogatoire \u00e9tait contraire \u00e0 la loi, qui impose la pr\u00e9sence d&#8217;un avocat en compagnie de l&#8217;accus\u00e9 lors des enqu\u00eates pr\u00e9liminaires.&#8221;<\/p>\n\n\n\n<p>La militante ouvri\u00e8re Asal Mohammadi a \u00e9t\u00e9 brutalis\u00e9e et <a href=\"https:\/\/wncri.org\/fr\/2022\/02\/12\/les-syndicalistes-ouvrieres-convoquees-arretees-et-condamnees\/\" target=\"_blank\" rel=\"noreferrer noopener\">arr\u00eat\u00e9e<\/a> le 6 novembre 2021, et les forces de s\u00e9curit\u00e9 ont fouill\u00e9 son domicile. Le 11 novembre 2021, Asal Mohammadi a \u00e9t\u00e9 transf\u00e9r\u00e9e dans une cellule publique du quartier 209 de la prison d&#8217;Evin et a finalement \u00e9t\u00e9 lib\u00e9r\u00e9e sous caution le 22 novembre 2021.<\/p>\n\n\n\n<div class=\"wp-block-image\"><figure class=\"aligncenter size-full\"><img decoding=\"async\" src=\"data:image\/gif;base64,R0lGODlhAQABAIAAAAAAAP\/\/\/yH5BAEAAAAALAAAAAABAAEAAAIBRAA7\" data-src=\"https:\/\/wncri.org\/fr\/wp-content\/uploads\/2022\/04\/Noushin-Keshavarz-min.jpg\" alt=\"La militante ouvri\u00e8re Asal Mohammadi va purger une peine\" class=\"wp-image-15625 lazyload\"\/><noscript><img decoding=\"async\" width=\"750\" height=\"375\" src=\"https:\/\/wncri.org\/fr\/wp-content\/uploads\/2022\/04\/Noushin-Keshavarz-min.jpg\" alt=\"La militante ouvri\u00e8re Asal Mohammadi va purger une peine\" class=\"wp-image-15625 lazyload\" srcset=\"https:\/\/wncri.org\/fr\/wp-content\/uploads\/2022\/04\/Noushin-Keshavarz-min.jpg 750w, https:\/\/wncri.org\/fr\/wp-content\/uploads\/2022\/04\/Noushin-Keshavarz-min-300x150.jpg 300w, https:\/\/wncri.org\/fr\/wp-content\/uploads\/2022\/04\/Noushin-Keshavarz-min-360x180.jpg 360w\" sizes=\"(max-width: 750px) 100vw, 750px\" \/><\/noscript><figcaption>Noushin Keshavarznia<\/figcaption><\/figure><\/div>\n\n\n\n<h3 class=\"wp-block-heading\"><strong>La militante des droits des femmes Noushin Keshavarznia arr\u00eat\u00e9e \u00e0 T\u00e9h\u00e9ran<\/strong><\/h3>\n\n\n\n<p>Noushin Keshavarznia, militante des <a href=\"https:\/\/wncri.org\/fr\/plan-en-10-points-pour-les-femmes\/\" target=\"_blank\" rel=\"noreferrer noopener\">droits des femmes<\/a> et chercheuse sociale, a \u00e9t\u00e9 arr\u00eat\u00e9e par les forces de s\u00e9curit\u00e9 \u00e0 T\u00e9h\u00e9ran et transf\u00e9r\u00e9e dans un lieu inconnu le lundi 25 avril 2022. L&#8217;arrestation a eu lieu alors qu&#8217;elle \u00e9tait convoqu\u00e9e par l&#8217;une des agences de s\u00e9curit\u00e9 du r\u00e9gime. \u00c0 ce jour, aucune information n&#8217;est disponible sur les raisons de son arrestation et le lieu o\u00f9 elle se trouve.<\/p>\n\n\n\n<p>Les <a href=\"https:\/\/www.maryam-rajavi.com\/fr\/points-de-vue\/droits-femme-iran\/\" target=\"_blank\" rel=\"noreferrer noopener\">activit\u00e9s<\/a> de Noushin sont davantage ax\u00e9es sur le harc\u00e8lement et la <a href=\"https:\/\/wncri.org\/fr\/2020\/11\/23\/la-violence-faite-aux-femmes-en-iran-parrainee-et-institutionnalisee-par-letat\/\" target=\"_blank\" rel=\"noreferrer noopener\">violence \u00e0 l&#8217;\u00e9gard des femmes.<\/a><\/p>\n","protected":false},"excerpt":{"rendered":"<p>Ces derniers jours, le syst\u00e8me judiciaire du r\u00e9gime iranien a continu\u00e9 \u00e0 proc\u00e9der \u00e0 des arrestations et \u00e0 prononcer des condamnations \u00e0 l&#8217;encontre de militants de la soci\u00e9t\u00e9 civile. La militante ouvri\u00e8re Asal Mohammadi a \u00e9t\u00e9 condamn\u00e9e \u00e0 un an et huit mois de prison. Asal Mohammadi, militante ouvri\u00e8re La 36e branche de la Cour [&hellip;]<\/p>\n","protected":false},"author":4,"featured_media":15624,"comment_status":"closed","ping_status":"closed","sticky":false,"template":"","format":"standard","meta":{"jnews-multi-image_gallery":[],"jnews_single_post":{"subtitle":"","format":"standard","video":"","gallery":"","source_name":"","source_url":"","via_name":"","via_url":"","override_template":"0","override":[{"template":"7","single_blog_custom":"","parallax":"1","fullscreen":"1","layout":"right-sidebar","sidebar":"default-sidebar","second_sidebar":"default-sidebar","sticky_sidebar":"1","share_position":"floatbottom","share_float_style":"share-normal","show_share_counter":"1","show_view_counter":"1","show_featured":"1","show_post_meta":"1","show_post_author":"0","show_post_author_image":"1","show_post_date":"1","post_date_format":"default","post_date_format_custom":"Y\/m\/d","show_post_category":"1","show_post_reading_time":"0","post_reading_time_wpm":"300","show_zoom_button":"0","zoom_button_out_step":"2","zoom_button_in_step":"3","show_post_tag":"1","show_prev_next_post":"0","show_popup_post":"1","number_popup_post":"1","show_author_box":"0","show_post_related":"1","show_inline_post_related":"1"}],"override_image_size":"0","image_override":[{"single_post_thumbnail_size":"crop-500","single_post_gallery_size":"crop-500"}],"trending_post":"0","trending_post_position":"meta","trending_post_label":"Trending","sponsored_post":"0","sponsored_post_label":"Sponsored by","sponsored_post_name":"","sponsored_post_url":"","sponsored_post_logo_enable":"0","sponsored_post_logo":"","sponsored_post_desc":"","disable_ad":"0"},"jnews_primary_category":{"id":""},"jnews_social_meta":{"fb_title":"","fb_description":"","fb_image":"","twitter_title":"","twitter_description":"","twitter_image":""},"jnews_override_counter":{"override_view_counter":"0","view_counter_number":"0","override_share_counter":"0","share_counter_number":"0","override_like_counter":"0","like_counter_number":"0","override_dislike_counter":"0","dislike_counter_number":"0"},"footnotes":""},"categories":[3],"tags":[370,376],"class_list":["post-15623","post","type-post","status-publish","format-standard","has-post-thumbnail","hentry","category-infos-des-femmes","tag-prisonnieres","tag-violence-contre-les-femmes"],"_links":{"self":[{"href":"https:\/\/wncri.org\/fr\/wp-json\/wp\/v2\/posts\/15623","targetHints":{"allow":["GET"]}}],"collection":[{"href":"https:\/\/wncri.org\/fr\/wp-json\/wp\/v2\/posts"}],"about":[{"href":"https:\/\/wncri.org\/fr\/wp-json\/wp\/v2\/types\/post"}],"author":[{"embeddable":true,"href":"https:\/\/wncri.org\/fr\/wp-json\/wp\/v2\/users\/4"}],"replies":[{"embeddable":true,"href":"https:\/\/wncri.org\/fr\/wp-json\/wp\/v2\/comments?post=15623"}],"version-history":[{"count":1,"href":"https:\/\/wncri.org\/fr\/wp-json\/wp\/v2\/posts\/15623\/revisions"}],"predecessor-version":[{"id":15626,"href":"https:\/\/wncri.org\/fr\/wp-json\/wp\/v2\/posts\/15623\/revisions\/15626"}],"wp:featuredmedia":[{"embeddable":true,"href":"https:\/\/wncri.org\/fr\/wp-json\/wp\/v2\/media\/15624"}],"wp:attachment":[{"href":"https:\/\/wncri.org\/fr\/wp-json\/wp\/v2\/media?parent=15623"}],"wp:term":[{"taxonomy":"category","embeddable":true,"href":"https:\/\/wncri.org\/fr\/wp-json\/wp\/v2\/categories?post=15623"},{"taxonomy":"post_tag","embeddable":true,"href":"https:\/\/wncri.org\/fr\/wp-json\/wp\/v2\/tags?post=15623"}],"curies":[{"name":"wp","href":"https:\/\/api.w.org\/{rel}","templated":true}]}}