{"id":15555,"date":"2022-04-16T20:59:00","date_gmt":"2022-04-16T18:59:00","guid":{"rendered":"https:\/\/wncri.org\/fr\/?p=15555"},"modified":"2022-04-18T21:06:27","modified_gmt":"2022-04-18T19:06:27","slug":"ramadan","status":"publish","type":"post","link":"https:\/\/wncri.org\/fr\/2022\/04\/16\/ramadan\/","title":{"rendered":"Ramadan : Les prisonni\u00e8res de Qarchak et de Sanandaj sont priv\u00e9es de nourriture"},"content":{"rendered":"\n<p>CNRI &#8211; Les d\u00e9tenues de la <a href=\"https:\/\/wncri.org\/fr\/2020\/04\/20\/regard-sur-la-situation-tragique-a-la-prison-pour-femmes-de-qarchak-en-iran\/\" target=\"_blank\" rel=\"noreferrer noopener\">prison de Qarchak<\/a> et du quartier des femmes de <a href=\"https:\/\/wncri.org\/fr\/2020\/12\/27\/femme-pendue\/\" target=\"_blank\" rel=\"noreferrer noopener\">la prison centrale de Sanandaj<\/a>, connue sous le nom de centre correctionnel, sont priv\u00e9es de nourriture pendant le mois sacr\u00e9 du ramadan. Ces prisonni\u00e8res vivent dans de tr\u00e8s mauvaises conditions, et les autorit\u00e9s p\u00e9nitentiaires les affament.<\/p>\n\n\n\n<h3 class=\"wp-block-heading\"><strong>Les prisonni\u00e8res de Qarchak priv\u00e9es des facilit\u00e9s minimales pendant le ramadan<\/strong><\/h3>\n\n\n\n<p>Pendant le ramadan, les prisonni\u00e8res politiques de la <a href=\"https:\/\/wncri.org\/fr\/2021\/12\/10\/les-conditions-des-femmes-prisons\/\" target=\"_blank\" rel=\"noreferrer noopener\">prison de Qarchak, \u00e0 Varamin<\/a>e, sont priv\u00e9es d&#8217;installations de base.<\/p>\n\n\n\n<p>Elles n&#8217;ont pas d&#8217;endroit o\u00f9 utiliser une flamme de cuisson pour pr\u00e9parer un repas simple pour rompre le je\u00fbne ou m\u00eame r\u00e9chauffer une simple soupe pour les malades. La nourriture de la prison ne contient pas de viande, mais du soja \u00e0 la place. On ne donne des \u0153ufs qu&#8217;une fois par semaine. En raison de la mauvaise qualit\u00e9 de la nourriture, les prisonni\u00e8res se retrouvent affaiblies et ont besoin d&#8217;\u0153ufs pour compenser leurs carences, mais elles n&#8217;y ont pas droit.<\/p>\n\n\n\n<p>Les prisonni\u00e8res de <a href=\"https:\/\/www.google.co.uk\/url?sa=t&amp;rct=j&amp;q=&amp;esrc=s&amp;source=web&amp;cd=&amp;cad=rja&amp;uact=8&amp;ved=2ahUKEwjds5eZp573AhW6SPEDHREODHwQFnoECAkQAQ&amp;url=https%3A%2F%2Frsf.org%2Fen%2Fnews%2Firan-rsf-denounces-conditions-detention-womens-prison-gharchak-where-two-journalists-are-imprisoned&amp;usg=AOvVaw3l2AyghxoHg8pOo9eSu5QL\" target=\"_blank\" rel=\"noreferrer noopener\">Qarchak<\/a> ne peuvent m\u00eame pas acheter d\u2019\u0153ufs au magasin de la prison chaque semaine. Les articles vendus par le magasin de la prison sont chers, limit\u00e9s et de mauvaise qualit\u00e9. Les ingr\u00e9dients crus ne sont pas du tout vendus.<\/p>\n\n\n\n<div class=\"wp-block-image\"><figure class=\"aligncenter size-full is-resized\"><img decoding=\"async\" src=\"data:image\/gif;base64,R0lGODlhAQABAIAAAAAAAP\/\/\/yH5BAEAAAAALAAAAAABAAEAAAIBRAA7\" data-src=\"https:\/\/wncri.org\/fr\/wp-content\/uploads\/2022\/04\/Qarchak-Prison-1-min.webp\" alt=\"Un autre probl\u00e8me est que les salles de la prison de Qarchak sont tr\u00e8s chaudes.\" class=\"wp-image-15557 lazyload\" width=\"765\" height=\"382\"\/><noscript><img decoding=\"async\" src=\"https:\/\/wncri.org\/fr\/wp-content\/uploads\/2022\/04\/Qarchak-Prison-1-min.webp\" alt=\"Un autre probl\u00e8me est que les salles de la prison de Qarchak sont tr\u00e8s chaudes.\" class=\"wp-image-15557 lazyload\" width=\"765\" height=\"382\" srcset=\"https:\/\/wncri.org\/fr\/wp-content\/uploads\/2022\/04\/Qarchak-Prison-1-min.webp 1000w, https:\/\/wncri.org\/fr\/wp-content\/uploads\/2022\/04\/Qarchak-Prison-1-min-300x150.webp 300w, https:\/\/wncri.org\/fr\/wp-content\/uploads\/2022\/04\/Qarchak-Prison-1-min-768x384.webp 768w, https:\/\/wncri.org\/fr\/wp-content\/uploads\/2022\/04\/Qarchak-Prison-1-min-360x180.webp 360w, https:\/\/wncri.org\/fr\/wp-content\/uploads\/2022\/04\/Qarchak-Prison-1-min-750x375.webp 750w\" sizes=\"(max-width: 765px) 100vw, 765px\" \/><\/noscript><\/figure><\/div>\n\n\n\n<p>Un autre probl\u00e8me est que les salles de <a href=\"https:\/\/wncri.org\/fr\/2020\/04\/20\/regard-sur-la-situation-tragique-a-la-prison-pour-femmes-de-qarchak-en-iran\/\" target=\"_blank\" rel=\"noreferrer noopener\">la prison de Qarchak<\/a> sont tr\u00e8s chaudes.<\/p>\n\n\n\n<p>En raison de sa situation g\u00e9ographique, les salles sont chaudes, et le syst\u00e8me de refroidissement ne peut pas les refroidir alors que l&#8217;\u00e9t\u00e9 n&#8217;a pas encore commenc\u00e9. De telles conditions aggravent la situation des malades, confront\u00e9es \u00e0 de nombreux probl\u00e8mes.<\/p>\n\n\n\n<p>Les gardiens et les responsables de Qarchak profitent de chaque occasion pour accro\u00eetre la pression sur les prisonni\u00e8res politiques. Le manque d&#8217;eau chaude dans le froid de l&#8217;hiver, la propagation d&#8217;Omicron dans cette prison, et la privation du droit de sortie font partie des pressions exerc\u00e9es sur les prisonni\u00e8res politiques dans cette prison pour femmes.<\/p>\n\n\n\n<p>La directrice de Qarchak, <a href=\"https:\/\/wncri.org\/2020\/12\/21\/new-warden-of-qarchak-prison-threatens-to-launch-news-attacks\/\" target=\"_blank\" rel=\"noreferrer noopener\">Soghari Khodadadi<\/a>, est la principale responsable des pressions exerc\u00e9es sur les prisonni\u00e8res, en particulier les d\u00e9tenues politiques. Le d\u00e9partement du Tr\u00e9sor am\u00e9ricain a inscrit Khodadadi sur sa liste noire le 7 d\u00e9cembre 2021.<\/p>\n\n\n\n<div class=\"wp-block-image\"><figure class=\"aligncenter size-full\"><img decoding=\"async\" src=\"data:image\/gif;base64,R0lGODlhAQABAIAAAAAAAP\/\/\/yH5BAEAAAAALAAAAAABAAEAAAIBRAA7\" data-src=\"https:\/\/wncri.org\/fr\/wp-content\/uploads\/2022\/04\/Ramadan-3-min.jpg\" alt=\"Ramadan : Les prisonni\u00e8res de Qarchak et de Sanandaj sont priv\u00e9es de nourriture\" class=\"wp-image-15562 lazyload\"\/><noscript><img decoding=\"async\" width=\"750\" height=\"375\" src=\"https:\/\/wncri.org\/fr\/wp-content\/uploads\/2022\/04\/Ramadan-3-min.jpg\" alt=\"Ramadan : Les prisonni\u00e8res de Qarchak et de Sanandaj sont priv\u00e9es de nourriture\" class=\"wp-image-15562 lazyload\" srcset=\"https:\/\/wncri.org\/fr\/wp-content\/uploads\/2022\/04\/Ramadan-3-min.jpg 750w, https:\/\/wncri.org\/fr\/wp-content\/uploads\/2022\/04\/Ramadan-3-min-300x150.jpg 300w, https:\/\/wncri.org\/fr\/wp-content\/uploads\/2022\/04\/Ramadan-3-min-360x180.jpg 360w\" sizes=\"(max-width: 750px) 100vw, 750px\" \/><\/noscript><\/figure><\/div>\n\n\n\n<h3 class=\"wp-block-heading\"><strong>Des prisonni\u00e8res affam\u00e9es \u00e0 Sanandaj pendant le ramadan<\/strong><\/h3>\n\n\n\n<p>Dans le <a href=\"https:\/\/wncri.org\/fr\/2021\/12\/10\/les-conditions-des-femmes-prisons\/\" target=\"_blank\" rel=\"noreferrer noopener\">quartier des femmes de la prison de Sanandaj<\/a>, connu sous le nom de Centre correctionnel et de formation, les autorit\u00e9s p\u00e9nitentiaires ne fournissent qu&#8217;un seul repas par jour pendant le ramadan. La privation d\u00e9lib\u00e9r\u00e9e de nourriture des d\u00e9tenues pendant le ramadan leur a caus\u00e9 de graves probl\u00e8mes physiques et psychologiques.<\/p>\n\n\n\n<p>Selon une source inform\u00e9e, seul un petit nombre de d\u00e9tenues je\u00fbnent. Cependant, la plupart de celles qui ne je\u00fbnent pas sont sciemment affam\u00e9es par les responsables de la prison et ne re\u00e7oivent qu&#8217;un seul repas par 24 heures.<\/p>\n\n\n\n<p>La privation d\u00e9lib\u00e9r\u00e9e de nourriture des prisonni\u00e8res est un exemple clair de torture. Priver les prisonni\u00e8res du droit \u00e0 la nourriture les prive de leur droit \u00e0 la vie. La vie des femmes emprisonn\u00e9es dans ces prisons est en danger.<\/p>\n","protected":false},"excerpt":{"rendered":"<p>CNRI &#8211; Les d\u00e9tenues de la prison de Qarchak et du quartier des femmes de la prison centrale de Sanandaj, connue sous le nom de centre correctionnel, sont priv\u00e9es de nourriture pendant le mois sacr\u00e9 du ramadan. Ces prisonni\u00e8res vivent dans de tr\u00e8s mauvaises conditions, et les autorit\u00e9s p\u00e9nitentiaires les affament. Les prisonni\u00e8res de Qarchak [&hellip;]<\/p>\n","protected":false},"author":4,"featured_media":15556,"comment_status":"closed","ping_status":"closed","sticky":false,"template":"","format":"standard","meta":{"jnews-multi-image_gallery":[],"jnews_single_post":{"subtitle":"","format":"standard","video":"","gallery":"","source_name":"","source_url":"","via_name":"","via_url":"","override_template":"0","override":[{"template":"7","single_blog_custom":"","parallax":"1","fullscreen":"1","layout":"right-sidebar","sidebar":"default-sidebar","second_sidebar":"default-sidebar","sticky_sidebar":"1","share_position":"floatbottom","share_float_style":"share-normal","show_share_counter":"1","show_view_counter":"1","show_featured":"1","show_post_meta":"1","show_post_author":"0","show_post_author_image":"1","show_post_date":"1","post_date_format":"default","post_date_format_custom":"Y\/m\/d","show_post_category":"1","show_post_reading_time":"0","post_reading_time_wpm":"300","show_zoom_button":"0","zoom_button_out_step":"2","zoom_button_in_step":"3","show_post_tag":"1","show_prev_next_post":"0","show_popup_post":"1","number_popup_post":"1","show_author_box":"0","show_post_related":"1","show_inline_post_related":"1"}],"override_image_size":"0","image_override":[{"single_post_thumbnail_size":"crop-500","single_post_gallery_size":"crop-500"}],"trending_post":"0","trending_post_position":"meta","trending_post_label":"Trending","sponsored_post":"0","sponsored_post_label":"Sponsored by","sponsored_post_name":"","sponsored_post_url":"","sponsored_post_logo_enable":"0","sponsored_post_logo":"","sponsored_post_desc":"","disable_ad":"0"},"jnews_primary_category":{"id":""},"jnews_social_meta":{"fb_title":"","fb_description":"","fb_image":"","twitter_title":"","twitter_description":"","twitter_image":""},"jnews_override_counter":{"override_view_counter":"0","view_counter_number":"0","override_share_counter":"0","share_counter_number":"0","override_like_counter":"0","like_counter_number":"0","override_dislike_counter":"0","dislike_counter_number":"0"},"footnotes":""},"categories":[3],"tags":[370,376],"class_list":["post-15555","post","type-post","status-publish","format-standard","has-post-thumbnail","hentry","category-infos-des-femmes","tag-prisonnieres","tag-violence-contre-les-femmes"],"_links":{"self":[{"href":"https:\/\/wncri.org\/fr\/wp-json\/wp\/v2\/posts\/15555","targetHints":{"allow":["GET"]}}],"collection":[{"href":"https:\/\/wncri.org\/fr\/wp-json\/wp\/v2\/posts"}],"about":[{"href":"https:\/\/wncri.org\/fr\/wp-json\/wp\/v2\/types\/post"}],"author":[{"embeddable":true,"href":"https:\/\/wncri.org\/fr\/wp-json\/wp\/v2\/users\/4"}],"replies":[{"embeddable":true,"href":"https:\/\/wncri.org\/fr\/wp-json\/wp\/v2\/comments?post=15555"}],"version-history":[{"count":3,"href":"https:\/\/wncri.org\/fr\/wp-json\/wp\/v2\/posts\/15555\/revisions"}],"predecessor-version":[{"id":15565,"href":"https:\/\/wncri.org\/fr\/wp-json\/wp\/v2\/posts\/15555\/revisions\/15565"}],"wp:featuredmedia":[{"embeddable":true,"href":"https:\/\/wncri.org\/fr\/wp-json\/wp\/v2\/media\/15556"}],"wp:attachment":[{"href":"https:\/\/wncri.org\/fr\/wp-json\/wp\/v2\/media?parent=15555"}],"wp:term":[{"taxonomy":"category","embeddable":true,"href":"https:\/\/wncri.org\/fr\/wp-json\/wp\/v2\/categories?post=15555"},{"taxonomy":"post_tag","embeddable":true,"href":"https:\/\/wncri.org\/fr\/wp-json\/wp\/v2\/tags?post=15555"}],"curies":[{"name":"wp","href":"https:\/\/api.w.org\/{rel}","templated":true}]}}