{"id":15551,"date":"2022-04-15T20:49:00","date_gmt":"2022-04-15T18:49:00","guid":{"rendered":"https:\/\/wncri.org\/fr\/?p=15551"},"modified":"2022-04-17T20:57:37","modified_gmt":"2022-04-17T18:57:37","slug":"droits-humains","status":"publish","type":"post","link":"https:\/\/wncri.org\/fr\/2022\/04\/15\/droits-humains\/","title":{"rendered":"Rapport des Etats-Unis sur les droits humains 2021 &#8211; Maryam Akbari emprisonn\u00e9e 12 ans pour avoir demand\u00e9 justice"},"content":{"rendered":"\n<h3 class=\"wp-block-heading\">Rapport des Etats-Unis sur les droits humains 2021 &#8211; Maryam Akbari emprisonn\u00e9e 12 ans pour avoir demand\u00e9 justice<\/h3>\n\n\n\n<p>CNRI Femmes &#8211; Le rapport 2021 du d\u00e9partement d&#8217;\u00c9tat am\u00e9ricain sur les pratiques en mati\u00e8re de droits humains a \u00e9t\u00e9 publi\u00e9 le 13 avril 2022.<\/p>\n\n\n\n<p>Une partie du <a href=\"https:\/\/www.state.gov\/reports\/2021-country-reports-on-human-rights-practices\/iran\" target=\"_blank\" rel=\"noreferrer noopener\">rapport<\/a> porte sur la situation des prisonniers et d\u00e9tenus politiques, notamment le cas de la prisonni\u00e8re politique Maryam Akbari-Monfared.<\/p>\n\n\n\n<p>\u00ab\u00a0En mars, en repr\u00e9sailles pour avoir sign\u00e9 une lettre ouverte accusant le gouvernement de refuser r\u00e9guli\u00e8rement des soins m\u00e9dicaux aux prisonni\u00e8res, les autorit\u00e9s ont transf\u00e9r\u00e9 <a href=\"https:\/\/wncri.org\/2022\/04\/01\/physical-condition-maryam-akbari\/\" target=\"_blank\" rel=\"noreferrer noopener\">Maryam Akbari-Monfared<\/a> de la prison d&#8217;Evine vers une prison situ\u00e9e \u00e0 124 kilom\u00e8tres de sa famille.<\/p>\n\n\n\n<p>&#8220;<a href=\"https:\/\/wncri.org\/2022\/03\/03\/conditions-of-female-political-prisoners-under-the-clerical-regime-in-iran\/\" target=\"_blank\" rel=\"noreferrer noopener\">Maryam Akbari-Monfared<\/a> \u00e9tait emprisonn\u00e9e depuis pr\u00e8s de 12 ans pour avoir <a href=\"https:\/\/wncri.org\/fr\/2017\/11\/05\/iran-un-groupe-de-travail-de-l-onu-a-accepte-la-plainte-de-maryam-akbari\/\" target=\"_blank\" rel=\"noreferrer noopener\">demand\u00e9 justice<\/a> pour ses fr\u00e8res et s\u0153urs, disparus et <a href=\"https:\/\/wncri.org\/fr\/2019\/07\/28\/maryam-akbari-les-criminels-du-massacre-de-1988-sont-au-pouvoir-en-iran\/\" target=\"_blank\" rel=\"noreferrer noopener\">ex\u00e9cut\u00e9s extrajudiciairement<\/a> en secret en 1988.<\/p>\n\n\n\n<p>&#8220;Les autorit\u00e9s avaient initialement jug\u00e9 et condamn\u00e9 Akbari-Monfared pour avoir soutenu le groupe d&#8217;opposition interdit OMPI\/MEK en 2010, au motif qu&#8217;elle \u00e9tait en guerre contre Dieu.&#8221;<\/p>\n\n\n\n<div class=\"wp-block-image\"><figure class=\"aligncenter size-full is-resized\"><img decoding=\"async\" src=\"data:image\/gif;base64,R0lGODlhAQABAIAAAAAAAP\/\/\/yH5BAEAAAAALAAAAAABAAEAAAIBRAA7\" data-src=\"https:\/\/wncri.org\/fr\/wp-content\/uploads\/2022\/04\/2021-Country-Reports-on-Human-Rights-Practices-min.jpg\" alt=\"Le rapport 2021 sur les pratiques en mati\u00e8re de droits humains \" class=\"wp-image-15552 lazyload\" width=\"839\" height=\"436\"\/><noscript><img decoding=\"async\" src=\"https:\/\/wncri.org\/fr\/wp-content\/uploads\/2022\/04\/2021-Country-Reports-on-Human-Rights-Practices-min.jpg\" alt=\"Le rapport 2021 sur les pratiques en mati\u00e8re de droits humains \" class=\"wp-image-15552 lazyload\" width=\"839\" height=\"436\" srcset=\"https:\/\/wncri.org\/fr\/wp-content\/uploads\/2022\/04\/2021-Country-Reports-on-Human-Rights-Practices-min.jpg 750w, https:\/\/wncri.org\/fr\/wp-content\/uploads\/2022\/04\/2021-Country-Reports-on-Human-Rights-Practices-min-300x156.jpg 300w\" sizes=\"(max-width: 839px) 100vw, 839px\" \/><\/noscript><\/figure><\/div>\n\n\n\n<p>Le rapport 2021 sur les pratiques en mati\u00e8re de droits humains du D\u00e9partement d&#8217;\u00c9tat am\u00e9ricain ajoute : l\u2019Iran affirme \u00e9galement que les avocats qui d\u00e9fendaient les prisonniers politiques ont souvent \u00e9t\u00e9 arr\u00eat\u00e9s, d\u00e9tenus et soumis \u00e0 des peines et des sanctions excessives pour avoir exerc\u00e9 des activit\u00e9s professionnelles r\u00e9guli\u00e8res. Le gouvernement a continu\u00e9 \u00e0 emprisonner des avocats.<\/p>\n\n\n\n<p>D&#8217;autres parties du <a href=\"https:\/\/www.state.gov\/reports\/2021-country-reports-on-human-rights-practices\/iran\" target=\"_blank\" rel=\"noreferrer noopener\">rapport<\/a> pr\u00e9cisent que le r\u00e9gime cl\u00e9rical iranien a \u00e9mis des interdictions de voyager pour certains anciens prisonniers politiques et leur a interdit d&#8217;exercer leur profession pendant des ann\u00e9es apr\u00e8s leur incarc\u00e9ration. Le rapport indique ensuite que le r\u00e9gime iranien n&#8217;a pas autoris\u00e9 les organisations humanitaires internationales ou les repr\u00e9sentants de l&#8217;ONU \u00e0 acc\u00e9der aux prisonniers politiques.<\/p>\n\n\n\n<h3 class=\"wp-block-heading\"><strong>Un rapport sur l\u2019Iran<\/strong><\/h3>\n\n\n\n<p>Les probl\u00e8mes importants en mati\u00e8re de droits humains comprennent des <a href=\"https:\/\/www.state.gov\/reports\/2021-country-reports-on-human-rights-practices\/iran\" target=\"_blank\" rel=\"noreferrer noopener\">informations<\/a> cr\u00e9dibles <a href=\"https:\/\/wncri.org\/fr\/2020\/01\/20\/93-femmes-executees-en-iran-sous-rohani\/\" target=\"_blank\" rel=\"noreferrer noopener\">d&#8217;ex\u00e9cutions<\/a> ill\u00e9gales ou arbitraires men\u00e9es par le gouvernement et ses agents, le plus souvent des ex\u00e9cutions pour des d\u00e9lits ne r\u00e9pondant pas \u00e0 la norme juridique internationale relative aux &#8220;crimes les plus graves&#8221; ou pour des crimes commis par des d\u00e9linquants mineurs, ainsi qu&#8217;apr\u00e8s des proc\u00e8s sans proc\u00e9dure r\u00e9guli\u00e8re ; les disparitions forc\u00e9es attribu\u00e9es au gouvernement et \u00e0 ses agents ; la torture ou les traitements cruels, inhumains ou d\u00e9gradants inflig\u00e9s par le gouvernement et ses agents ; les arrestations ou d\u00e9tentions arbitraires ; <a href=\"https:\/\/wncri.org\/fr\/2021\/12\/10\/les-conditions-des-femmes-prisons\/\" target=\"_blank\" rel=\"noreferrer noopener\">les conditions de d\u00e9tention difficiles et dangereuses pour la vie<\/a> ; les prisonniers et d\u00e9tenus politiques&#8230;<\/p>\n\n\n\n<p>Parmi les autres <a href=\"https:\/\/www.state.gov\/reports\/2021-country-reports-on-human-rights-practices\/iran\" target=\"_blank\" rel=\"noreferrer noopener\">questions<\/a> abord\u00e9es dans le rapport 2021 sur les pratiques en mati\u00e8re de droits humains en Iran, citons les restrictions s\u00e9v\u00e8res \u00e0 la libert\u00e9 d&#8217;expression et aux m\u00e9dias, notamment la violence, les menaces de violence, les arrestations et les poursuites injustifi\u00e9es \u00e0 l&#8217;encontre des journalistes, la censure, la criminalisation de la diffamation et de la calomnie ; les restrictions s\u00e9rieuses \u00e0 la libert\u00e9 d&#8217;Internet ; les interf\u00e9rences substantielles avec la libert\u00e9 de r\u00e9union pacifique et la libert\u00e9 d&#8217;association ; les restrictions s\u00e9v\u00e8res \u00e0 la libert\u00e9 de religion ; l&#8217;incapacit\u00e9 des citoyens \u00e0 changer pacifiquement de gouvernement par le biais d&#8217;\u00e9lections libres et \u00e9quitables ; des restrictions graves et d\u00e9raisonnables \u00e0 la participation politique ; une grave corruption au sein du gouvernement ; de graves restrictions gouvernementales ou le harc\u00e8lement des organisations nationales ou internationales de d\u00e9fense des droits de l&#8217;homme ; l&#8217;absence d&#8217;enqu\u00eates s\u00e9rieuses et de responsabilit\u00e9 en mati\u00e8re de <a href=\"https:\/\/wncri.org\/fr\/2020\/11\/23\/la-violence-faite-aux-femmes-en-iran-parrainee-et-institutionnalisee-par-letat\/\" target=\"_blank\" rel=\"noreferrer noopener\">violence \u00e0 l&#8217;\u00e9gard des femmes<\/a> ; la traite des personnes ; la violence \u00e0 l&#8217;\u00e9gard des minorit\u00e9s ethniques, etc.<\/p>\n","protected":false},"excerpt":{"rendered":"<p>Rapport des Etats-Unis sur les droits humains 2021 &#8211; Maryam Akbari emprisonn\u00e9e 12 ans pour avoir demand\u00e9 justice CNRI Femmes &#8211; Le rapport 2021 du d\u00e9partement d&#8217;\u00c9tat am\u00e9ricain sur les pratiques en mati\u00e8re de droits humains a \u00e9t\u00e9 publi\u00e9 le 13 avril 2022. Une partie du rapport porte sur la situation des prisonniers et d\u00e9tenus [&hellip;]<\/p>\n","protected":false},"author":4,"featured_media":15553,"comment_status":"closed","ping_status":"closed","sticky":false,"template":"","format":"standard","meta":{"jnews-multi-image_gallery":[],"jnews_single_post":{"subtitle":"","format":"standard","video":"","gallery":"","source_name":"","source_url":"","via_name":"","via_url":"","override_template":"0","override":[{"template":"7","single_blog_custom":"","parallax":"1","fullscreen":"1","layout":"right-sidebar","sidebar":"default-sidebar","second_sidebar":"default-sidebar","sticky_sidebar":"1","share_position":"floatbottom","share_float_style":"share-normal","show_share_counter":"1","show_view_counter":"1","show_featured":"1","show_post_meta":"1","show_post_author":"0","show_post_author_image":"1","show_post_date":"1","post_date_format":"default","post_date_format_custom":"Y\/m\/d","show_post_category":"1","show_post_reading_time":"0","post_reading_time_wpm":"300","show_zoom_button":"0","zoom_button_out_step":"2","zoom_button_in_step":"3","show_post_tag":"1","show_prev_next_post":"0","show_popup_post":"1","number_popup_post":"1","show_author_box":"0","show_post_related":"1","show_inline_post_related":"1"}],"override_image_size":"0","image_override":[{"single_post_thumbnail_size":"crop-500","single_post_gallery_size":"crop-500"}],"trending_post":"0","trending_post_position":"meta","trending_post_label":"Trending","sponsored_post":"0","sponsored_post_label":"Sponsored by","sponsored_post_name":"","sponsored_post_url":"","sponsored_post_logo_enable":"0","sponsored_post_logo":"","sponsored_post_desc":"","disable_ad":"0"},"jnews_primary_category":{"id":""},"jnews_social_meta":{"fb_title":"","fb_description":"","fb_image":"","twitter_title":"","twitter_description":"","twitter_image":""},"jnews_override_counter":{"override_view_counter":"0","view_counter_number":"0","override_share_counter":"0","share_counter_number":"0","override_like_counter":"0","like_counter_number":"0","override_dislike_counter":"0","dislike_counter_number":"0"},"footnotes":""},"categories":[3],"tags":[370,376],"class_list":["post-15551","post","type-post","status-publish","format-standard","has-post-thumbnail","hentry","category-infos-des-femmes","tag-prisonnieres","tag-violence-contre-les-femmes"],"_links":{"self":[{"href":"https:\/\/wncri.org\/fr\/wp-json\/wp\/v2\/posts\/15551","targetHints":{"allow":["GET"]}}],"collection":[{"href":"https:\/\/wncri.org\/fr\/wp-json\/wp\/v2\/posts"}],"about":[{"href":"https:\/\/wncri.org\/fr\/wp-json\/wp\/v2\/types\/post"}],"author":[{"embeddable":true,"href":"https:\/\/wncri.org\/fr\/wp-json\/wp\/v2\/users\/4"}],"replies":[{"embeddable":true,"href":"https:\/\/wncri.org\/fr\/wp-json\/wp\/v2\/comments?post=15551"}],"version-history":[{"count":1,"href":"https:\/\/wncri.org\/fr\/wp-json\/wp\/v2\/posts\/15551\/revisions"}],"predecessor-version":[{"id":15554,"href":"https:\/\/wncri.org\/fr\/wp-json\/wp\/v2\/posts\/15551\/revisions\/15554"}],"wp:featuredmedia":[{"embeddable":true,"href":"https:\/\/wncri.org\/fr\/wp-json\/wp\/v2\/media\/15553"}],"wp:attachment":[{"href":"https:\/\/wncri.org\/fr\/wp-json\/wp\/v2\/media?parent=15551"}],"wp:term":[{"taxonomy":"category","embeddable":true,"href":"https:\/\/wncri.org\/fr\/wp-json\/wp\/v2\/categories?post=15551"},{"taxonomy":"post_tag","embeddable":true,"href":"https:\/\/wncri.org\/fr\/wp-json\/wp\/v2\/tags?post=15551"}],"curies":[{"name":"wp","href":"https:\/\/api.w.org\/{rel}","templated":true}]}}