{"id":15475,"date":"2022-03-30T20:23:00","date_gmt":"2022-03-30T18:23:00","guid":{"rendered":"https:\/\/wncri.org\/fr\/?p=15475"},"modified":"2022-04-02T20:43:39","modified_gmt":"2022-04-02T18:43:39","slug":"olena-zelenska","status":"publish","type":"post","link":"https:\/\/wncri.org\/fr\/2022\/03\/30\/olena-zelenska\/","title":{"rendered":"OLENA ZELENSKA  Pas de panique car nous savons ce que nous devons faire."},"content":{"rendered":"\n<h3 class=\"wp-block-heading\">OLENA ZELENSKA  Pas de panique car nous savons ce que nous devons faire. <\/h3>\n\n\n\n<p><br><strong>OLENA ZELENSKA, l\u2019\u00e9pouse du pr\u00e9sident ukrainien Volodymyr Zelensky, a accord\u00e9 au <\/strong><a href=\"https:\/\/www.leparisien.fr\/international\/olena-zelenska-premiere-dame-dukraine-nos-enfants-noublieront-jamais-ce-que-vous-faites-pour-nous-21-03-2022-SX6Y4NVJBVGC3MPA4HSNJ7GP5E.php\" target=\"_blank\" rel=\"noreferrer noopener\"><strong>Parisien<\/strong><\/a><strong> une interview exclusive le 22 mars. Dans cette interview, elle parle de son combat pour organiser le sauvetage d&#8217;enfants atteints de maladies graves. Elle parle \u00e9galement du r\u00f4le admirable des femmes dans la r\u00e9sistance populaire de l&#8217;Ukraine contre l&#8217;invasion russe. Voici des extraits de cette interview :<\/strong><\/p>\n\n\n\n<p>OLENA ZELENSKA, la premi\u00e8re dame d\u2019Ukraine, nous explique, dans cet entretien r\u00e9alis\u00e9 \u00e0 distance, son combat pour organiser l\u2019\u00e9vacuation d\u2019enfants malades de son pays.<\/p>\n\n\n\n<h3 class=\"wp-block-heading\"><strong>Le Parisien&nbsp;: Comment allez-vous ?<\/strong><\/h3>\n\n\n\n<p><strong>OLENA ZELENSKA.<\/strong> Comme un \u00eatre humain <a href=\"https:\/\/www.leparisien.fr\/international\/guerre-en-ukraine-ultimatum-rejete-a-marioupol-bombardement-nocturne-a-kiev-le-point-sur-ce-26e-jour-doffensive-russe-21-03-2022-NDEXEFWNCBHEPPP75SSH5STTYU.php\" target=\"_blank\" rel=\"noreferrer noopener\">qui a une guerre dans sa maison<\/a>. Comme chaque Ukrainien. Je me pr\u00e9cipite sur les informations. O\u00f9 l\u2019ennemi a-t-il vis\u00e9 cette fois ? Y a-t-il des victimes ? Je guette les nouvelles <a href=\"https:\/\/www.leparisien.fr\/international\/guerre-en-ukraine-marioupol-assiegee-par-la-russie-dix-images-de-la-ville-martyre-18-03-2022-4K5CQLHUYVHARICOXXQJO34VAQ.php\" target=\"_blank\" rel=\"noreferrer noopener\">de Marioupol<\/a>, o\u00f9 des centaines de milliers de personnes, m\u00eame des connaissances personnelles, sont dans les sous-sols sans communication, sans \u00e9lectricit\u00e9, sans m\u00e9dicaments. C\u2019est maintenant le rituel de tous mes concitoyens. Chaque jour, vous devez appeler tous vos proches. Sont-ils vivants ? V\u00e9rifier les messageries. Si les messages s\u2019affichent comme lus, il reste de l\u2019espoir qu\u2019ils aient eu un peu de r\u00e9seau, qu\u2019ils soient en vie. Et c\u2019est d\u00e9j\u00e0 un bonheur incroyable pendant la guerre.<\/p>\n\n\n\n<h3 class=\"wp-block-heading\"><strong>Vous travaillez depuis plusieurs jours avec les premi\u00e8res dames fran\u00e7aise et polonaise pour organiser l\u2019\u00e9vacuation d\u2019enfants malades. Comment se d\u00e9roule cette op\u00e9ration ?<\/strong><\/h3>\n\n\n\n<p>Ces \u00ab convois de la vie \u00bb sont sans pr\u00e9c\u00e9dent. Une v\u00e9ritable op\u00e9ration de sauvetage. Quand il est devenu clair qu\u2019il \u00e9tait impossible de traiter les enfants atteints de cancer dans les abris anti-bombes, nous avons imm\u00e9diatement cherch\u00e9 une solution. (\u2026) Certains resteront en Pologne, d\u2019autres seront redirig\u00e9s en France, en Italie, en Allemagne, aux \u00c9tats-Unis, au Canada. Je suis heureuse d\u2019avoir pu \u00eatre utile dans le processus (\u2026)<\/p>\n\n\n\n<h3 class=\"wp-block-heading\"><strong>Esp\u00e9rez-vous que les n\u00e9gociations diplomatiques aboutissent \u00e0 cessez-le-feu ?<\/strong><\/h3>\n\n\n\n<p>Il y a toujours de l\u2019espoir -\u2026)<\/p>\n\n\n\n<div class=\"wp-block-image\"><figure class=\"aligncenter size-full is-resized\"><img decoding=\"async\" src=\"data:image\/gif;base64,R0lGODlhAQABAIAAAAAAAP\/\/\/yH5BAEAAAAALAAAAAABAAEAAAIBRAA7\" data-src=\"https:\/\/wncri.org\/fr\/wp-content\/uploads\/2022\/04\/Ukraine-women-min.jpg\" alt=\"Quel est le r\u00f4le des femmes dans cette guerre ?\" class=\"wp-image-15478 lazyload\" width=\"857\" height=\"429\"\/><noscript><img decoding=\"async\" src=\"https:\/\/wncri.org\/fr\/wp-content\/uploads\/2022\/04\/Ukraine-women-min.jpg\" alt=\"Quel est le r\u00f4le des femmes dans cette guerre ?\" class=\"wp-image-15478 lazyload\" width=\"857\" height=\"429\" srcset=\"https:\/\/wncri.org\/fr\/wp-content\/uploads\/2022\/04\/Ukraine-women-min.jpg 750w, https:\/\/wncri.org\/fr\/wp-content\/uploads\/2022\/04\/Ukraine-women-min-300x150.jpg 300w, https:\/\/wncri.org\/fr\/wp-content\/uploads\/2022\/04\/Ukraine-women-min-360x180.jpg 360w\" sizes=\"(max-width: 857px) 100vw, 857px\" \/><\/noscript><\/figure><\/div>\n\n\n\n<h3 class=\"wp-block-heading\"><strong>Quel est le r\u00f4le des femmes dans cette guerre ?<\/strong><\/h3>\n\n\n\n<p>Avant la guerre \u2014 je ne m\u2019habitue pas \u00e0 cette expression \u2014 j\u2019avais \u00e9crit qu\u2019en Ukraine, il y a 2 millions de femmes de plus que d\u2019hommes. Ces jours-ci, cette statistique prend toute sa signification.<a href=\"https:\/\/www.leparisien.fr\/international\/guerre-en-ukraine-face-aux-troupes-russes-la-resistance-civile-recourt-au-systeme-d-27-02-2022-PXHORFIRVZEPZGXN3M76FDID4I.php\" target=\"_blank\" rel=\"noreferrer noopener\"> Notre r\u00e9sistance<\/a>, comme notre future victoire, a aussi un visage particuli\u00e8rement f\u00e9minin. Les femmes se battent dans l\u2019arm\u00e9e, elles sont inscrites <a href=\"https:\/\/www.leparisien.fr\/international\/quils-viennent-les-russes-a-kiev-le-quartier-de-dorohozhichi-sen-va-t-en-guerre-28-02-2022-ZGEOSJ2W7BCDZCCENPZDD52P4A.php\" target=\"_blank\" rel=\"noreferrer noopener\">\u00e0 la D\u00e9fense territoriale<\/a>, elles sont la base d\u2019un puissant mouvement b\u00e9n\u00e9vole qui fournit, livre, nourrit\u2026 Elles donnent la vie dans des abris, sauvent leurs enfants et en gardent d\u2019autres, font tourner l\u2019\u00e9conomie, vont \u00e0 l\u2019\u00e9tranger chercher du secours. Enfin, elles font simplement leur travail \u2014 dans les h\u00f4pitaux, les pharmacies, les magasins, les transports, les services publics \u2014 pour que la vie continue.<\/p>\n\n\n\n<div class=\"wp-block-image\"><figure class=\"aligncenter size-full is-resized\"><img decoding=\"async\" src=\"data:image\/gif;base64,R0lGODlhAQABAIAAAAAAAP\/\/\/yH5BAEAAAAALAAAAAABAAEAAAIBRAA7\" data-src=\"https:\/\/wncri.org\/fr\/wp-content\/uploads\/2022\/04\/Olena-Zelenska-2-min.jpg\" alt=\"Comment travaillez-vous avec votre \u00e9poux, le pr\u00e9sident Volodymyr Zelensky \" class=\"wp-image-15477 lazyload\" width=\"851\" height=\"426\"\/><noscript><img decoding=\"async\" src=\"https:\/\/wncri.org\/fr\/wp-content\/uploads\/2022\/04\/Olena-Zelenska-2-min.jpg\" alt=\"Comment travaillez-vous avec votre \u00e9poux, le pr\u00e9sident Volodymyr Zelensky \" class=\"wp-image-15477 lazyload\" width=\"851\" height=\"426\" srcset=\"https:\/\/wncri.org\/fr\/wp-content\/uploads\/2022\/04\/Olena-Zelenska-2-min.jpg 750w, https:\/\/wncri.org\/fr\/wp-content\/uploads\/2022\/04\/Olena-Zelenska-2-min-300x150.jpg 300w, https:\/\/wncri.org\/fr\/wp-content\/uploads\/2022\/04\/Olena-Zelenska-2-min-360x180.jpg 360w\" sizes=\"(max-width: 851px) 100vw, 851px\" \/><\/noscript><\/figure><\/div>\n\n\n\n<h3 class=\"wp-block-heading\"><strong>Comment travaillez-vous avec votre \u00e9poux, le pr\u00e9sident Volodymyr Zelensky ?<\/strong><\/h3>\n\n\n\n<p>Volodymyr est pour moi un exemple, je suis sa partenaire fiable et son soutien. Aujourd\u2019hui, toute l\u2019Ukraine s\u2019est unie pour gagner, et notre mission est la m\u00eame. Dans cette guerre, je suis aux c\u00f4t\u00e9s de tout le peuple ukrainien.<\/p>\n\n\n\n<h3 class=\"wp-block-heading\"><strong>Votre mari a marqu\u00e9 l\u2019opinion publique internationale jusqu\u2019ici pour son sang-froid dans ce conflit. Et vous qui le connaissez depuis 1995, avez-vous \u00e9t\u00e9 \u00e9tonn\u00e9e ?<\/strong><\/h3>\n\n\n\n<p>Est-ce que j\u2019admire cet homme ? Tous les jours. Suis-je surprise ? Non. Volodymyr a toujours \u00e9t\u00e9 comme \u00e7a, d\u00e9termin\u00e9 et calme. En temps de guerre, tous les Ukrainiens et le monde entier ont bien vu les principes qu\u2019il a et ils ont senti la force en lui. Il n\u2019abandonnera pas les int\u00e9r\u00eats de l\u2019Ukraine.<\/p>\n\n\n\n<h3 class=\"wp-block-heading\"><strong>Au premier jour de l\u2019invasion russe, vous avez publi\u00e9 sur Instagram : \u00ab Je ne vais pas paniquer ni pleurer. Je serai calme et confiante. \u00bb Apr\u00e8s presque un mois de guerre, est-il encore possible de tenir cette promesse ?<\/strong><\/h3>\n\n\n\n<p>Les larmes \u00e9taient et sont l\u00e0 quand je vois nos victimes, des enfants morts, des familles fusill\u00e9es ou <a href=\"https:\/\/www.leparisien.fr\/international\/guerre-en-ukraine-a-marioupol-un-enfant-serait-mort-de-soif-sous-des-decombres-08-03-2022-KHSMJ6OWLRFGPCWMCEO3TA3WSI.php\" target=\"_blank\" rel=\"noreferrer noopener\">ensevelies sous les d\u00e9combres de leurs propres maisons<\/a>. On ne peut pas s\u2019en emp\u00eacher. Mais il n\u2019y a pas de panique. La panique arrive quand vous ne savez pas quoi faire. Et moi, je sais parfaitement ce qu\u2019on doit faire et le peuple ukrainien le sait aussi. Notre plan est de prot\u00e9ger les Ukrainiens et de gagner.<\/p>\n","protected":false},"excerpt":{"rendered":"<p>OLENA ZELENSKA Pas de panique car nous savons ce que nous devons faire. OLENA ZELENSKA, l\u2019\u00e9pouse du pr\u00e9sident ukrainien Volodymyr Zelensky, a accord\u00e9 au Parisien une interview exclusive le 22 mars. Dans cette interview, elle parle de son combat pour organiser le sauvetage d&#8217;enfants atteints de maladies graves. Elle parle \u00e9galement du r\u00f4le admirable des [&hellip;]<\/p>\n","protected":false},"author":4,"featured_media":15476,"comment_status":"closed","ping_status":"closed","sticky":false,"template":"","format":"standard","meta":{"jnews-multi-image_gallery":[],"jnews_single_post":{"subtitle":"","format":"standard","video":"","gallery":"","source_name":"","source_url":"","via_name":"","via_url":"","override_template":"0","override":[{"template":"1","single_blog_custom":"","parallax":"1","fullscreen":"1","layout":"right-sidebar","sidebar":"default-sidebar","second_sidebar":"default-sidebar","sticky_sidebar":"1","share_position":"top","share_float_style":"share-monocrhome","show_share_counter":"1","show_view_counter":"1","show_featured":"1","show_post_meta":"1","show_post_author":"1","show_post_author_image":"1","show_post_date":"1","post_date_format":"default","post_date_format_custom":"Y\/m\/d","show_post_category":"1","show_post_reading_time":"0","post_reading_time_wpm":"300","show_zoom_button":"0","zoom_button_out_step":"2","zoom_button_in_step":"3","show_post_tag":"1","show_prev_next_post":"1","show_popup_post":"1","number_popup_post":"1","show_author_box":"0","show_post_related":"0","show_inline_post_related":"0"}],"override_image_size":"0","image_override":[{"single_post_thumbnail_size":"crop-500","single_post_gallery_size":"crop-500"}],"trending_post":"0","trending_post_position":"meta","trending_post_label":"Trending","sponsored_post":"0","sponsored_post_label":"Sponsored by","sponsored_post_name":"","sponsored_post_url":"","sponsored_post_logo_enable":"0","sponsored_post_logo":"","sponsored_post_desc":"","disable_ad":"0"},"jnews_primary_category":{"id":""},"jnews_social_meta":{"fb_title":"","fb_description":"","fb_image":"","twitter_title":"","twitter_description":"","twitter_image":""},"jnews_override_counter":{"override_view_counter":"0","view_counter_number":"0","override_share_counter":"0","share_counter_number":"0","override_like_counter":"0","like_counter_number":"0","override_dislike_counter":"0","dislike_counter_number":"0"},"footnotes":""},"categories":[8],"tags":[373],"class_list":["post-15475","post","type-post","status-publish","format-standard","has-post-thumbnail","hentry","category-articles","tag-le-leadership-des-femmes"],"_links":{"self":[{"href":"https:\/\/wncri.org\/fr\/wp-json\/wp\/v2\/posts\/15475","targetHints":{"allow":["GET"]}}],"collection":[{"href":"https:\/\/wncri.org\/fr\/wp-json\/wp\/v2\/posts"}],"about":[{"href":"https:\/\/wncri.org\/fr\/wp-json\/wp\/v2\/types\/post"}],"author":[{"embeddable":true,"href":"https:\/\/wncri.org\/fr\/wp-json\/wp\/v2\/users\/4"}],"replies":[{"embeddable":true,"href":"https:\/\/wncri.org\/fr\/wp-json\/wp\/v2\/comments?post=15475"}],"version-history":[{"count":2,"href":"https:\/\/wncri.org\/fr\/wp-json\/wp\/v2\/posts\/15475\/revisions"}],"predecessor-version":[{"id":15481,"href":"https:\/\/wncri.org\/fr\/wp-json\/wp\/v2\/posts\/15475\/revisions\/15481"}],"wp:featuredmedia":[{"embeddable":true,"href":"https:\/\/wncri.org\/fr\/wp-json\/wp\/v2\/media\/15476"}],"wp:attachment":[{"href":"https:\/\/wncri.org\/fr\/wp-json\/wp\/v2\/media?parent=15475"}],"wp:term":[{"taxonomy":"category","embeddable":true,"href":"https:\/\/wncri.org\/fr\/wp-json\/wp\/v2\/categories?post=15475"},{"taxonomy":"post_tag","embeddable":true,"href":"https:\/\/wncri.org\/fr\/wp-json\/wp\/v2\/tags?post=15475"}],"curies":[{"name":"wp","href":"https:\/\/api.w.org\/{rel}","templated":true}]}}