{"id":15470,"date":"2022-04-01T14:32:00","date_gmt":"2022-04-01T12:32:00","guid":{"rendered":"https:\/\/wncri.org\/fr\/?p=15470"},"modified":"2022-04-02T14:40:32","modified_gmt":"2022-04-02T12:40:32","slug":"etat-physique-grave","status":"publish","type":"post","link":"https:\/\/wncri.org\/fr\/2022\/04\/01\/etat-physique-grave\/","title":{"rendered":"Maryam Akbari Monfared dans un \u00e9tat physique grave \u00e0 la prison de Semnan"},"content":{"rendered":"\n<h3 class=\"wp-block-heading\">Maryam Akbari Monfared dans un \u00e9tat physique grave \u00e0 la prison de Semnan<\/h3>\n\n\n\n<p>CNRI Femmes &#8211; L&#8217;\u00e9tat physique de la prisonni\u00e8re politique Maryam Akbari Monfared \u00e0 la prison de Semnan, en Iran, est jug\u00e9 grave.<\/p>\n\n\n\n<p>Maryam Akbari Monfared, qui a \u00e9t\u00e9 bannie \u00e0 la prison de Semnan, purge sa 13\u00e8me ann\u00e9e de d\u00e9tention sans avoir b\u00e9n\u00e9fici\u00e9 de la moindre autorisation de sortie. Le minist\u00e8re du Renseignement l\u2019emp\u00eache d&#8217;\u00eatre envoy\u00e9e \u00e0 l&#8217;h\u00f4pital, malgr\u00e9 la d\u00e9t\u00e9rioration de sa sant\u00e9.<\/p>\n\n\n\n<h3 class=\"wp-block-heading\"><strong>L&#8217;\u00e9tat physique de la prisonni\u00e8re politique Maryam Akbari<\/strong><\/h3>\n\n\n\n<p>La prisonni\u00e8re politique Maryam Akbari Monfared souffre d&#8217;une maladie du foie depuis plus de 11 mois. Cependant, sur ordre du minist\u00e8re du Renseignement, elle n&#8217;a pas \u00e9t\u00e9 autoris\u00e9e \u00e0 consulter \u00e0 l&#8217;ext\u00e9rieur de la prison.<\/p>\n\n\n\n<p>Le m\u00e9decin p\u00e9nitentiaire a prescrit lui a prescrit une alimentation sp\u00e9ciale pour les malades du foie, mais depuis 11 mois, les demandes de Mme Akbari pour une alimentation correcte et une visite chez un sp\u00e9cialiste sont rest\u00e9es sans r\u00e9ponse.<\/p>\n\n\n\n<p>Malgr\u00e9 l&#8217;aggravation de sa maladie, elle se nourrit de pain et de fromage, faute d&#8217;acc\u00e8s \u00e0 une alimentation appropri\u00e9e. Elle a \u00e9galement demand\u00e9 \u00e0 plusieurs reprises de pouvoir acheter le mat\u00e9riel dont elle a besoin au magasin de la prison avec son propre argent, mais jusqu&#8217;\u00e0 pr\u00e9sent, elle n&#8217;a pas re\u00e7u de r\u00e9ponse.<\/p>\n\n\n\n<p>L&#8217;\u00e9tat physique de Mme Akbari est devenu extr\u00eamement grave en raison du manque de nourriture ad\u00e9quate et du manque d&#8217;acc\u00e8s aux traitements, et elle souffre de divers effets secondaires.<\/p>\n\n\n\n<p>Maryam a \u00e9t\u00e9 brusquement d\u00e9plac\u00e9e du quartier des femmes d&#8217;Evine \u00e0 T\u00e9h\u00e9ran \u00e0 <a href=\"https:\/\/wncri.org\/fr\/category\/bibliotheque-de-reference\/\" target=\"_blank\" rel=\"noreferrer noopener\">la prison de Semnan<\/a> le 9 mars 2021, \u00e0 230 km de la capitake. Aucune autorit\u00e9 l\u00e9gale n&#8217;a accept\u00e9 la responsabilit\u00e9 du bannissement de <a href=\"https:\/\/www.amnesty.org\/fr\/documents\/mde13\/4657\/2021\/fr\/\" target=\"_blank\" rel=\"noreferrer noopener\">Maryam Akbari Monfared<\/a> vers cette prison.<\/p>\n\n\n\n<p>La commission des Femmes du Conseil national de la R\u00e9sistance iranienne met en garde contre l&#8217;\u00e9tat physique de la prisonni\u00e8re politique Maryam Akbari Monfared et consid\u00e8re que les autorit\u00e9s de la prison de Semnan sont responsables de sa sant\u00e9.<\/p>\n\n\n\n<p>La commission des Femmes du CNRI condamne \u00e9galement les verdicts du r\u00e9gime cl\u00e9rical. Elle appelle la Haute-Commissaire des Nations Unies aux droits de l&#8217;homme et tous les d\u00e9fenseurs des droits des femmes \u00e0 ne pas garder le silence face aux mesures criminelles du pouvoir judiciaire iranien et \u00e0 prendre des mesures imm\u00e9diates pour sauver la vie des prisonniers politiques, en particulier des femmes, et obtenir leur lib\u00e9ration.<\/p>\n\n\n\n<p>N\u00e9e en 1975, <a href=\"https:\/\/wncri.org\/fr\/2017\/03\/24\/iran-une-prisonniere-politique-ecrit-sa-foi-dans-le-printemps-de-la-liberte\/\" target=\"_blank\" rel=\"noreferrer noopener\">Maryam Akbari Monfared<\/a> a trois filles. Elle a \u00e9t\u00e9 arr\u00eat\u00e9e le 30 d\u00e9cembre 2009, au milieu de la nuit, chez elle, alors qu&#8217;elle endormait sa fille de 4 ans, Sara.<\/p>\n\n\n\n<p>En juin 2010, le tribunal r\u00e9volutionnaire de T\u00e9h\u00e9ran l\u2019a condamn\u00e9epour \u00ab&nbsp;guerre contre Dieu&nbsp;\u00bb \u00e0 15 ans de prison et pour \u00ab&nbsp;appartenance \u00e0 l&#8217;Organisation des Moudjahidine du peuple d&#8217;Iran&nbsp;\u00bb, une accusation que Mme Akbari n&#8217;a jamais accept\u00e9e. Elle est en prison sans un seul jour de sortie depuis. Elle souffre d&#8217;un dysfonctionnement de la thyro\u00efde et de rhumatismes articulaires.<\/p>\n\n\n\n<p>Prisonni\u00e8re politique r\u00e9sistante et r\u00e9siliente, elle refuse tout compromis. \u00ab\u00a0Nous pouvons sentir le parfum du printemps \u00e0 Evine, et je suis s\u00fbre que ce <a href=\"https:\/\/wncri.org\/fr\/2017\/03\/24\/iran-une-prisonniere-politique-ecrit-sa-foi-dans-le-printemps-de-la-liberte\/\" target=\"_blank\" rel=\"noreferrer noopener\">beau printemps<\/a> va un jour grandir et embrasser toute notre patrie. Le printemps de la libert\u00e9 est en route&#8230; Le printemps viendra. Il traversera les fils barbel\u00e9s et atterrira dans notre patrie\u00a0\u00bb, avait-elle \u00e9crit depuis Evine.<\/p>\n\n\n\n<p>L&#8217;ancienne prisonni\u00e8re politique Atena Farghadani l\u2019a d\u00e9crite comme \u00ab&nbsp;une femme dont la r\u00e9sistance \u00e9tait un arc-en-ciel d&#8217;espoir pour toutes les prisonni\u00e8res&nbsp;\u00bb.<\/p>\n\n\n\n<p>Roqieh et Abdulreza Akbari Monfared, la s\u0153ur et le fr\u00e8re de Maryam ont \u00e9t\u00e9 ex\u00e9cut\u00e9s lors du massacre des prisonniers politiques \u00e0 l&#8217;\u00e9t\u00e9 1988. Deux autres de ses fr\u00e8res ont \u00e9t\u00e9 ex\u00e9cut\u00e9s lors des ex\u00e9cutions de masse du d\u00e9but des ann\u00e9es 1980.<\/p>\n","protected":false},"excerpt":{"rendered":"<p>Maryam Akbari Monfared dans un \u00e9tat physique grave \u00e0 la prison de Semnan CNRI Femmes &#8211; L&#8217;\u00e9tat physique de la prisonni\u00e8re politique Maryam Akbari Monfared \u00e0 la prison de Semnan, en Iran, est jug\u00e9 grave. Maryam Akbari Monfared, qui a \u00e9t\u00e9 bannie \u00e0 la prison de Semnan, purge sa 13\u00e8me ann\u00e9e de d\u00e9tention sans avoir [&hellip;]<\/p>\n","protected":false},"author":4,"featured_media":15471,"comment_status":"closed","ping_status":"closed","sticky":false,"template":"","format":"standard","meta":{"jnews-multi-image_gallery":[],"jnews_single_post":{"subtitle":"","format":"standard","video":"","gallery":"","source_name":"","source_url":"","via_name":"","via_url":"","override_template":"0","override":[{"template":"1","single_blog_custom":"","parallax":"1","fullscreen":"1","layout":"right-sidebar","sidebar":"default-sidebar","second_sidebar":"default-sidebar","sticky_sidebar":"1","share_position":"top","share_float_style":"share-monocrhome","show_share_counter":"1","show_view_counter":"1","show_featured":"1","show_post_meta":"1","show_post_author":"1","show_post_author_image":"1","show_post_date":"1","post_date_format":"default","post_date_format_custom":"Y\/m\/d","show_post_category":"1","show_post_reading_time":"0","post_reading_time_wpm":"300","show_zoom_button":"0","zoom_button_out_step":"2","zoom_button_in_step":"3","show_post_tag":"1","show_prev_next_post":"1","show_popup_post":"1","number_popup_post":"1","show_author_box":"0","show_post_related":"0","show_inline_post_related":"0"}],"override_image_size":"0","image_override":[{"single_post_thumbnail_size":"crop-500","single_post_gallery_size":"crop-500"}],"trending_post":"0","trending_post_position":"meta","trending_post_label":"Trending","sponsored_post":"0","sponsored_post_label":"Sponsored by","sponsored_post_name":"","sponsored_post_url":"","sponsored_post_logo_enable":"0","sponsored_post_logo":"","sponsored_post_desc":"","disable_ad":"0"},"jnews_primary_category":{"id":""},"jnews_social_meta":{"fb_title":"","fb_description":"","fb_image":"","twitter_title":"","twitter_description":"","twitter_image":""},"jnews_override_counter":{"override_view_counter":"0","view_counter_number":"0","override_share_counter":"0","share_counter_number":"0","override_like_counter":"0","like_counter_number":"0","override_dislike_counter":"0","dislike_counter_number":"0"},"footnotes":""},"categories":[3],"tags":[370,376],"class_list":["post-15470","post","type-post","status-publish","format-standard","has-post-thumbnail","hentry","category-infos-des-femmes","tag-prisonnieres","tag-violence-contre-les-femmes"],"_links":{"self":[{"href":"https:\/\/wncri.org\/fr\/wp-json\/wp\/v2\/posts\/15470","targetHints":{"allow":["GET"]}}],"collection":[{"href":"https:\/\/wncri.org\/fr\/wp-json\/wp\/v2\/posts"}],"about":[{"href":"https:\/\/wncri.org\/fr\/wp-json\/wp\/v2\/types\/post"}],"author":[{"embeddable":true,"href":"https:\/\/wncri.org\/fr\/wp-json\/wp\/v2\/users\/4"}],"replies":[{"embeddable":true,"href":"https:\/\/wncri.org\/fr\/wp-json\/wp\/v2\/comments?post=15470"}],"version-history":[{"count":1,"href":"https:\/\/wncri.org\/fr\/wp-json\/wp\/v2\/posts\/15470\/revisions"}],"predecessor-version":[{"id":15472,"href":"https:\/\/wncri.org\/fr\/wp-json\/wp\/v2\/posts\/15470\/revisions\/15472"}],"wp:featuredmedia":[{"embeddable":true,"href":"https:\/\/wncri.org\/fr\/wp-json\/wp\/v2\/media\/15471"}],"wp:attachment":[{"href":"https:\/\/wncri.org\/fr\/wp-json\/wp\/v2\/media?parent=15470"}],"wp:term":[{"taxonomy":"category","embeddable":true,"href":"https:\/\/wncri.org\/fr\/wp-json\/wp\/v2\/categories?post=15470"},{"taxonomy":"post_tag","embeddable":true,"href":"https:\/\/wncri.org\/fr\/wp-json\/wp\/v2\/tags?post=15470"}],"curies":[{"name":"wp","href":"https:\/\/api.w.org\/{rel}","templated":true}]}}