{"id":15381,"date":"2022-03-07T22:20:00","date_gmt":"2022-03-07T21:20:00","guid":{"rendered":"https:\/\/wncri.org\/fr\/?p=15381"},"modified":"2022-03-09T22:56:15","modified_gmt":"2022-03-09T21:56:15","slug":"solidarite-internationale","status":"publish","type":"post","link":"https:\/\/wncri.org\/fr\/2022\/03\/07\/solidarite-internationale\/","title":{"rendered":"Journ\u00e9e internationale des femmes 2022 &#8211; Solidarit\u00e9 internationale avec les femmes d&#8217;Ukraine et d&#8217;Iran"},"content":{"rendered":"\n<h3 class=\"wp-block-heading\">Journ\u00e9e internationale des femmes 2022 &#8211; Solidarit\u00e9 internationale avec les femmes d&#8217;Ukraine et d&#8217;Iran<\/h3>\n\n\n\n<p class=\"wp-block-paragraph\">Rapport sur la conf\u00e9rence de la Journ\u00e9e internationale de la femme \u00e0 Berlin &#8211; Partie 1<\/p>\n\n\n\n<p class=\"wp-block-paragraph\"><a href=\"https:\/\/www.unwomen.org\/en\/news-stories\/in-focus\/2022\/03\/in-focus-international-womens-day\" target=\"_blank\" rel=\"noreferrer noopener\">La Journ\u00e9e internationale de la femme<\/a> est une journ\u00e9e de solidarit\u00e9 internationale pour toutes les femmes du monde qui c\u00e9l\u00e8brent les acquis du mouvement pour l&#8217;\u00e9galit\u00e9 et attirent l&#8217;attention sur les probl\u00e8mes des femmes.<\/p>\n\n\n\n<p class=\"wp-block-paragraph\"><a href=\"https:\/\/wncri.org\/fr\/\" target=\"_blank\" rel=\"noreferrer noopener\">La Commission des femmes du CNRI<\/a> a parrain\u00e9 une conf\u00e9rence internationale \u00e0 Berlin le 5 mars 2022, pour marquer la Journ\u00e9e internationale. L&#8217;\u00e9v\u00e9nement \u00e9tait intitul\u00e9 \u00ab&nbsp;Les femmes, force de changement en Iran, de paix et de stabilit\u00e9 dans le monde&nbsp;\u00bb.<\/p>\n\n\n\n<p class=\"wp-block-paragraph\">La conf\u00e9rence de Berlin \u00e9tait connect\u00e9e en ligne avec un rassemblement \u00e0 Achraf-3 en Albanie et dans des centaines d&#8217;autres points dans le monde.<\/p>\n\n\n\n<p class=\"wp-block-paragraph\">Plus de 170 personnalit\u00e9s politiques de 37 pays y assistaient, dont certaines ont pris la parole ou envoy\u00e9 des messages de soutien \u00e0 la lutte des Iraniennes pour la libert\u00e9 et l&#8217;\u00e9galit\u00e9.<\/p>\n\n\n\n<p class=\"wp-block-paragraph\">Des dizaines de femmes, membres des unit\u00e9s de r\u00e9sistance en Iran, ont \u00e9galement envoy\u00e9 des messages vid\u00e9o au rassemblement de Berlin.<\/p>\n\n\n\n<p class=\"wp-block-paragraph\">La conf\u00e9rence a aussi \u00e9t\u00e9 l&#8217;occasion d&#8217;exprimer la solidarit\u00e9 internationale avec les femmes d&#8217;Ukraine qui luttent courageusement pour prot\u00e9ger leur patrie agress\u00e9e.<\/p>\n\n\n\n<p class=\"wp-block-paragraph\"><a href=\"https:\/\/wncri.org\/fr\/2022\/03\/06\/la-journee-des-femmes-resistantes-dukraine\/\" target=\"_blank\" rel=\"noreferrer noopener\">La pr\u00e9sidente \u00e9lue du CNRI<\/a>, <strong>Maryam Radjavi<\/strong>, a appel\u00e9 cette Journ\u00e9e embl\u00e9matique cette ann\u00e9e \u00ab&nbsp;la Journ\u00e9e de la r\u00e9sistance des femmes d&#8217;Ukraine&nbsp;\u00bb.<\/p>\n\n\n\n<p class=\"wp-block-paragraph\">Deux d\u00e9put\u00e9es ukrainiennes ont re\u00e7u un accueil chaleureux du public quand elles ont rejoint la conf\u00e9rence depuis leur pays.<\/p>\n\n\n\n<div class=\"wp-block-image\"><figure class=\"aligncenter size-full is-resized\"><img decoding=\"async\" data-src=\"https:\/\/wncri.org\/fr\/wp-content\/uploads\/2022\/03\/Sarvnaz-Chitsaz-min.jpg\" src=\"data:image\/gif;base64,R0lGODlhAQABAIAAAAAAAP\/\/\/yH5BAEAAAAALAAAAAABAAEAAAIBRAA7\" alt=\"Sarvnaz Chitsaz\" class=\"wp-image-15390 lazyload\" width=\"846\" height=\"423\"\/><noscript><img decoding=\"async\" src=\"https:\/\/wncri.org\/fr\/wp-content\/uploads\/2022\/03\/Sarvnaz-Chitsaz-min.jpg\" alt=\"Sarvnaz Chitsaz\" class=\"wp-image-15390\" width=\"846\" height=\"423\" srcset=\"https:\/\/wncri.org\/fr\/wp-content\/uploads\/2022\/03\/Sarvnaz-Chitsaz-min.jpg 750w, https:\/\/wncri.org\/fr\/wp-content\/uploads\/2022\/03\/Sarvnaz-Chitsaz-min-300x150.jpg 300w, https:\/\/wncri.org\/fr\/wp-content\/uploads\/2022\/03\/Sarvnaz-Chitsaz-min-360x180.jpg 360w\" sizes=\"(max-width: 846px) 100vw, 846px\" \/><\/noscript><\/figure><\/div>\n\n\n\n<p class=\"wp-block-paragraph\">Dans son bref discours d&#8217;ouverture, <strong>Sarvnaz Chitsaz<\/strong>, pr\u00e9sidente de la commission des Femmes du Conseil national de la R\u00e9sistance iranienne, a d\u00e9clar\u00e9 : \u00ab&nbsp;En ces jours, nos \u00e9motions et nos c\u0153urs sont sp\u00e9cifiquement avec le peuple ukrainien et en particulier les femmes courageuses d&#8217;Ukraine qui ont pris les armes et d\u00e9fendent leur patrie.&nbsp;\u00bb<\/p>\n\n\n\n<p class=\"wp-block-paragraph\">Elle a not\u00e9 le r\u00f4le actif des Iraniennes dans toutes les protestations et soul\u00e8vements en Iran, malgr\u00e9 la r\u00e9pression sauvage des femmes en Iran. \u00ab&nbsp;Chaque jour, de plus en plus de femmes rejoignent les unit\u00e9s de r\u00e9sistance, a-t-elle expliqu\u00e9. Les perspectives de changement de r\u00e9gime sont plus proches que jamais. L&#8217;Iran de demain sera assur\u00e9ment un Iran libre, fond\u00e9 sur l&#8217;id\u00e9al d&#8217;\u00e9galit\u00e9. Tel est le v\u00e9ritable esprit du 8 mars.&nbsp;\u00bb<\/p>\n\n\n\n<p class=\"wp-block-paragraph\">De nombreuses d\u00e9fenseures des droits des femmes, anciennes autorit\u00e9s et personnalit\u00e9s ont pris la parole lors de cette journ\u00e9e de solidarit\u00e9 internationale avec les femmes d&#8217;Iran.<\/p>\n\n\n\n<div class=\"wp-block-image\"><figure class=\"aligncenter size-full is-resized\"><img decoding=\"async\" data-src=\"https:\/\/wncri.org\/fr\/wp-content\/uploads\/2022\/03\/Helle-Thorning-Schmidt-min.jpg\" src=\"data:image\/gif;base64,R0lGODlhAQABAIAAAAAAAP\/\/\/yH5BAEAAAAALAAAAAABAAEAAAIBRAA7\" alt=\"Helle Thorning Schmidt\" class=\"wp-image-15384 lazyload\" width=\"865\" height=\"433\"\/><noscript><img decoding=\"async\" src=\"https:\/\/wncri.org\/fr\/wp-content\/uploads\/2022\/03\/Helle-Thorning-Schmidt-min.jpg\" alt=\"Helle Thorning Schmidt\" class=\"wp-image-15384\" width=\"865\" height=\"433\" srcset=\"https:\/\/wncri.org\/fr\/wp-content\/uploads\/2022\/03\/Helle-Thorning-Schmidt-min.jpg 750w, https:\/\/wncri.org\/fr\/wp-content\/uploads\/2022\/03\/Helle-Thorning-Schmidt-min-300x150.jpg 300w, https:\/\/wncri.org\/fr\/wp-content\/uploads\/2022\/03\/Helle-Thorning-Schmidt-min-360x180.jpg 360w\" sizes=\"(max-width: 865px) 100vw, 865px\" \/><\/noscript><\/figure><\/div>\n\n\n\n<p class=\"wp-block-paragraph\"><strong>Helle Thorning Schmidt<\/strong>, Premi\u00e8re ministre du Danemark (2011-2015), \u00e9tait l&#8217;une des femmes \u00e9minentes qui ont pris la parole \u00e0 la conf\u00e9rence \u00ab&nbsp;Les femmes, force de changement en Iran, de paix et de stabilit\u00e9 dans le monde&nbsp;\u00bb.<\/p>\n\n\n\n<p class=\"wp-block-paragraph\">Exprimant son soutien au CNRI et \u00e0 sa pr\u00e9sidente \u00e9lue, Maryam Radjavi, Helle Thorning Schmidt a d\u00e9clar\u00e9 : \u00ab&nbsp;Vous \u00eates notre source d\u2019inspiration. Votre combat ne changera pas seulement l&#8217;Iran mais inspirera les femmes du monde entier. Votre pays va entamer un nouvel avenir. Vous inspirerez les femmes du monde entier. Le pouvoir des femmes est \u00e9norme. Les dirigeants misogynes craignent l&#8217;\u00e9mancipation f\u00e9minine.<\/p>\n\n\n\n<p class=\"wp-block-paragraph\">\u00ab&nbsp;Les femmes et les filles en Iran sont les premi\u00e8res victimes de la machine misogyne. Les femmes iraniennes ne se sont pas soumises au r\u00e9gime. Elles sont devenues une force de changement et savent que leurs droits ne seront obtenus qu&#8217;avec un changement politique. En Iran, les femmes participent \u00e0 la r\u00e9sistance pour la libert\u00e9. Cette participation est unique, non seulement en Iran mais dans le monde entier.&nbsp;\u00bb<\/p>\n\n\n\n<p class=\"wp-block-paragraph\">Elle a soulign\u00e9 : \u00ab&nbsp;Il est remarquable que le CNRI soit dirig\u00e9 par une femme musulmane, <a href=\"https:\/\/www.maryam-rajavi.com\/fr\/biography\/\" target=\"_blank\" rel=\"noreferrer noopener\">Maryam Radjavi<\/a>. Son plan en dix points est un mod\u00e8le pour que le monde entier voie qu&#8217;il existe un avenir d\u00e9mocratique pour l&#8217;Iran. Tous les d\u00e9mocrates du monde devraient soutenir ce plan. La communaut\u00e9 internationale doit soutenir le d\u00e9sir du peuple iranien d&#8217;avoir une r\u00e9publique d\u00e9mocratique et la\u00efque. Nous sommes \u00e0 vos c\u00f4t\u00e9s. Le monde doit se tenir aux c\u00f4t\u00e9s du peuple iranien. Je suis ici pour vous dire que vous nous inspirez.&nbsp;\u00bb<\/p>\n\n\n\n<div class=\"wp-block-image\"><figure class=\"aligncenter size-full is-resized\"><img decoding=\"async\" data-src=\"https:\/\/wncri.org\/fr\/wp-content\/uploads\/2022\/03\/Urska-Bacovnik-Jansa-min.jpg\" src=\"data:image\/gif;base64,R0lGODlhAQABAIAAAAAAAP\/\/\/yH5BAEAAAAALAAAAAABAAEAAAIBRAA7\" alt=\"Ur\u0161ka Ba\u010dovnik Jan\u0161a\" class=\"wp-image-15391 lazyload\" width=\"854\" height=\"427\"\/><noscript><img decoding=\"async\" src=\"https:\/\/wncri.org\/fr\/wp-content\/uploads\/2022\/03\/Urska-Bacovnik-Jansa-min.jpg\" alt=\"Ur\u0161ka Ba\u010dovnik Jan\u0161a\" class=\"wp-image-15391\" width=\"854\" height=\"427\" srcset=\"https:\/\/wncri.org\/fr\/wp-content\/uploads\/2022\/03\/Urska-Bacovnik-Jansa-min.jpg 750w, https:\/\/wncri.org\/fr\/wp-content\/uploads\/2022\/03\/Urska-Bacovnik-Jansa-min-300x150.jpg 300w, https:\/\/wncri.org\/fr\/wp-content\/uploads\/2022\/03\/Urska-Bacovnik-Jansa-min-360x180.jpg 360w\" sizes=\"(max-width: 854px) 100vw, 854px\" \/><\/noscript><\/figure><\/div>\n\n\n\n<p class=\"wp-block-paragraph\"><strong>Ur\u0161ka Ba\u010dovnik Jan\u0161a<\/strong>, \u00e9pouse du Premier ministre slov\u00e8ne, \u00e9tait l&#8217;oratrice suivante. Fervente partisane de la R\u00e9sistance iranienne, Mme Jan\u0161a a d\u00e9clar\u00e9 : \u00ab&nbsp;En tant que femme musulmane, Maryam (Radjavi), a d\u00fb surmonter des d\u00e9fis politiques, sociaux, culturels et id\u00e9ologiques extraordinaires mis en place par le r\u00e9gime au pouvoir en Iran. Je salue le courage de Maryam et son engagement en faveur de l&#8217;\u00e9mancipation des femmes iraniennes. Sous la direction de Maryam, des femmes se sont \u00e9lev\u00e9es pour occuper des postes cl\u00e9s dans le mouvement de la R\u00e9sistance iranienne&nbsp;\u00bb<\/p>\n\n\n\n<p class=\"wp-block-paragraph\">Elle a ajout\u00e9 : \u00ab&nbsp;J&#8217;admire le travail de la Commission des femmes du CNRI que je suis de pr\u00e8s depuis un certain temps. Les Iraniennes sont en premi\u00e8re ligne des protestations contre le r\u00e9gime islamique iranien. Elles ont fait preuve d&#8217;un courage, d&#8217;une intelligence et d&#8217;une force consid\u00e9rables. Nous, les femmes du monde entier, pouvons \u00eatre fi\u00e8res d&#8217;elles.&nbsp;\u00bb<\/p>\n\n\n\n<p class=\"wp-block-paragraph\">Mme Jan\u0161a a soulign\u00e9 : \u00ab&nbsp;Je voudrais profiter de l&#8217;\u00e9v\u00e9nement d&#8217;aujourd&#8217;hui pour transmettre un message tr\u00e8s fort \u00e0 mes cons\u0153urs occidentales et aux gouvernements occidentaux. Nous devons faire front ensemble contre les politiques du r\u00e9gime iranien qui \u00e9trangle les libert\u00e9s des femmes. Les paroles des organisations de femmes occidentales et des gouvernements occidentaux doivent \u00eatre mises en pratique. Nous devons \u00eatre l\u00e0 pour les femmes iraniennes.&nbsp;\u00bb<\/p>\n\n\n\n<div class=\"wp-block-image\"><figure class=\"aligncenter size-full is-resized\"><img decoding=\"async\" data-src=\"https:\/\/wncri.org\/fr\/wp-content\/uploads\/2022\/03\/Rita-Sussmuth-min.jpg\" src=\"data:image\/gif;base64,R0lGODlhAQABAIAAAAAAAP\/\/\/yH5BAEAAAAALAAAAAABAAEAAAIBRAA7\" alt=\"Rita S\u00fcssmuth\" class=\"wp-image-15389 lazyload\" width=\"861\" height=\"431\"\/><noscript><img decoding=\"async\" src=\"https:\/\/wncri.org\/fr\/wp-content\/uploads\/2022\/03\/Rita-Sussmuth-min.jpg\" alt=\"Rita S\u00fcssmuth\" class=\"wp-image-15389\" width=\"861\" height=\"431\" srcset=\"https:\/\/wncri.org\/fr\/wp-content\/uploads\/2022\/03\/Rita-Sussmuth-min.jpg 750w, https:\/\/wncri.org\/fr\/wp-content\/uploads\/2022\/03\/Rita-Sussmuth-min-300x150.jpg 300w, https:\/\/wncri.org\/fr\/wp-content\/uploads\/2022\/03\/Rita-Sussmuth-min-360x180.jpg 360w\" sizes=\"(max-width: 861px) 100vw, 861px\" \/><\/noscript><\/figure><\/div>\n\n\n\n<p class=\"wp-block-paragraph\"><strong>Rita S\u00fcssmuth<\/strong>, pr\u00e9sidente du Bundestag allemand (1988-1998), a suivi. \u00ab&nbsp;Je pleure presque quand je pense \u00e0 ce que vivent ces femmes iraniennes, a-t-elle d\u00e9plor\u00e9. Cela ne peut pas continuer. Nous devons parler \u00e0 l&#8217;int\u00e9rieur et \u00e0 l&#8217;ext\u00e9rieur du Parlement. Nous faisons tous partie d&#8217;un tout, et nous sommes unis aux hommes. L&#8217;Iran est un pays hautement civilis\u00e9. Vous pouvez le voir dans les femmes qui viennent d&#8217;Iran, les femmes d&#8217;Achraf. Elles ont surv\u00e9cu au r\u00e9gime. Elles n&#8217;\u00e9taient pas faibles. La souffrance peut conduire \u00e0 une \u00e9nergie nouvelle.&nbsp;\u00bb<\/p>\n\n\n\n<p class=\"wp-block-paragraph\">Mme S\u00fcssmuth a ajout\u00e9 : \u00ab&nbsp;Maryam Radjavi est une femme que j&#8217;admire. Elle veut atteindre la libert\u00e9 et la d\u00e9mocratie sur la base des valeurs de l&#8217;islam. Il est important de rendre chaque femme forte, de faire en sorte qu&#8217;elle ait confiance en elle.&nbsp;\u00bb<\/p>\n\n\n\n<div class=\"wp-block-image\"><figure class=\"aligncenter size-full is-resized\"><img decoding=\"async\" data-src=\"https:\/\/wncri.org\/fr\/wp-content\/uploads\/2022\/03\/Annegret-Kramp-Karrenbauer-min.jpg\" src=\"data:image\/gif;base64,R0lGODlhAQABAIAAAAAAAP\/\/\/yH5BAEAAAAALAAAAAABAAEAAAIBRAA7\" alt=\"Annegret Kramp-Karrenbauer\" class=\"wp-image-15382 lazyload\" width=\"861\" height=\"431\"\/><noscript><img decoding=\"async\" src=\"https:\/\/wncri.org\/fr\/wp-content\/uploads\/2022\/03\/Annegret-Kramp-Karrenbauer-min.jpg\" alt=\"Annegret Kramp-Karrenbauer\" class=\"wp-image-15382\" width=\"861\" height=\"431\" srcset=\"https:\/\/wncri.org\/fr\/wp-content\/uploads\/2022\/03\/Annegret-Kramp-Karrenbauer-min.jpg 750w, https:\/\/wncri.org\/fr\/wp-content\/uploads\/2022\/03\/Annegret-Kramp-Karrenbauer-min-300x150.jpg 300w, https:\/\/wncri.org\/fr\/wp-content\/uploads\/2022\/03\/Annegret-Kramp-Karrenbauer-min-360x180.jpg 360w\" sizes=\"(max-width: 861px) 100vw, 861px\" \/><\/noscript><\/figure><\/div>\n\n\n\n<p class=\"wp-block-paragraph\"><strong>Annegret Kramp-Karrenbauer<\/strong>, ministre allemande de la D\u00e9fense (2019-2021), a \u00e9galement adress\u00e9 un message de soutien au rassemblement : \u00ab&nbsp;Nous parlons de femmes fortes d\u2019Iran. Si nous parlons des droits des femmes, nous parlons des droits de la moiti\u00e9 de la population sur la Terre. Si nous acceptons les fondamentalistes et leurs interpr\u00e9tations, alors nous n&#8217;avons pas de droits humains du tout. C&#8217;est pourquoi votre conf\u00e9rence est importante pour les femmes du monde entier. La communaut\u00e9 internationale a pr\u00e9cis\u00e9 que depuis le d\u00e9but du r\u00e9gime inst\u00e9griste en Iran, les droits des femmes ont \u00e9t\u00e9 syst\u00e9matiquement limit\u00e9s.&nbsp;<\/p>\n\n\n\n<p class=\"wp-block-paragraph\">\u00ab&nbsp;Il est important de rendre chaque femme forte, de faire en sorte qu&#8217;elle ait confiance en elle. En Iran, deux tiers des \u00e9tudiants sont des femmes, un tiers de la main-d&#8217;\u0153uvre est f\u00e9minine. Si nous ne pouvons pas manifester cela politiquement en Iran et changer le syst\u00e8me fondamentaliste, leurs succ\u00e8s seront marginalis\u00e9s.&nbsp;<\/p>\n\n\n\n<p class=\"wp-block-paragraph\">\u00ab&nbsp;D&#8217;un c\u00f4t\u00e9, nous voyons un r\u00e9gime int\u00e9griste, et de l&#8217;autre, nous voyons les femmes comme une force qui croit pouvoir changer le syst\u00e8me. Beaucoup de femmes se battent pour leur libert\u00e9, m\u00eame si elles doivent sacrifier leur vie pour un Iran meilleur. Maryam Radjavi en est un bon exemple. Elle a \u00e9labor\u00e9 un plan pour l&#8217;avenir d&#8217;un Iran lib\u00e9r\u00e9 de la discrimination, o\u00f9 les hommes et les femmes sont \u00e9gaux, un pays qui ne soit pas une plaque tournante du fondamentalisme et du terrorisme.<\/p>\n\n\n\n<p class=\"wp-block-paragraph\">\u00ab&nbsp;Nous devons aider les femmes \u00e0 obtenir la libert\u00e9 et l&#8217;\u00e9galit\u00e9 des droits. Nous devons nous battre avec les femmes du monde entier. Nous avons besoin de solidarit\u00e9.&nbsp;\u00bb<\/p>\n\n\n\n<div class=\"wp-block-image\"><figure class=\"aligncenter size-full is-resized\"><img decoding=\"async\" data-src=\"https:\/\/wncri.org\/fr\/wp-content\/uploads\/2022\/03\/Ingrid-Betancourt-min.jpg\" src=\"data:image\/gif;base64,R0lGODlhAQABAIAAAAAAAP\/\/\/yH5BAEAAAAALAAAAAABAAEAAAIBRAA7\" alt=\"Ingrid Betancourt\" class=\"wp-image-15385 lazyload\" width=\"874\" height=\"437\"\/><noscript><img decoding=\"async\" src=\"https:\/\/wncri.org\/fr\/wp-content\/uploads\/2022\/03\/Ingrid-Betancourt-min.jpg\" alt=\"Ingrid Betancourt\" class=\"wp-image-15385\" width=\"874\" height=\"437\" srcset=\"https:\/\/wncri.org\/fr\/wp-content\/uploads\/2022\/03\/Ingrid-Betancourt-min.jpg 750w, https:\/\/wncri.org\/fr\/wp-content\/uploads\/2022\/03\/Ingrid-Betancourt-min-300x150.jpg 300w, https:\/\/wncri.org\/fr\/wp-content\/uploads\/2022\/03\/Ingrid-Betancourt-min-360x180.jpg 360w\" sizes=\"(max-width: 874px) 100vw, 874px\" \/><\/noscript><\/figure><\/div>\n\n\n\n<p class=\"wp-block-paragraph\"><strong>Ingrid Betancourt<\/strong>, s\u00e9natrice colombienne et candidate \u00e0 la prochaine \u00e9lection pr\u00e9sidentielle en Colombie, a d\u00e9clar\u00e9 : \u00ab&nbsp;La lutte des femmes dans le monde nous unit. Nous sommes toutes des combattantes de la libert\u00e9. Nous avons appris \u00e0 r\u00e9sister et \u00e0 ne jamais abandonner. Lorsque les femmes ne sont pas en s\u00e9curit\u00e9, personne ne l&#8217;est. Lorsque nous luttons pour nos droits, nous luttons pour un monde qui respecte les droits humains. Chaque seconde, partout sur la plan\u00e8te, des femmes se battent contre la tyrannie. Chaque jour, des femmes risquent leur vie pour d\u00e9fendre la libert\u00e9 et l&#8217;\u00e9galit\u00e9, pour d\u00e9fendre leurs droits et ceux de leurs enfants. Nos s\u0153urs en Iran ont v\u00e9cu sous la tyrannie. Les nouvelles g\u00e9n\u00e9rations n&#8217;ont aucune exp\u00e9rience de ce que signifie un environnement d\u00e9mocratique. Elles risquent tout, ces jeunes femmes ont pris le drapeau contre la dictature des mollahs. Elles ont appris \u00e0 leurs d\u00e9pens que la tol\u00e9rance de la tyrannie n&#8217;est pas acceptable.<\/p>\n\n\n\n<p class=\"wp-block-paragraph\">Elle a r\u00e9affirm\u00e9 que \u00ab&nbsp;les Iraniennes sont parvenues \u00e0 une conclusion tr\u00e8s importante : elles ne peuvent obtenir leurs droits qu&#8217;avec un changement de r\u00e9gime en Iran. Elles doivent donc jouer leur r\u00f4le dans la r\u00e9sistance contre le r\u00e9gime. Mais elles ont fait un pas de plus. Elles r\u00e9alisent que pour atteindre leur objectif, elles doivent prendre des responsabilit\u00e9s \u00e0 tous les niveaux, y compris au niveau politique.<\/p>\n\n\n\n<p class=\"wp-block-paragraph\">\u00ab&nbsp;Des dizaines de milliers de femmes de la R\u00e9sistance iranienne ont \u00e9t\u00e9 tortur\u00e9es et ex\u00e9cut\u00e9es. Les femmes ont pris des responsabilit\u00e9s dans l&#8217;organisation. Mais elles sont all\u00e9es plus loin et ont fait de la pr\u00e9sence des femmes aux postes de direction la nouvelle normalit\u00e9. Elles offrent un nouveau paradigme, un nouveau mod\u00e8le pour les femmes et les hommes. C&#8217;est l&#8217;une des r\u00e9alisations les plus impressionnantes de la R\u00e9sistance iranienne. Cela n&#8217;aurait pas \u00e9t\u00e9 possible sans le leadership de Maryam Radjavi.<\/p>\n\n\n\n<p class=\"wp-block-paragraph\">\u00ab&nbsp;Maryam Radjavi a transform\u00e9 la R\u00e9sistance iranienne en une arm\u00e9e de lib\u00e9ration qui est la plus redout\u00e9e par le r\u00e9gime des mollahs. Aujourd&#8217;hui, l&#8217;OMPI est reconnue et respect\u00e9e dans le monde. Elle est \u00e0 l&#8217;avant-garde de la lutte pour l&#8217;\u00e9galit\u00e9 des genres. Maryam Radjavi a apport\u00e9 la lumi\u00e8re dans la vie de millions de femmes iraniennes r\u00e9duites au silence et b\u00e2illonn\u00e9es. Nous parlons d&#8217;une g\u00e9n\u00e9ration de femmes qui m\u00e8nent aujourd&#8217;hui le combat pour la libert\u00e9.<\/p>\n\n\n\n<p class=\"wp-block-paragraph\">\u00ab&nbsp;Les femmes jouent un r\u00f4le de premier plan dans les manifestations contre le r\u00e9gime. Il est temps pour la communaut\u00e9 mondiale de s&#8217;unir et d&#8217;agir. Nous appelons le Conseil de s\u00e9curit\u00e9 des Nations unies, le gouvernement am\u00e9ricain et les gouvernements europ\u00e9ens \u00e0 modifier leur politique conciliante \u00e0 l&#8217;\u00e9gard du r\u00e9gime iranien. Dans le cas de l&#8217;Iran, le monde doit mettre fin \u00e0 l&#8217;approche honteuse consistant \u00e0 conclure un accord nucl\u00e9aire avec le r\u00e9gime. Il est temps de nous aligner sur le peuple. Soutenir la R\u00e9sistance iranienne et l&#8217;OMPI est un devoir pour le monde.&nbsp;\u00bb<\/p>\n\n\n\n<div class=\"wp-block-image\"><figure class=\"aligncenter size-full is-resized\"><img decoding=\"async\" data-src=\"https:\/\/wncri.org\/fr\/wp-content\/uploads\/2022\/03\/Mimi-Kodheli-min.jpg\" src=\"data:image\/gif;base64,R0lGODlhAQABAIAAAAAAAP\/\/\/yH5BAEAAAAALAAAAAABAAEAAAIBRAA7\" alt=\"Mimi Kodheli\" class=\"wp-image-15388 lazyload\" width=\"857\" height=\"429\"\/><noscript><img decoding=\"async\" src=\"https:\/\/wncri.org\/fr\/wp-content\/uploads\/2022\/03\/Mimi-Kodheli-min.jpg\" alt=\"Mimi Kodheli\" class=\"wp-image-15388\" width=\"857\" height=\"429\" srcset=\"https:\/\/wncri.org\/fr\/wp-content\/uploads\/2022\/03\/Mimi-Kodheli-min.jpg 750w, https:\/\/wncri.org\/fr\/wp-content\/uploads\/2022\/03\/Mimi-Kodheli-min-300x150.jpg 300w, https:\/\/wncri.org\/fr\/wp-content\/uploads\/2022\/03\/Mimi-Kodheli-min-360x180.jpg 360w\" sizes=\"(max-width: 857px) 100vw, 857px\" \/><\/noscript><\/figure><\/div>\n\n\n\n<p class=\"wp-block-paragraph\"><strong>Mimi Kodheli<\/strong>, ministre albanaise de la d\u00e9fense (2013-2017) a d\u00e9clar\u00e9 \u00e0 la conf\u00e9rence : \u00ab&nbsp;Le premier domaine de pr\u00e9jug\u00e9s \u00e0 l&#8217;encontre des femmes est le leadership politique. L&#8217;autonomisation du r\u00f4le des femmes est une priorit\u00e9 importante. La discrimination impos\u00e9e aux femmes iraniennes \u00e9quivaut \u00e0 un apartheid sexuel. L&#8217;Iran est dirig\u00e9 par un r\u00e9gime misogyne. Au cours des 40 derni\u00e8res ann\u00e9es, il a impos\u00e9 une pression extr\u00eame sur les femmes. Les femmes iraniennes sont totalement <a href=\"https:\/\/wncri.org\/fr\/2021\/04\/02\/lecart-entre-les-sexes\/\" target=\"_blank\" rel=\"noreferrer noopener\">absentes<\/a> des postes minist\u00e9riels. Cela est d\u00fb au r\u00e9gime en place qui entrave la participation des femmes dans les domaines cl\u00e9s. Ce n&#8217;est pas parce que les femmes ne sont pas comp\u00e9tentes. Nous voyons une image compl\u00e8tement diff\u00e9rente lorsque nous examinons le r\u00f4le des femmes dans la R\u00e9sistance iranienne.&nbsp;\u00bb<\/p>\n\n\n\n<p class=\"wp-block-paragraph\">Mme Kodheli a ajout\u00e9 : \u00ab&nbsp;Les femmes iraniennes sont \u00e0 l&#8217;avant-garde de toutes les protestations en Iran. Qu&#8217;est-ce que cela signifie pour les femmes qui souffrent de l&#8217;apartheid sexuel dans le monde? Condamner la r\u00e9pression des femmes en Iran n&#8217;est pas suffisant. Nous devons soutenir les femmes en Iran et dans le monde.<\/p>\n\n\n\n<p class=\"wp-block-paragraph\">\u00ab&nbsp;J&#8217;exprime ma solidarit\u00e9 avec nos s\u0153urs en Ukraine. Nous sommes aux c\u00f4t\u00e9s de ces femmes, courageuses et h\u00e9ro\u00efques qui se dressent pour prot\u00e9ger leurs enfants, leur pays et leurs droits. Vos amis albanais seront debout et seront avec vous dans tous vos efforts pour lutter pour les droits humains, l&#8217;\u00e9galit\u00e9, la libert\u00e9 et les droits des femmes.&nbsp;\u00bb<\/p>\n\n\n\n<div class=\"wp-block-image\"><figure class=\"aligncenter size-full is-resized\"><img decoding=\"async\" data-src=\"https:\/\/wncri.org\/fr\/wp-content\/uploads\/2022\/03\/Lisa-Yasko-min.jpg\" src=\"data:image\/gif;base64,R0lGODlhAQABAIAAAAAAAP\/\/\/yH5BAEAAAAALAAAAAABAAEAAAIBRAA7\" alt=\"Lisa Yasko\" class=\"wp-image-15387 lazyload\" width=\"872\" height=\"436\"\/><noscript><img decoding=\"async\" src=\"https:\/\/wncri.org\/fr\/wp-content\/uploads\/2022\/03\/Lisa-Yasko-min.jpg\" alt=\"Lisa Yasko\" class=\"wp-image-15387\" width=\"872\" height=\"436\" srcset=\"https:\/\/wncri.org\/fr\/wp-content\/uploads\/2022\/03\/Lisa-Yasko-min.jpg 750w, https:\/\/wncri.org\/fr\/wp-content\/uploads\/2022\/03\/Lisa-Yasko-min-300x150.jpg 300w, https:\/\/wncri.org\/fr\/wp-content\/uploads\/2022\/03\/Lisa-Yasko-min-360x180.jpg 360w\" sizes=\"(max-width: 872px) 100vw, 872px\" \/><\/noscript><\/figure><\/div>\n\n\n\n<p class=\"wp-block-paragraph\"><a href=\"https:\/\/twitter.com\/womenncri\/status\/1500149568557789186\" target=\"_blank\" rel=\"noreferrer noopener\"><strong>Lisa Yasko<\/strong><\/a>, d\u00e9put\u00e9e ukrainienne aui a rejoint en ligne la conf\u00e9rence o\u00f9 elle a re\u00e7u un accueil chaleureux du public. \u00ab&nbsp;En Ukraine, nous sommes en guerre, a-t-elle expliqu\u00e9. Nos fr\u00e8res, nos p\u00e8res et nos fils sont \u00e0 la guerre. Les femmes travaillent tr\u00e8s dur. Beaucoup d&#8217;entre nous ont pris les armes. D&#8217;autres font de l&#8217;aide humanitaire. D&#8217;autres sont impliqu\u00e9es dans la politique pour attirer l&#8217;attention du monde entier. Si nous perdons la foi, nous ne gagnerons jamais. Il est tr\u00e8s important de garder la foi. \u00c0 tous ceux qui nous \u00e9coutent&nbsp;: n&#8217;abandonnez pas votre pays&nbsp;! Nous nous battons pour vous tous. Si nous ne d\u00e9fendons pas notre libert\u00e9 d\u00e8s maintenant, l&#8217;histoire ne sera plus jamais la m\u00eame. Je suis tr\u00e8s fier de ma nation et je vous envoie mon amour \u00e0 tous. Nous avons besoin de paix en Ukraine. Nous avons besoin de la paix dans le monde.&nbsp;\u00bb<\/p>\n\n\n\n<div class=\"wp-block-image\"><figure class=\"aligncenter size-full is-resized\"><img decoding=\"async\" data-src=\"https:\/\/wncri.org\/fr\/wp-content\/uploads\/2022\/03\/EN-KiraMryamRajavi-min.jpg\" src=\"data:image\/gif;base64,R0lGODlhAQABAIAAAAAAAP\/\/\/yH5BAEAAAAALAAAAAABAAEAAAIBRAA7\" alt=\"Kira Rudik\" class=\"wp-image-15383 lazyload\" width=\"860\" height=\"430\"\/><noscript><img decoding=\"async\" src=\"https:\/\/wncri.org\/fr\/wp-content\/uploads\/2022\/03\/EN-KiraMryamRajavi-min.jpg\" alt=\"Kira Rudik\" class=\"wp-image-15383\" width=\"860\" height=\"430\" srcset=\"https:\/\/wncri.org\/fr\/wp-content\/uploads\/2022\/03\/EN-KiraMryamRajavi-min.jpg 750w, https:\/\/wncri.org\/fr\/wp-content\/uploads\/2022\/03\/EN-KiraMryamRajavi-min-300x150.jpg 300w, https:\/\/wncri.org\/fr\/wp-content\/uploads\/2022\/03\/EN-KiraMryamRajavi-min-360x180.jpg 360w\" sizes=\"(max-width: 860px) 100vw, 860px\" \/><\/noscript><\/figure><\/div>\n\n\n\n<p class=\"wp-block-paragraph\">Une autre d\u00e9put\u00e9e ukrainienne s&#8217;est adress\u00e9e \u00e0 la conf\u00e9rence de Berlin. <a href=\"https:\/\/twitter.com\/kiraincongress\/status\/1500255859921891331\" target=\"_blank\" rel=\"noreferrer noopener\"><strong>Kira Rudik<\/strong><\/a><strong>,<\/strong> qui s&#8217;exprimait depuis Kiev, a d\u00e9clar\u00e9 : \u00ab&nbsp;Il y a exactement dix jours, ma vie a compl\u00e8tement chang\u00e9. Pendant ces dix jours, les Ukrainiens ont fait preuve d&#8217;une \u00e9norme bravoure. Cela fait dix jours, et nous sommes toujours debout. Poutine n&#8217;a pas \u00e9t\u00e9 capable de prendre une seule grande ville d&#8217;Ukraine. C&#8217;est arriv\u00e9 gr\u00e2ce \u00e0 notre arm\u00e9e. C&#8217;est aussi arriv\u00e9 gr\u00e2ce \u00e0 la bravoure de la r\u00e9sistance. Nous n&#8217;abandonnerons pas sans combattre. Parce que la R\u00e9sistance est la seule voie vers la paix. La R\u00e9sistance est le seul moyen pour nous de prot\u00e9ger notre pays. Et je suis si fi\u00e8re qu&#8217;en Ukraine, les femmes soient capables de le faire. Je suis tellement fi\u00e8re des femmes qui m&#8217;ont rejoint dans les unit\u00e9s de r\u00e9sistance et qui portent les armes dans tout le pays.&nbsp;\u00bb<\/p>\n\n\n\n<p class=\"wp-block-paragraph\">Des dizaines d&#8217;autres \u00e9minentes d\u00e9fenseures des droits des femmes et dignitaires politiques ont \u00e9galement pris la parole lors de la conf\u00e9rence, montrant la solidarit\u00e9 internationale avec la cause des femmes iraniennes.<\/p>\n\n\n\n<p class=\"wp-block-paragraph\">Vous en saurez plus sur la conf\u00e9rence de la R\u00e9sistance iranienne pour la Journ\u00e9e internationale des droits de la femme 2022 dans les jours \u00e0 venir.<\/p>\n","protected":false},"excerpt":{"rendered":"<p>Journ\u00e9e internationale des femmes 2022 &#8211; Solidarit\u00e9 internationale avec les femmes d&#8217;Ukraine et d&#8217;Iran Rapport sur la conf\u00e9rence de la Journ\u00e9e internationale de la femme \u00e0 Berlin &#8211; Partie 1 La Journ\u00e9e internationale de la femme est une journ\u00e9e de solidarit\u00e9 internationale pour toutes les femmes du monde qui c\u00e9l\u00e8brent les acquis du mouvement pour [&hellip;]<\/p>\n","protected":false},"author":4,"featured_media":15386,"comment_status":"closed","ping_status":"closed","sticky":false,"template":"","format":"standard","meta":{"jnews-multi-image_gallery":[],"jnews_single_post":{"subtitle":"","format":"standard","video":"","gallery":"","source_name":"","source_url":"","via_name":"","via_url":"","override_template":"0","override":[{"template":"1","single_blog_custom":"","parallax":"1","fullscreen":"1","layout":"right-sidebar","sidebar":"default-sidebar","second_sidebar":"default-sidebar","sticky_sidebar":"1","share_position":"top","share_float_style":"share-monocrhome","show_share_counter":"1","show_view_counter":"1","show_featured":"1","show_post_meta":"1","show_post_author":"1","show_post_author_image":"1","show_post_date":"1","post_date_format":"default","post_date_format_custom":"Y\/m\/d","show_post_category":"1","show_post_reading_time":"0","post_reading_time_wpm":"300","show_zoom_button":"0","zoom_button_out_step":"2","zoom_button_in_step":"3","show_post_tag":"1","show_prev_next_post":"1","show_popup_post":"1","number_popup_post":"1","show_author_box":"0","show_post_related":"0","show_inline_post_related":"0"}],"override_image_size":"0","image_override":[{"single_post_thumbnail_size":"crop-500","single_post_gallery_size":"crop-500"}],"trending_post":"0","trending_post_position":"meta","trending_post_label":"Trending","sponsored_post":"0","sponsored_post_label":"Sponsored by","sponsored_post_name":"","sponsored_post_url":"","sponsored_post_logo_enable":"0","sponsored_post_logo":"","sponsored_post_desc":"","disable_ad":"0"},"jnews_primary_category":{"id":""},"jnews_social_meta":{"fb_title":"","fb_description":"","fb_image":"","twitter_title":"","twitter_description":"","twitter_image":""},"jnews_override_counter":{"override_view_counter":"0","view_counter_number":"0","override_share_counter":"0","share_counter_number":"0","override_like_counter":"0","like_counter_number":"0","override_dislike_counter":"0","dislike_counter_number":"0"},"footnotes":""},"categories":[26],"tags":[373],"class_list":["post-15381","post","type-post","status-publish","format-standard","has-post-thumbnail","hentry","category-conference-du-8-mars","tag-le-leadership-des-femmes"],"_links":{"self":[{"href":"https:\/\/wncri.org\/fr\/wp-json\/wp\/v2\/posts\/15381","targetHints":{"allow":["GET"]}}],"collection":[{"href":"https:\/\/wncri.org\/fr\/wp-json\/wp\/v2\/posts"}],"about":[{"href":"https:\/\/wncri.org\/fr\/wp-json\/wp\/v2\/types\/post"}],"author":[{"embeddable":true,"href":"https:\/\/wncri.org\/fr\/wp-json\/wp\/v2\/users\/4"}],"replies":[{"embeddable":true,"href":"https:\/\/wncri.org\/fr\/wp-json\/wp\/v2\/comments?post=15381"}],"version-history":[{"count":2,"href":"https:\/\/wncri.org\/fr\/wp-json\/wp\/v2\/posts\/15381\/revisions"}],"predecessor-version":[{"id":15404,"href":"https:\/\/wncri.org\/fr\/wp-json\/wp\/v2\/posts\/15381\/revisions\/15404"}],"wp:featuredmedia":[{"embeddable":true,"href":"https:\/\/wncri.org\/fr\/wp-json\/wp\/v2\/media\/15386"}],"wp:attachment":[{"href":"https:\/\/wncri.org\/fr\/wp-json\/wp\/v2\/media?parent=15381"}],"wp:term":[{"taxonomy":"category","embeddable":true,"href":"https:\/\/wncri.org\/fr\/wp-json\/wp\/v2\/categories?post=15381"},{"taxonomy":"post_tag","embeddable":true,"href":"https:\/\/wncri.org\/fr\/wp-json\/wp\/v2\/tags?post=15381"}],"curies":[{"name":"wp","href":"https:\/\/api.w.org\/{rel}","templated":true}]}}