{"id":15353,"date":"2022-02-28T16:27:00","date_gmt":"2022-02-28T15:27:00","guid":{"rendered":"https:\/\/wncri.org\/fr\/?p=15353"},"modified":"2022-02-28T16:33:38","modified_gmt":"2022-02-28T15:33:38","slug":"fariba-assadi-battue-dans","status":"publish","type":"post","link":"https:\/\/wncri.org\/fr\/2022\/02\/28\/fariba-assadi-battue-dans\/","title":{"rendered":"Fariba Assadi, battue dans la prison de Qarchak, entame une gr\u00e8ve de la faim"},"content":{"rendered":"\n<h3 class=\"wp-block-heading\">Fariba Assadi, battue dans la prison de Qarchak, entame une gr\u00e8ve de la faim<\/h3>\n\n\n\n<p>CNRI Femmes &#8211; La prisonni\u00e8re politique Fariba Assadi a entam\u00e9 une gr\u00e8ve de la faim pour protester contre le fait qu&#8217;elle a \u00e9t\u00e9 battue par une prisonni\u00e8re droit commun. Elle proteste aussi contre la violation du principe de s\u00e9paration des d\u00e9lits \u00e0 la <a href=\"https:\/\/wncri.org\/fr\/2020\/04\/20\/regard-sur-la-situation-tragique-a-la-prison-pour-femmes-de-qarchak-en-iran\/\" target=\"_blank\" rel=\"noreferrer noopener\">prison de Qarchak<\/a>.<\/p>\n\n\n\n<p>Mme Assadi a entam\u00e9 sa gr\u00e8ve le dimanche 27 f\u00e9vrier 2022.<\/p>\n\n\n\n<p>Les forces de s\u00e9curit\u00e9 ont arr\u00eat\u00e9 Fariba Assadi \u00e0 son domicile \u00e0 T\u00e9h\u00e9ran le 3 janvier 2022. Elles l&#8217;ont transf\u00e9r\u00e9e \u00e0 la prison de Qarchak pour y purger sa peine de prison.<\/p>\n\n\n\n<p>Le tribunal r\u00e9volutionnaire de Shahriar avait <a href=\"https:\/\/wncri.org\/fr\/2022\/02\/04\/la-vie-des-prisonnieres-politiques-en-danger\/\" target=\"_blank\" rel=\"noreferrer noopener\">condamn\u00e9<\/a> la prisonni\u00e8re politique Fariba Assadi \u00e0 un an de prison le 2 octobre 2021.<\/p>\n\n\n\n<p>Les services de renseignement avaient arr\u00eat\u00e9 Fariba Assadi en f\u00e9vrier 2021 avec trois autres personnes. Elles avaient \u00e9t\u00e9 accus\u00e9es de &#8220;propagande contre l&#8217;\u00c9tat&#8221; et d'&#8221;appartenance \u00e0 des groupes d&#8217;opposition&#8221;. Plus tard, Mme Assadi a obtenu sa lib\u00e9ration temporaire sous caution.<\/p>\n\n\n\n<p>En violant le principe de la s\u00e9paration des d\u00e9lits, les services de renseignement et les autorit\u00e9s p\u00e9nitentiaires en Iran exercent une pression croissante sur les prisonni\u00e8res politiques.<\/p>\n\n\n\n<p>Plus t\u00f4t, une <a>prisonni\u00e8re <\/a>de droit commun de la prison de Qarchak avait attaqu\u00e9 la prisonni\u00e8re politique <a href=\"https:\/\/wncri.org\/fr\/?s=Saba+Kord+Afshari\">Saba Kord Afshari<\/a> pour tenter de l&#8217;\u00e9trangler. Les autorit\u00e9s p\u00e9nitentiaires s\u2019\u00e9taient tenues \u00e0 l&#8217;\u00e9cart et n&#8217;avaient rien fait lorsque l&#8217;attaque a eu lieu.<\/p>\n\n\n\n<p>Les responsables de la s\u00e9curit\u00e9 et de la prison augmentent la pression sur les prisonni\u00e8res politiques en violant le principe de la s\u00e9paration des d\u00e9lits.<\/p>\n\n\n\n<h3 class=\"wp-block-heading\"><strong>La vie des prisonni\u00e8res politiques est en danger<\/strong><\/h3>\n\n\n\n<p>La commission des Femmes du Conseil national de la R\u00e9sistance iranienne condamne les peines oppressives et injustes prononc\u00e9es par le r\u00e9gime cl\u00e9rical. La commission demande instamment \u00e0 la <a href=\"https:\/\/www.ohchr.org\/en\/aboutus\/pages\/highcommissioner.aspx\" target=\"_blank\" rel=\"noreferrer noopener\">Haute Commissaire des Nations Unies aux droits de l&#8217;Homme<\/a> et \u00e0 tous les d\u00e9fenseurs des droits des femmes de s&#8217;\u00e9lever contre la r\u00e9pression, les ex\u00e9cutions et les verdicts criminels prononc\u00e9s par le pouvoir judiciaire du r\u00e9gime iranien. La commission des Femmes du CNRI leur demande \u00e9galement de prendre des mesures urgentes pour sauver la vie des prisonniers politiques, en particulier des femmes, et obtenir leur lib\u00e9ration.\u00a0<\/p>\n","protected":false},"excerpt":{"rendered":"<p>Fariba Assadi, battue dans la prison de Qarchak, entame une gr\u00e8ve de la faim CNRI Femmes &#8211; La prisonni\u00e8re politique Fariba Assadi a entam\u00e9 une gr\u00e8ve de la faim pour protester contre le fait qu&#8217;elle a \u00e9t\u00e9 battue par une prisonni\u00e8re droit commun. Elle proteste aussi contre la violation du principe de s\u00e9paration des d\u00e9lits [&hellip;]<\/p>\n","protected":false},"author":4,"featured_media":15354,"comment_status":"closed","ping_status":"closed","sticky":false,"template":"","format":"standard","meta":{"jnews-multi-image_gallery":[],"jnews_single_post":{"subtitle":"","format":"standard","video":"","gallery":"","source_name":"","source_url":"","via_name":"","via_url":"","override_template":"0","override":[{"template":"1","single_blog_custom":"","parallax":"1","fullscreen":"1","layout":"right-sidebar","sidebar":"default-sidebar","second_sidebar":"default-sidebar","sticky_sidebar":"1","share_position":"top","share_float_style":"share-monocrhome","show_share_counter":"1","show_view_counter":"1","show_featured":"1","show_post_meta":"1","show_post_author":"1","show_post_author_image":"1","show_post_date":"1","post_date_format":"default","post_date_format_custom":"Y\/m\/d","show_post_category":"1","show_post_reading_time":"0","post_reading_time_wpm":"300","show_zoom_button":"0","zoom_button_out_step":"2","zoom_button_in_step":"3","show_post_tag":"1","show_prev_next_post":"1","show_popup_post":"1","number_popup_post":"1","show_author_box":"0","show_post_related":"0","show_inline_post_related":"0"}],"override_image_size":"0","image_override":[{"single_post_thumbnail_size":"crop-500","single_post_gallery_size":"crop-500"}],"trending_post":"0","trending_post_position":"meta","trending_post_label":"Trending","sponsored_post":"0","sponsored_post_label":"Sponsored by","sponsored_post_name":"","sponsored_post_url":"","sponsored_post_logo_enable":"0","sponsored_post_logo":"","sponsored_post_desc":"","disable_ad":"0"},"jnews_primary_category":{"id":""},"jnews_social_meta":{"fb_title":"","fb_description":"","fb_image":"","twitter_title":"","twitter_description":"","twitter_image":""},"jnews_override_counter":{"override_view_counter":"0","view_counter_number":"0","override_share_counter":"0","share_counter_number":"0","override_like_counter":"0","like_counter_number":"0","override_dislike_counter":"0","dislike_counter_number":"0"},"footnotes":""},"categories":[3],"tags":[370,376],"class_list":["post-15353","post","type-post","status-publish","format-standard","has-post-thumbnail","hentry","category-infos-des-femmes","tag-prisonnieres","tag-violence-contre-les-femmes"],"_links":{"self":[{"href":"https:\/\/wncri.org\/fr\/wp-json\/wp\/v2\/posts\/15353","targetHints":{"allow":["GET"]}}],"collection":[{"href":"https:\/\/wncri.org\/fr\/wp-json\/wp\/v2\/posts"}],"about":[{"href":"https:\/\/wncri.org\/fr\/wp-json\/wp\/v2\/types\/post"}],"author":[{"embeddable":true,"href":"https:\/\/wncri.org\/fr\/wp-json\/wp\/v2\/users\/4"}],"replies":[{"embeddable":true,"href":"https:\/\/wncri.org\/fr\/wp-json\/wp\/v2\/comments?post=15353"}],"version-history":[{"count":2,"href":"https:\/\/wncri.org\/fr\/wp-json\/wp\/v2\/posts\/15353\/revisions"}],"predecessor-version":[{"id":15357,"href":"https:\/\/wncri.org\/fr\/wp-json\/wp\/v2\/posts\/15353\/revisions\/15357"}],"wp:featuredmedia":[{"embeddable":true,"href":"https:\/\/wncri.org\/fr\/wp-json\/wp\/v2\/media\/15354"}],"wp:attachment":[{"href":"https:\/\/wncri.org\/fr\/wp-json\/wp\/v2\/media?parent=15353"}],"wp:term":[{"taxonomy":"category","embeddable":true,"href":"https:\/\/wncri.org\/fr\/wp-json\/wp\/v2\/categories?post=15353"},{"taxonomy":"post_tag","embeddable":true,"href":"https:\/\/wncri.org\/fr\/wp-json\/wp\/v2\/tags?post=15353"}],"curies":[{"name":"wp","href":"https:\/\/api.w.org\/{rel}","templated":true}]}}