{"id":15334,"date":"2022-02-21T11:31:00","date_gmt":"2022-02-21T10:31:00","guid":{"rendered":"https:\/\/wncri.org\/fr\/?p=15334"},"modified":"2022-02-24T23:43:04","modified_gmt":"2022-02-24T22:43:04","slug":"le-feminicide-est-libre-hommes","status":"publish","type":"post","link":"https:\/\/wncri.org\/fr\/2022\/02\/21\/le-feminicide-est-libre-hommes\/","title":{"rendered":"Le f\u00e9minicide est libre pour les hommes sous le r\u00e9gime misogyne des mollahs"},"content":{"rendered":"\n<p>Le f\u00e9minicide est libre pour les hommes sous le r\u00e9gime misogyne des mollahs<\/p>\n\n\n\n<p>CNRI Femmes &#8211; Les m\u00e9dias sociaux ont fait circuler la nouvelle de deux meurtres de femmes en Iran en une seule journ\u00e9e.<\/p>\n\n\n\n<p>Le vendredi 19 f\u00e9vrier, le mari de Fatemeh Sameti l&#8217;a assassin\u00e9e \u00e0 coups de couteau et de hache. Le m\u00eame jour, Tahereh Shafii, 22 ans, a \u00e9t\u00e9 assassin\u00e9e par son beau-p\u00e8re.<\/p>\n\n\n\n<p>Fatemeh Sameti \u00e9tait originaire de Kermanchah. Les internautes sur les m\u00e9dias sociaux ont d\u00e9clar\u00e9 qu&#8217;elle avait des probl\u00e8mes de longue date avec son mari. La famille de ce dernier lui avait dit de tuer Fatemeh et de payer le prix du sang. Cependant le motif r\u00e9el du meurtre n&#8217;est pas clair.<\/p>\n\n\n\n<p>Tahereh Shafi\u2019i, 22 ans, a \u00e9galement \u00e9t\u00e9 assassin\u00e9e dans un village du canton de Halilan, dans la province d&#8217;Ilam (ouest de l&#8217;Iran). La raison de ce meurtre a \u00e9t\u00e9 annonc\u00e9e comme \u00e9tant des <a>conflits familiaux<\/a>, une fois de plus.<\/p>\n\n\n\n<h3 class=\"wp-block-heading\"><strong>Le PE condamne le f\u00e9minicide et les crimes d&#8217;honneur en Iran<\/strong><\/h3>\n\n\n\n<p>Le Parlement europ\u00e9en a adopt\u00e9 le 17 f\u00e9vrier une r\u00e9solution contre la peine de mort en Iran. Il a \u00e9galement not\u00e9 l&#8217;augmentation des crimes d&#8217;honneur et f\u00e9minicide dans ce pays. La r\u00e9solution souligne le fait que \u00ab&nbsp;selon les rapports, chaque ann\u00e9e, 400 \u00e0 500 femmes sont brutalement assassin\u00e9es en Iran dans des crimes dits d&#8217;honneur&nbsp;\u00bb. Elle pr\u00e9cise que \u00ab&nbsp;le code p\u00e9nal iranien autorise les &#8220;crimes d&#8217;honneur&#8221; dans certaines circonstances, sans sanction&nbsp;\u00bb.<\/p>\n\n\n\n<p>La r\u00e9solution souligne \u00e9galement que \u00ab&nbsp;les femmes et les hommes sont souvent priv\u00e9s de justice pour les crimes commis \u00e0 leur encontre au nom de l'&#8221;honneur&#8221;.&nbsp;\u00bb<\/p>\n\n\n\n<p>Le PE a mis en avant dans sa r\u00e9solution la d\u00e9capitation de <a href=\"https:\/\/wncri.org\/fr\/2022\/02\/11\/le-meurtre-atroce-de-mona-heydari-produit-de-la-misogynie-des-mollahs\/\" target=\"_blank\" rel=\"noreferrer noopener\">Mona Heydari<\/a> par son mari le 5 f\u00e9vrier 2022.<\/p>\n\n\n\n<p>Un membre de la commission sociale du r\u00e9gime cl\u00e9rical au Parlement a soulign\u00e9 : \u00ab\u00a0Nous n&#8217;avons aucune faille juridique concernant la <a href=\"https:\/\/wncri.org\/fr\/2020\/11\/23\/la-violence-faite-aux-femmes-en-iran-parrainee-et-institutionnalisee-par-letat\/\" target=\"_blank\" rel=\"noreferrer noopener\">violence contre les femmes<\/a> et les crimes d&#8217;honneur.\u00a0\u00bb<\/p>\n\n\n\n<p>Selon lui, le meurtre de Mona Heydari, victime de mariages pr\u00e9coces, \u00ab&nbsp;n&#8217;a rien \u00e0 voir avec le projet de loi visant \u00e0 soutenir les femmes contre les violences faites aux femmes&nbsp;\u00bb.<\/p>\n\n\n\n<div class=\"wp-block-image\"><figure class=\"aligncenter size-full\"><img decoding=\"async\" src=\"data:image\/gif;base64,R0lGODlhAQABAIAAAAAAAP\/\/\/yH5BAEAAAAALAAAAAABAAEAAAIBRAA7\" data-src=\"https:\/\/wncri.org\/fr\/wp-content\/uploads\/2022\/02\/Mona-Heydari-a-victim-of-honor-killings-and-forced-child-marriage.jpg\" alt=\"Qui \u00e9tait Mona Heydari ?\" class=\"wp-image-15240 lazyload\"\/><noscript><img decoding=\"async\" width=\"750\" height=\"375\" src=\"https:\/\/wncri.org\/fr\/wp-content\/uploads\/2022\/02\/Mona-Heydari-a-victim-of-honor-killings-and-forced-child-marriage.jpg\" alt=\"Qui \u00e9tait Mona Heydari ?\" class=\"wp-image-15240 lazyload\" srcset=\"https:\/\/wncri.org\/fr\/wp-content\/uploads\/2022\/02\/Mona-Heydari-a-victim-of-honor-killings-and-forced-child-marriage.jpg 750w, https:\/\/wncri.org\/fr\/wp-content\/uploads\/2022\/02\/Mona-Heydari-a-victim-of-honor-killings-and-forced-child-marriage-300x150.jpg 300w, https:\/\/wncri.org\/fr\/wp-content\/uploads\/2022\/02\/Mona-Heydari-a-victim-of-honor-killings-and-forced-child-marriage-360x180.jpg 360w\" sizes=\"(max-width: 750px) 100vw, 750px\" \/><\/noscript><\/figure><\/div>\n\n\n\n<h3 class=\"wp-block-heading\"><strong>Le meurtre atroce de Mona Heydari, produit de la misogynie des mollahs<\/strong><\/h3>\n\n\n\n<p>Les catastrophes sociales et f\u00e9minicides ont des racines politiques.<\/p>\n\n\n\n<p>En derni\u00e8re analyse, la cause profonde doit \u00eatre attribu\u00e9e au <a href=\"https:\/\/wncri.org\/fr\/2020\/12\/01\/le-meurtre-de-femmes-le-gouvernement-clerical-est-le-principal-suspect\/\" target=\"_blank\" rel=\"noreferrer noopener\">r\u00e9gime cl\u00e9rical inhumain et misogyne<\/a>, qui est l&#8217;origine premi\u00e8re des complexes de cette p\u00e9riode de l&#8217;histoire iranienne.<\/p>\n\n\n\n<p>Les femmes et les jeunes filles sont les premi\u00e8res victimes de l&#8217;id\u00e9ologie et de la politique inhumaines du r\u00e9gime. Avant d&#8217;\u00eatre commises par le couteau du mari ou la faucille du p\u00e8re, les d\u00e9capitations de Mona Heydari ou de <a href=\"https:\/\/wncri.org\/fr\/2020\/05\/28\/roumina-ashrafi-une-adolescente-de-14-ans-victime-des-lois-misogynes-en-iran\/\" target=\"_blank\" rel=\"noreferrer noopener\">Romina Ashrafi<\/a>, 14 ans, et d&#8217;<a href=\"https:\/\/wncri.org\/fr\/2020\/06\/17\/deux-nouveaux-crimes-dhonneur-moins-dun-mois-apres-le-meurtre-de-romina\/\" target=\"_blank\" rel=\"noreferrer noopener\">autres<\/a> ont d\u00e9j\u00e0 \u00e9t\u00e9 <a href=\"https:\/\/wncri.org\/fr\/2020\/12\/01\/le-meurtre-de-femmes-le-gouvernement-clerical-est-le-principal-suspect\/\" target=\"_blank\" rel=\"noreferrer noopener\">facilit\u00e9es<\/a> par de nombreuses lois \u00e9crites et non \u00e9crites du fascisme religieux.<\/p>\n\n\n\n<p>Le fait est que les statistiques macabres des crimes d&#8217;honneur en Iran trouvent leur origine dans la misogynie et la culture patriarcale institutionnalis\u00e9es dans la <a href=\"https:\/\/wncri.org\/fr\/2020\/06\/09\/misogynie-institutionnalisee\/\" target=\"_blank\" rel=\"noreferrer noopener\">loi et la soci\u00e9t\u00e9 iraniennes.<\/a><\/p>\n\n\n\n<p>Le peuple iranien pense que le r\u00e9gime m\u00e9di\u00e9val des mollahs est le principal responsable du meurtre brutal de Mona Heydari et de centaines d&#8217;autres femmes. Comment l&#8217;ex\u00e9cution d&#8217;un homme peut-elle r\u00e9soudre la<a href=\"https:\/\/wncri.org\/fr\/2020\/11\/23\/la-violence-faite-aux-femmes-en-iran-parrainee-et-institutionnalisee-par-letat\/\" target=\"_blank\" rel=\"noreferrer noopener\"> violence end\u00e9mique contre les femmes en Iran<\/a> ?<\/p>\n\n\n\n<p>La commission des Femmes du Conseil national de la R\u00e9sistance iranienne appelle toutes les organisations internationales et les personnalit\u00e9s d\u00e9fendant les droits des femmes \u00e0 <a href=\"https:\/\/twitter.com\/Maryam_Rajavi\/status\/1490756428449161221\" target=\"_blank\" rel=\"noreferrer noopener\">condamner<\/a> la situation odieuse de la violence faite aux femmes en Iran.<\/p>\n","protected":false},"excerpt":{"rendered":"<p>Le f\u00e9minicide est libre pour les hommes sous le r\u00e9gime misogyne des mollahs CNRI Femmes &#8211; Les m\u00e9dias sociaux ont fait circuler la nouvelle de deux meurtres de femmes en Iran en une seule journ\u00e9e. Le vendredi 19 f\u00e9vrier, le mari de Fatemeh Sameti l&#8217;a assassin\u00e9e \u00e0 coups de couteau et de hache. Le m\u00eame [&hellip;]<\/p>\n","protected":false},"author":4,"featured_media":15335,"comment_status":"closed","ping_status":"closed","sticky":false,"template":"","format":"standard","meta":{"jnews-multi-image_gallery":[],"jnews_single_post":{"subtitle":"","format":"standard","video":"","gallery":"","source_name":"","source_url":"","via_name":"","via_url":"","override_template":"0","override":[{"template":"1","single_blog_custom":"","parallax":"1","fullscreen":"1","layout":"right-sidebar","sidebar":"default-sidebar","second_sidebar":"default-sidebar","sticky_sidebar":"1","share_position":"top","share_float_style":"share-monocrhome","show_share_counter":"1","show_view_counter":"1","show_featured":"1","show_post_meta":"1","show_post_author":"1","show_post_author_image":"1","show_post_date":"1","post_date_format":"default","post_date_format_custom":"Y\/m\/d","show_post_category":"1","show_post_reading_time":"0","post_reading_time_wpm":"300","show_zoom_button":"0","zoom_button_out_step":"2","zoom_button_in_step":"3","show_post_tag":"1","show_prev_next_post":"1","show_popup_post":"1","number_popup_post":"1","show_author_box":"0","show_post_related":"0","show_inline_post_related":"0"}],"override_image_size":"0","image_override":[{"single_post_thumbnail_size":"crop-500","single_post_gallery_size":"crop-500"}],"trending_post":"0","trending_post_position":"meta","trending_post_label":"Trending","sponsored_post":"0","sponsored_post_label":"Sponsored by","sponsored_post_name":"","sponsored_post_url":"","sponsored_post_logo_enable":"0","sponsored_post_logo":"","sponsored_post_desc":"","disable_ad":"0"},"jnews_primary_category":{"id":""},"jnews_social_meta":{"fb_title":"","fb_description":"","fb_image":"","twitter_title":"","twitter_description":"","twitter_image":""},"jnews_override_counter":{"override_view_counter":"0","view_counter_number":"0","override_share_counter":"0","share_counter_number":"0","override_like_counter":"0","like_counter_number":"0","override_dislike_counter":"0","dislike_counter_number":"0"},"footnotes":""},"categories":[3],"tags":[381,376],"class_list":["post-15334","post","type-post","status-publish","format-standard","has-post-thumbnail","hentry","category-infos-des-femmes","tag-crimes-dhonneur","tag-violence-contre-les-femmes"],"_links":{"self":[{"href":"https:\/\/wncri.org\/fr\/wp-json\/wp\/v2\/posts\/15334","targetHints":{"allow":["GET"]}}],"collection":[{"href":"https:\/\/wncri.org\/fr\/wp-json\/wp\/v2\/posts"}],"about":[{"href":"https:\/\/wncri.org\/fr\/wp-json\/wp\/v2\/types\/post"}],"author":[{"embeddable":true,"href":"https:\/\/wncri.org\/fr\/wp-json\/wp\/v2\/users\/4"}],"replies":[{"embeddable":true,"href":"https:\/\/wncri.org\/fr\/wp-json\/wp\/v2\/comments?post=15334"}],"version-history":[{"count":1,"href":"https:\/\/wncri.org\/fr\/wp-json\/wp\/v2\/posts\/15334\/revisions"}],"predecessor-version":[{"id":15336,"href":"https:\/\/wncri.org\/fr\/wp-json\/wp\/v2\/posts\/15334\/revisions\/15336"}],"wp:featuredmedia":[{"embeddable":true,"href":"https:\/\/wncri.org\/fr\/wp-json\/wp\/v2\/media\/15335"}],"wp:attachment":[{"href":"https:\/\/wncri.org\/fr\/wp-json\/wp\/v2\/media?parent=15334"}],"wp:term":[{"taxonomy":"category","embeddable":true,"href":"https:\/\/wncri.org\/fr\/wp-json\/wp\/v2\/categories?post=15334"},{"taxonomy":"post_tag","embeddable":true,"href":"https:\/\/wncri.org\/fr\/wp-json\/wp\/v2\/tags?post=15334"}],"curies":[{"name":"wp","href":"https:\/\/api.w.org\/{rel}","templated":true}]}}