{"id":15316,"date":"2022-02-15T23:15:00","date_gmt":"2022-02-15T22:15:00","guid":{"rendered":"https:\/\/wncri.org\/fr\/?p=15316"},"modified":"2022-02-20T23:22:45","modified_gmt":"2022-02-20T22:22:45","slug":"la-kurde-golaleh-moradi-a-entame-une-greve-de-la-faim","status":"publish","type":"post","link":"https:\/\/wncri.org\/fr\/2022\/02\/15\/la-kurde-golaleh-moradi-a-entame-une-greve-de-la-faim\/","title":{"rendered":"La Kurde Golaleh Moradi a entam\u00e9 une gr\u00e8ve de la faim"},"content":{"rendered":"\n<p>CNRI Femmes &#8211; La Kurde Golaleh Moradi a entam\u00e9 une gr\u00e8ve de la faim le lundi 14 f\u00e9vrier 2022.<\/p>\n\n\n\n<p>Golaleh Moradi est une prisonni\u00e8re politique d\u00e9tenue sous statut ind\u00e9termin\u00e9 \u00e0 la prison centrale d\u2019Oroumieh depuis 10 mois.<\/p>\n\n\n\n<p>Un des proches de Mme Moradi affirme qu&#8217;elle n&#8217;a pas \u00e9t\u00e9 jug\u00e9e malgr\u00e9 ses 10 mois d&#8217;emprisonnement. Les autorit\u00e9s p\u00e9nitentiaires ne rendent pas compte de cette situation non plus.<\/p>\n\n\n\n<p>La Kurde Golaleh Moradi est priv\u00e9e de l&#8217;acc\u00e8s \u00e0 un avocat ou \u00e0 un conseiller juridique.<\/p>\n\n\n\n<p>Les services de renseignement n&#8217;ont pas encore permis \u00e0 son avocat d&#8217;\u00e9tudier son cas. Ils accusent Golaleh Moradi de coop\u00e9rer avec les partis kurdes et d\u2019avoir particip\u00e9 au meurtre d&#8217;un pasdaran.<\/p>\n\n\n\n<p>Une source inform\u00e9e au sein de <a href=\"https:\/\/wncri.org\/fr\/2021\/12\/10\/les-conditions-des-femmes-prisons\/\" target=\"_blank\" rel=\"noreferrer noopener\">la prison centrale d&#8217;Oroumieh<\/a> avait d\u00e9clar\u00e9 pr\u00e9c\u00e9demment que Mme Moradi avait \u00e9t\u00e9 transf\u00e9r\u00e9e \u00e0 plusieurs reprises dans les centres de d\u00e9tention des services de renseignement et <a href=\"https:\/\/wncri.org\/fr\/2021\/08\/25\/golaleh-moradi-torturee-pour-obtenir-des-aveux-forces-dans-la-prison\/\" target=\"_blank\" rel=\"noreferrer noopener\">tortur\u00e9e<\/a> pour lui arracher de faux aveux.<\/p>\n\n\n\n<p>Dans un enregistrement audio, <a href=\"https:\/\/hengaw.net\/en\/news\/urmia-fate-of-golaleh-moradi-uncertain-for-seven-months\" target=\"_blank\" rel=\"noreferrer noopener\">Golaleh Moradi<\/a> d\u00e9clare : &#8220;Les services de renseignement m&#8217;ont intimid\u00e9 \u00e0 plusieurs reprises. Ils m&#8217;ont dit que si je n&#8217;avouais pas ce qu&#8217;ils voulaient, ils feraient venir mes deux enfants et les tortureraient sous mes yeux.&#8221;<\/p>\n\n\n\n<p>Les services de renseignement des pasdarans ont arr\u00eat\u00e9 la Kurde Golaleh Moradi le 17 avril 2021, apr\u00e8s qu\u2019Ottoman Haji Hosseini, un pasdaran \u00e0 Piranchahr, a \u00e9t\u00e9 tu\u00e9. Ils l&#8217;ont ensuite transf\u00e9r\u00e9e \u00e0 Oroumieh et, au bout de 45 jours, l&#8217;ont incarc\u00e9r\u00e9e dans le quartier des femmes de la prison centrale d\u2019Oroumieh.<\/p>\n\n\n\n<p>Golaleh Moradi a deux fils, Taher et Matin Bazzazi, tous deux \u00e2g\u00e9s de 14 ans. Ils ont \u00e9t\u00e9 arr\u00eat\u00e9s et d\u00e9tenus pendant un certain temps, mais ont ensuite \u00e9t\u00e9 lib\u00e9r\u00e9s.<\/p>\n\n\n\n<p>Les prisonni\u00e8res politiques sont tortur\u00e9es dans les prisons du r\u00e9gime cl\u00e9rical pour faire des aveux contre leur gr\u00e9 et renoncer \u00e0 leurs activit\u00e9s et croyances pass\u00e9es. Ces aveux sont ensuite diffus\u00e9s \u00e0 la t\u00e9l\u00e9vision nationale pour entretenir le climat de terreur le public et utilis\u00e9s contre la prisonni\u00e8res dans le cadre de la proc\u00e9dure judiciaire.<\/p>\n","protected":false},"excerpt":{"rendered":"<p>CNRI Femmes &#8211; La Kurde Golaleh Moradi a entam\u00e9 une gr\u00e8ve de la faim le lundi 14 f\u00e9vrier 2022. Golaleh Moradi est une prisonni\u00e8re politique d\u00e9tenue sous statut ind\u00e9termin\u00e9 \u00e0 la prison centrale d\u2019Oroumieh depuis 10 mois. Un des proches de Mme Moradi affirme qu&#8217;elle n&#8217;a pas \u00e9t\u00e9 jug\u00e9e malgr\u00e9 ses 10 mois d&#8217;emprisonnement. Les [&hellip;]<\/p>\n","protected":false},"author":4,"featured_media":15317,"comment_status":"closed","ping_status":"closed","sticky":false,"template":"","format":"standard","meta":{"jnews-multi-image_gallery":[],"jnews_single_post":{"subtitle":"","format":"standard","video":"","gallery":"","source_name":"","source_url":"","via_name":"","via_url":"","override_template":"0","override":[{"template":"1","single_blog_custom":"","parallax":"1","fullscreen":"1","layout":"right-sidebar","sidebar":"default-sidebar","second_sidebar":"default-sidebar","sticky_sidebar":"1","share_position":"top","share_float_style":"share-monocrhome","show_share_counter":"1","show_view_counter":"1","show_featured":"1","show_post_meta":"1","show_post_author":"1","show_post_author_image":"1","show_post_date":"1","post_date_format":"default","post_date_format_custom":"Y\/m\/d","show_post_category":"1","show_post_reading_time":"0","post_reading_time_wpm":"300","show_zoom_button":"0","zoom_button_out_step":"2","zoom_button_in_step":"3","show_post_tag":"1","show_prev_next_post":"1","show_popup_post":"1","number_popup_post":"1","show_author_box":"0","show_post_related":"0","show_inline_post_related":"0"}],"override_image_size":"0","image_override":[{"single_post_thumbnail_size":"crop-500","single_post_gallery_size":"crop-500"}],"trending_post":"0","trending_post_position":"meta","trending_post_label":"Trending","sponsored_post":"0","sponsored_post_label":"Sponsored by","sponsored_post_name":"","sponsored_post_url":"","sponsored_post_logo_enable":"0","sponsored_post_logo":"","sponsored_post_desc":"","disable_ad":"0"},"jnews_primary_category":{"id":""},"jnews_social_meta":{"fb_title":"","fb_description":"","fb_image":"","twitter_title":"","twitter_description":"","twitter_image":""},"jnews_override_counter":{"override_view_counter":"0","view_counter_number":"0","override_share_counter":"0","share_counter_number":"0","override_like_counter":"0","like_counter_number":"0","override_dislike_counter":"0","dislike_counter_number":"0"},"footnotes":""},"categories":[3],"tags":[370,376],"class_list":["post-15316","post","type-post","status-publish","format-standard","has-post-thumbnail","hentry","category-infos-des-femmes","tag-prisonnieres","tag-violence-contre-les-femmes"],"_links":{"self":[{"href":"https:\/\/wncri.org\/fr\/wp-json\/wp\/v2\/posts\/15316","targetHints":{"allow":["GET"]}}],"collection":[{"href":"https:\/\/wncri.org\/fr\/wp-json\/wp\/v2\/posts"}],"about":[{"href":"https:\/\/wncri.org\/fr\/wp-json\/wp\/v2\/types\/post"}],"author":[{"embeddable":true,"href":"https:\/\/wncri.org\/fr\/wp-json\/wp\/v2\/users\/4"}],"replies":[{"embeddable":true,"href":"https:\/\/wncri.org\/fr\/wp-json\/wp\/v2\/comments?post=15316"}],"version-history":[{"count":1,"href":"https:\/\/wncri.org\/fr\/wp-json\/wp\/v2\/posts\/15316\/revisions"}],"predecessor-version":[{"id":15318,"href":"https:\/\/wncri.org\/fr\/wp-json\/wp\/v2\/posts\/15316\/revisions\/15318"}],"wp:featuredmedia":[{"embeddable":true,"href":"https:\/\/wncri.org\/fr\/wp-json\/wp\/v2\/media\/15317"}],"wp:attachment":[{"href":"https:\/\/wncri.org\/fr\/wp-json\/wp\/v2\/media?parent=15316"}],"wp:term":[{"taxonomy":"category","embeddable":true,"href":"https:\/\/wncri.org\/fr\/wp-json\/wp\/v2\/categories?post=15316"},{"taxonomy":"post_tag","embeddable":true,"href":"https:\/\/wncri.org\/fr\/wp-json\/wp\/v2\/tags?post=15316"}],"curies":[{"name":"wp","href":"https:\/\/api.w.org\/{rel}","templated":true}]}}