{"id":15298,"date":"2022-02-14T10:01:00","date_gmt":"2022-02-14T09:01:00","guid":{"rendered":"https:\/\/wncri.org\/fr\/?p=15298"},"modified":"2022-02-16T10:11:29","modified_gmt":"2022-02-16T09:11:29","slug":"epidemie-domicron-dans","status":"publish","type":"post","link":"https:\/\/wncri.org\/fr\/2022\/02\/14\/epidemie-domicron-dans\/","title":{"rendered":"Epid\u00e9mie d&#8217;Omicron dans les prisons de Qarchak et d\u2019Evine"},"content":{"rendered":"\n<h3 class=\"wp-block-heading\" id=\"epidemie-d-omicron-dans-les-prisons-de-qarchak-et-d-evine\">Epid\u00e9mie d&#8217;Omicron dans les prisons de Qarchak et d\u2019Evine<\/h3>\n\n\n\n<p>CNRI Femmes &#8211; Des sources fiables ont signal\u00e9 une \u00e9pid\u00e9mie d&#8217;Omicron \u00e0 la <a href=\"https:\/\/www.maryam-rajavi.com\/fr\/lonu-condamnant-les-violations-des-droits-humains-en-iran\/\" target=\"_blank\" rel=\"noreferrer noopener\">prison de Qarchak <\/a>\u00e0 Varamine, dans banlieue de T\u00e9h\u00e9ran. La vie et la sant\u00e9 des d\u00e9tenues et notamment des prisonni\u00e8res politiques, sont en danger \u00e0 la <a href=\"https:\/\/wncri.org\/fr\/2020\/04\/20\/regard-sur-la-situation-tragique-a-la-prison-pour-femmes-de-qarchak-en-iran\/\" target=\"_blank\" rel=\"noreferrer noopener\">prison de Qarchak<\/a>.<\/p>\n\n\n\n<p>Selon un article publi\u00e9 le 10 f\u00e9vrier 2022, de nombreuses d\u00e9tenues ont contract\u00e9 le virus. L&#8217;\u00e9pid\u00e9mie d&#8217;Omicron aggrave le faible niveau de sant\u00e9 qui r\u00e8gne dans cette <a href=\"https:\/\/wncri.org\/fr\/2021\/12\/10\/les-conditions-des-femmes-prisons\/\">prison<\/a>. Il n&#8217;y a pas de m\u00e9dicaments ni d&#8217;installations m\u00e9dicales pour y soigner les malades.<\/p>\n\n\n\n<p>Les gardiens ont transf\u00e9r\u00e9 les <a href=\"https:\/\/wncri.org\/fr\/\" target=\"_blank\" rel=\"noreferrer noopener\">femmes<\/a> infect\u00e9es par Omicron dans le quartier de quarantaine, qui est minuscule, sale et froid. La quarantaine dispose d&#8217;un petit nombre de lits, et la plupart des femmes doivent dormir sur le sol glac\u00e9 malgr\u00e9 leur maladie. Les prisonni\u00e8res sont entass\u00e9es dans ce petit endroit, alors que l&#8217;un des facteurs les plus importants de la transmission de l&#8217;omicron est la compression et le contact direct.<\/p>\n\n\n\n<p>La quantit\u00e9 de m\u00e9dicaments fournis aux prisonni\u00e8res est insuffisante et ne contribue pas \u00e0 am\u00e9liorer leur \u00e9tat de sant\u00e9.<\/p>\n\n\n\n<p>Les d\u00e9tenues ont un jour protest\u00e9 contre la distribution limit\u00e9e de m\u00e9dicaments, le manque de traitement m\u00e9dical et les conditions insalubres de la prison. Le m\u00e9decin de la clinique leur a dit qu&#8217;il n&#8217;y avait pas non plus assez de m\u00e9dicaments \u00e0 l&#8217;ext\u00e9rieur de la prison et qu&#8217;il ne pouvait pas leur en donner davantage. Les prisonni\u00e8res politiques sont d\u00e9tenues \u00e0<a href=\"https:\/\/wncri.org\/fr\/2020\/04\/20\/regard-sur-la-situation-tragique-a-la-prison-pour-femmes-de-qarchak-en-iran\/\" target=\"_blank\" rel=\"noreferrer noopener\"> Qarchak<\/a> en violation du principe de la s\u00e9paration des d\u00e9lits. Leur vie est en danger.<\/p>\n\n\n\n<p>Certaines souffrent de maladies sous-jacentes et leur sant\u00e9 est davantage menac\u00e9e<a href=\"https:\/\/wncri.org\/fr\/2021\/01\/06\/forough-taghipour\/\" target=\"_blank\" rel=\"noreferrer noopener\">. Forough Taghipour<\/a>, qui souffre d&#8217;une maladie pulmonaire et d&#8217;asthme, pr\u00e9sente les sympt\u00f4mes du coronavirus. Bahareh Soleimani, infirmi\u00e8re de profession, a \u00e9galement contract\u00e9 le Coronavirus dans la prison de Qarchak.<\/p>\n\n\n\n<div class=\"wp-block-image\"><figure class=\"aligncenter size-full\"><img decoding=\"async\" src=\"data:image\/gif;base64,R0lGODlhAQABAIAAAAAAAP\/\/\/yH5BAEAAAAALAAAAAABAAEAAAIBRAA7\" data-src=\"https:\/\/wncri.org\/fr\/wp-content\/uploads\/2022\/02\/Saba-Kord-Afshari-refused-food-to-gain-her-mothers-freedom-min.webp\" alt=\"La prisonni\u00e8re politique Raheleh Ahmadi a contract\u00e9 le virus \u00e0 la prison d'Evine\" class=\"wp-image-15300 lazyload\"\/><noscript><img decoding=\"async\" width=\"750\" height=\"375\" src=\"https:\/\/wncri.org\/fr\/wp-content\/uploads\/2022\/02\/Saba-Kord-Afshari-refused-food-to-gain-her-mothers-freedom-min.webp\" alt=\"La prisonni\u00e8re politique Raheleh Ahmadi a contract\u00e9 le virus \u00e0 la prison d'Evine\" class=\"wp-image-15300 lazyload\" srcset=\"https:\/\/wncri.org\/fr\/wp-content\/uploads\/2022\/02\/Saba-Kord-Afshari-refused-food-to-gain-her-mothers-freedom-min.webp 750w, https:\/\/wncri.org\/fr\/wp-content\/uploads\/2022\/02\/Saba-Kord-Afshari-refused-food-to-gain-her-mothers-freedom-min-300x150.webp 300w, https:\/\/wncri.org\/fr\/wp-content\/uploads\/2022\/02\/Saba-Kord-Afshari-refused-food-to-gain-her-mothers-freedom-min-360x180.webp 360w\" sizes=\"(max-width: 750px) 100vw, 750px\" \/><\/noscript><\/figure><\/div>\n\n\n\n<h3 class=\"wp-block-heading\" id=\"la-prisonniere-politique-raheleh-ahmadi-a-contracte-le-virus-a-la-prison-d-evine\"><strong>La prisonni\u00e8re politique Raheleh Ahmadi a contract\u00e9 le virus \u00e0 la prison d&#8217;Evine<\/strong><\/h3>\n\n\n\n<p>A <a href=\"https:\/\/wncri.org\/2022\/01\/02\/three-female-civil-activists\/\" target=\"_blank\" rel=\"noreferrer noopener\">la prison d&#8217;Evin<\/a>e, de graves sympt\u00f4mes du Covid-19 ont \u00e9t\u00e9 observ\u00e9s chez de nombreuses d\u00e9tenues, mais les responsables n\u2019y pr\u00eatent aucune attention.<\/p>\n\n\n\n<p>Raheleh Ahmadi, une militante des droits civils d\u00e9tenue \u00e0 <a href=\"https:\/\/www.dailymail.co.uk\/video\/iran\/video-2487345\/Video-Secret-leaked-footage-shows-grim-conditions-Irans-Evin-prison.html\" target=\"_blank\" rel=\"noreferrer noopener\">la prison d&#8217;Evin<\/a>e, est priv\u00e9e de soins m\u00e9dicaux. Elle pr\u00e9sente des sympt\u00f4mes d\u2019\u00e9tourdissements, de l\u00e9thargie, de diarrh\u00e9es et de vomissements, des maux de gorge et des douleurs corporelles, mais elle est <a href=\"https:\/\/wncri.org\/fr\/2021\/07\/17\/raheleh-ahmadi-souffre-dune-mauvaise-sante-suite-au-deces-de-sa-mere\/\" target=\"_blank\" rel=\"noreferrer noopener\">priv\u00e9e<\/a> de soins m\u00e9dicaux. Mme Ahmadi est tomb\u00e9e deux fois \u00e0 cause de vertiges, le dimanche 13 et le lundi 14 f\u00e9vrier. Des d\u00e9tenues l&#8217;ont emmen\u00e9e \u00e0 la clinique de la prison sur un fauteuil roulant.<\/p>\n\n\n\n<p>Elle a subi un test de permutation nasale, mais la r\u00e9ponse n&#8217;a pas encore \u00e9t\u00e9 donn\u00e9e. Au moins cinq autres d\u00e9tenues pr\u00e9sentent des sympt\u00f4mes similaires. Ces femmes se voient refuser tout cong\u00e9 m\u00e9dical. Le refus des autorit\u00e9s de mettre en quarantaine les malades a suscit\u00e9 de nouvelles inqui\u00e9tudes pour les autres d\u00e9tenues.&nbsp;&nbsp;&nbsp;<\/p>\n\n\n\n<p>Raheleh Ahmadi est condamn\u00e9e \u00e0 31 mois de prison et <a href=\"https:\/\/wncri.org\/fr\/2019\/07\/11\/raheleh-ahmadi-arretee-quarante-jours-apres-sa-fille-en-iran\/\" target=\"_blank\" rel=\"noreferrer noopener\">incarc\u00e9r\u00e9e<\/a> depuis le 15 f\u00e9vrier 2020. Elle a \u00e9t\u00e9 arr\u00eat\u00e9e pour faire pression sur sa fille, Saba Kord Afshari, afin de la contraindre \u00e0 des aveux forc\u00e9s.<\/p>\n\n\n\n<p>Elle souffre de dysfonctionnements de la thyro\u00efde qui affectent son syst\u00e8me immunitaire, la rendant plus vuln\u00e9rable au COVID-19.<\/p>\n\n\n\n<p>\u00c0 la suite du <a href=\"https:\/\/wncri.org\/fr\/2021\/01\/04\/contre-les-femmes-en-prison\/\" target=\"_blank\" rel=\"noreferrer noopener\">transfert<\/a> de Saba \u00e0 la <a href=\"https:\/\/wncri.org\/fr\/2020\/04\/20\/regard-sur-la-situation-tragique-a-la-prison-pour-femmes-de-qarchak-en-iran\/\" target=\"_blank\" rel=\"noreferrer noopener\">prison de Qarchak<\/a>, Mme Ahmadi a \u00e9t\u00e9 confront\u00e9e \u00e0 des probl\u00e8mes m\u00e9dicaux dus au stress et a souffert d&#8217;une rupture de disque, et a d\u00fb utiliser un d\u00e9ambulateur pour marcher. N\u00e9anmoins, elle n&#8217;a pas re\u00e7u de traitement m\u00e9dical appropri\u00e9.<\/p>\n\n\n\n<p>Le m\u00e9decin de la prison a d\u00e9clar\u00e9 que son immobilit\u00e9 \u00e9tait due \u00e0 une pression nerveuse et qu&#8217;elle devait \u00eatre examin\u00e9e par un m\u00e9decin sp\u00e9cialiste des neurones.<\/p>\n\n\n\n<p>Le 14 mars 2021, elle a obtenu un cong\u00e9 qui a pris fin le 10 avril. Les autorit\u00e9s p\u00e9nitentiaires ont rejet\u00e9 sa demande de prolongation de cong\u00e9.<\/p>\n","protected":false},"excerpt":{"rendered":"<p>Epid\u00e9mie d&#8217;Omicron dans les prisons de Qarchak et d\u2019Evine CNRI Femmes &#8211; Des sources fiables ont signal\u00e9 une \u00e9pid\u00e9mie d&#8217;Omicron \u00e0 la prison de Qarchak \u00e0 Varamine, dans banlieue de T\u00e9h\u00e9ran. La vie et la sant\u00e9 des d\u00e9tenues et notamment des prisonni\u00e8res politiques, sont en danger \u00e0 la prison de Qarchak. Selon un article publi\u00e9 [&hellip;]<\/p>\n","protected":false},"author":4,"featured_media":15299,"comment_status":"closed","ping_status":"closed","sticky":false,"template":"","format":"standard","meta":{"jnews-multi-image_gallery":[],"jnews_single_post":{"subtitle":"","format":"standard","video":"","gallery":"","source_name":"","source_url":"","via_name":"","via_url":"","override_template":"0","override":[{"template":"1","single_blog_custom":"","parallax":"1","fullscreen":"1","layout":"right-sidebar","sidebar":"default-sidebar","second_sidebar":"default-sidebar","sticky_sidebar":"1","share_position":"top","share_float_style":"share-monocrhome","show_share_counter":"1","show_view_counter":"1","show_featured":"1","show_post_meta":"1","show_post_author":"1","show_post_author_image":"1","show_post_date":"1","post_date_format":"default","post_date_format_custom":"Y\/m\/d","show_post_category":"1","show_post_reading_time":"0","post_reading_time_wpm":"300","show_zoom_button":"0","zoom_button_out_step":"2","zoom_button_in_step":"3","show_post_tag":"1","show_prev_next_post":"1","show_popup_post":"1","number_popup_post":"1","show_author_box":"0","show_post_related":"0","show_inline_post_related":"0"}],"override_image_size":"0","image_override":[{"single_post_thumbnail_size":"crop-500","single_post_gallery_size":"crop-500"}],"trending_post":"0","trending_post_position":"meta","trending_post_label":"Trending","sponsored_post":"0","sponsored_post_label":"Sponsored by","sponsored_post_name":"","sponsored_post_url":"","sponsored_post_logo_enable":"0","sponsored_post_logo":"","sponsored_post_desc":"","disable_ad":"0"},"jnews_primary_category":{"id":""},"jnews_social_meta":{"fb_title":"","fb_description":"","fb_image":"","twitter_title":"","twitter_description":"","twitter_image":""},"jnews_override_counter":{"override_view_counter":"0","view_counter_number":"0","override_share_counter":"0","share_counter_number":"0","override_like_counter":"0","like_counter_number":"0","override_dislike_counter":"0","dislike_counter_number":"0"},"footnotes":""},"categories":[3],"tags":[374,370,376],"class_list":["post-15298","post","type-post","status-publish","format-standard","has-post-thumbnail","hentry","category-infos-des-femmes","tag-coronavirus","tag-prisonnieres","tag-violence-contre-les-femmes"],"_links":{"self":[{"href":"https:\/\/wncri.org\/fr\/wp-json\/wp\/v2\/posts\/15298","targetHints":{"allow":["GET"]}}],"collection":[{"href":"https:\/\/wncri.org\/fr\/wp-json\/wp\/v2\/posts"}],"about":[{"href":"https:\/\/wncri.org\/fr\/wp-json\/wp\/v2\/types\/post"}],"author":[{"embeddable":true,"href":"https:\/\/wncri.org\/fr\/wp-json\/wp\/v2\/users\/4"}],"replies":[{"embeddable":true,"href":"https:\/\/wncri.org\/fr\/wp-json\/wp\/v2\/comments?post=15298"}],"version-history":[{"count":1,"href":"https:\/\/wncri.org\/fr\/wp-json\/wp\/v2\/posts\/15298\/revisions"}],"predecessor-version":[{"id":15301,"href":"https:\/\/wncri.org\/fr\/wp-json\/wp\/v2\/posts\/15298\/revisions\/15301"}],"wp:featuredmedia":[{"embeddable":true,"href":"https:\/\/wncri.org\/fr\/wp-json\/wp\/v2\/media\/15299"}],"wp:attachment":[{"href":"https:\/\/wncri.org\/fr\/wp-json\/wp\/v2\/media?parent=15298"}],"wp:term":[{"taxonomy":"category","embeddable":true,"href":"https:\/\/wncri.org\/fr\/wp-json\/wp\/v2\/categories?post=15298"},{"taxonomy":"post_tag","embeddable":true,"href":"https:\/\/wncri.org\/fr\/wp-json\/wp\/v2\/tags?post=15298"}],"curies":[{"name":"wp","href":"https:\/\/api.w.org\/{rel}","templated":true}]}}