{"id":15189,"date":"2022-01-29T15:45:00","date_gmt":"2022-01-29T14:45:00","guid":{"rendered":"https:\/\/wncri.org\/fr\/?p=15189"},"modified":"2022-01-30T15:57:52","modified_gmt":"2022-01-30T14:57:52","slug":"une-nouvelle-greve-nationale-des-enseignants-iraniens","status":"publish","type":"post","link":"https:\/\/wncri.org\/fr\/2022\/01\/29\/une-nouvelle-greve-nationale-des-enseignants-iraniens\/","title":{"rendered":"Une nouvelle gr\u00e8ve nationale des enseignants iraniens dans une centaine de ville"},"content":{"rendered":"\n<p>Une nouvelle gr\u00e8ve nationale des enseignants iraniens dans une centaine de ville <\/p>\n\n\n\n<p>CNRI Femmes &#8211; Une nouvelle gr\u00e8ve nationale des enseignants iraniens a eu lieu dans une centaine de villes de 29 provinces iraniennes le samedi 29 janvier 2022.<\/p>\n\n\n\n<p>Les enseignantes ont \u00e9t\u00e9 particuli\u00e8rement actives dans ces sit-in.<\/p>\n\n\n\n<p>La gr\u00e8ve nationale des enseignants iraniens fait suite \u00e0 d&#8217;importantes manifestations et protestations qui ont eu lieu les <a href=\"http:\/\/Manifestations%20nationales%20des%20enseignants\" target=\"_blank\" rel=\"noreferrer noopener\">2<\/a>, <a href=\"https:\/\/wncri.org\/fr\/2021\/12\/11\/les-enseignants-iraniens-ont-manifeste\/\" target=\"_blank\" rel=\"noreferrer noopener\">11<\/a>, <a href=\"https:\/\/wncri.org\/fr\/2021\/12\/12\/les-enseignants-ont-poursuivi-leurs\/\" target=\"_blank\" rel=\"noreferrer noopener\">12<\/a>, <a href=\"https:\/\/wncri.org\/fr\/2021\/12\/13\/manifestations-nationales-des-enseignants\/\" target=\"_blank\" rel=\"noreferrer noopener\">13<\/a>, <a href=\"https:\/\/wncri.org\/fr\/2021\/12\/23\/les-enseignants-protestent-contre-le-plan-de-classement-dans-100-villes-diran\/\" target=\"_blank\" rel=\"noreferrer noopener\">23<\/a>, 28 d\u00e9cembre et le <a href=\"https:\/\/wncri.org\/fr\/2022\/01\/13\/les-enseignants-lancent-des-manifestations-nationales-dans-116-villes-de-30-provinces\/\" target=\"_blank\" rel=\"noreferrer noopener\">13 janvier<\/a>.<\/p>\n\n\n\n<p>Les enseignants iraniens r\u00e9clament la mise en \u0153uvre int\u00e9grale du <a href=\"https:\/\/wncri.org\/2022\/01\/05\/teachers-ranking-plan-a-deception-that-has-not\/\" target=\"_blank\" rel=\"noreferrer noopener\">plan de classement<\/a> des enseignants, afin de recevoir des salaires \u00e9quivalents \u00e0 ceux de 80 % des professeurs de sciences des universit\u00e9s. Les enseignants retrait\u00e9s veulent \u00e9galement que leurs salaires soient justifi\u00e9s par rapport au taux d&#8217;inflation actuel. Les enseignants demandent \u00e9galement la lib\u00e9ration des enseignants arr\u00eat\u00e9s et toujours en d\u00e9tention.<\/p>\n\n\n\n<p>La gr\u00e8ve nationale des enseignants iraniens va se poursuivre les 30 et 31 janvier.<\/p>\n\n\n\n<div class=\"wp-block-image\"><figure class=\"aligncenter size-full is-resized\"><img decoding=\"async\" src=\"data:image\/gif;base64,R0lGODlhAQABAIAAAAAAAP\/\/\/yH5BAEAAAAALAAAAAABAAEAAAIBRAA7\" data-src=\"https:\/\/wncri.org\/fr\/wp-content\/uploads\/2022\/01\/3-nationwide-strike-by-Iranian-teachers-in-100-cities-min.jpg\" alt=\"Protestation des infirmi\u00e8res \" class=\"wp-image-15194 lazyload\" width=\"783\" height=\"392\"\/><noscript><img decoding=\"async\" src=\"https:\/\/wncri.org\/fr\/wp-content\/uploads\/2022\/01\/3-nationwide-strike-by-Iranian-teachers-in-100-cities-min.jpg\" alt=\"Protestation des infirmi\u00e8res \" class=\"wp-image-15194 lazyload\" width=\"783\" height=\"392\" srcset=\"https:\/\/wncri.org\/fr\/wp-content\/uploads\/2022\/01\/3-nationwide-strike-by-Iranian-teachers-in-100-cities-min.jpg 750w, https:\/\/wncri.org\/fr\/wp-content\/uploads\/2022\/01\/3-nationwide-strike-by-Iranian-teachers-in-100-cities-min-300x150.jpg 300w, https:\/\/wncri.org\/fr\/wp-content\/uploads\/2022\/01\/3-nationwide-strike-by-Iranian-teachers-in-100-cities-min-360x180.jpg 360w\" sizes=\"(max-width: 783px) 100vw, 783px\" \/><\/noscript><\/figure><\/div>\n\n\n\n<div class=\"wp-block-image\"><figure class=\"aligncenter size-full is-resized\"><img decoding=\"async\" src=\"data:image\/gif;base64,R0lGODlhAQABAIAAAAAAAP\/\/\/yH5BAEAAAAALAAAAAABAAEAAAIBRAA7\" data-src=\"https:\/\/wncri.org\/fr\/wp-content\/uploads\/2022\/01\/2-nationwide-strike-by-Iranian-teachers-in-100-cities-min.jpg\" alt=\"Protestation des infirmi\u00e8res et du personnel soignant dans 20 villes\" class=\"wp-image-15193 lazyload\" width=\"778\" height=\"389\"\/><noscript><img decoding=\"async\" src=\"https:\/\/wncri.org\/fr\/wp-content\/uploads\/2022\/01\/2-nationwide-strike-by-Iranian-teachers-in-100-cities-min.jpg\" alt=\"Protestation des infirmi\u00e8res et du personnel soignant dans 20 villes\" class=\"wp-image-15193 lazyload\" width=\"778\" height=\"389\" srcset=\"https:\/\/wncri.org\/fr\/wp-content\/uploads\/2022\/01\/2-nationwide-strike-by-Iranian-teachers-in-100-cities-min.jpg 750w, https:\/\/wncri.org\/fr\/wp-content\/uploads\/2022\/01\/2-nationwide-strike-by-Iranian-teachers-in-100-cities-min-300x150.jpg 300w, https:\/\/wncri.org\/fr\/wp-content\/uploads\/2022\/01\/2-nationwide-strike-by-Iranian-teachers-in-100-cities-min-360x180.jpg 360w\" sizes=\"(max-width: 778px) 100vw, 778px\" \/><\/noscript><\/figure><\/div>\n\n\n\n<h3 class=\"wp-block-heading\" id=\"protestation-des-infirmieres-et-du-personnel-soignant-dans-20-villes\"><strong>Protestation des infirmi\u00e8res et du personnel soignant dans 20 villes<\/strong><\/h3>\n\n\n\n<p><a href=\"https:\/\/wncri.org\/fr\/2021\/01\/06\/infirmieres-et-le-personnel-soignant\/\" target=\"_blank\" rel=\"noreferrer noopener\">Les infirmi\u00e8res et le personnel soignant<\/a> iraniens ont organis\u00e9 des manifestations dans 20 villes du pays le samedi 29 janvier 2022. Ils ont protest\u00e9 contre <a href=\"https:\/\/wncri.org\/fr\/2020\/05\/25\/contrats-de-89-jours-exploitation-des-infirmieres-pendant-la-pandemie-en-iran\/\" target=\"_blank\" rel=\"noreferrer noopener\">les contrats de 89 jours<\/a> et leurs conditions d&#8217;emploi d\u00e9sastreuses. Le personnel de sant\u00e9 veut que ses conditions d&#8217;emploi soient modifi\u00e9es.<\/p>\n\n\n\n<p>Les infirmi\u00e8res et le personnel de sant\u00e9 iraniens ont manifest\u00e9 \u00e0 Ispahan, Machad, Chiraz, Asadabad, Pol-e Dokhtar, T\u00e9h\u00e9ran, Lasht Nesha, Rasht, Firouzabad, Rostam, Kouvar, Roudsar, Ahwaz, Boukan, Bouchehr, Kermanchah, Ouroumieh, Sanandaj, Hamedan, Yassoudj, etc.<\/p>\n\n\n\n<p>Les infirmi\u00e8res ont largement particip\u00e9 \u00e0 ces manifestations.<\/p>\n\n\n\n<div class=\"wp-block-image\"><figure class=\"aligncenter size-full is-resized\"><img decoding=\"async\" src=\"data:image\/gif;base64,R0lGODlhAQABAIAAAAAAAP\/\/\/yH5BAEAAAAALAAAAAABAAEAAAIBRAA7\" data-src=\"https:\/\/wncri.org\/fr\/wp-content\/uploads\/2022\/01\/1-Iranian-nurses-and-health-care-staff-Mashhad-min.jpg\" alt=\"Les infirmi\u00e8res et le personnel \" class=\"wp-image-15190 lazyload\" width=\"835\" height=\"418\"\/><noscript><img decoding=\"async\" src=\"https:\/\/wncri.org\/fr\/wp-content\/uploads\/2022\/01\/1-Iranian-nurses-and-health-care-staff-Mashhad-min.jpg\" alt=\"Les infirmi\u00e8res et le personnel \" class=\"wp-image-15190 lazyload\" width=\"835\" height=\"418\" srcset=\"https:\/\/wncri.org\/fr\/wp-content\/uploads\/2022\/01\/1-Iranian-nurses-and-health-care-staff-Mashhad-min.jpg 750w, https:\/\/wncri.org\/fr\/wp-content\/uploads\/2022\/01\/1-Iranian-nurses-and-health-care-staff-Mashhad-min-300x150.jpg 300w, https:\/\/wncri.org\/fr\/wp-content\/uploads\/2022\/01\/1-Iranian-nurses-and-health-care-staff-Mashhad-min-360x180.jpg 360w\" sizes=\"(max-width: 835px) 100vw, 835px\" \/><\/noscript><\/figure><\/div>\n\n\n\n<div class=\"wp-block-image\"><figure class=\"aligncenter size-full is-resized\"><img decoding=\"async\" src=\"data:image\/gif;base64,R0lGODlhAQABAIAAAAAAAP\/\/\/yH5BAEAAAAALAAAAAABAAEAAAIBRAA7\" data-src=\"https:\/\/wncri.org\/fr\/wp-content\/uploads\/2022\/01\/2-Iranian-nurses-and-health-care-staff-min.png\" alt=\"Les infirmi\u00e8res et le personnel de sant\u00e9 iraniens ont manifest\u00e9 \u00e0 Ispahan\" class=\"wp-image-15192 lazyload\" width=\"835\" height=\"476\"\/><noscript><img decoding=\"async\" src=\"https:\/\/wncri.org\/fr\/wp-content\/uploads\/2022\/01\/2-Iranian-nurses-and-health-care-staff-min.png\" alt=\"Les infirmi\u00e8res et le personnel de sant\u00e9 iraniens ont manifest\u00e9 \u00e0 Ispahan\" class=\"wp-image-15192 lazyload\" width=\"835\" height=\"476\" srcset=\"https:\/\/wncri.org\/fr\/wp-content\/uploads\/2022\/01\/2-Iranian-nurses-and-health-care-staff-min.png 699w, https:\/\/wncri.org\/fr\/wp-content\/uploads\/2022\/01\/2-Iranian-nurses-and-health-care-staff-min-300x171.png 300w\" sizes=\"(max-width: 835px) 100vw, 835px\" \/><\/noscript><\/figure><\/div>\n","protected":false},"excerpt":{"rendered":"<p>Une nouvelle gr\u00e8ve nationale des enseignants iraniens dans une centaine de ville CNRI Femmes &#8211; Une nouvelle gr\u00e8ve nationale des enseignants iraniens a eu lieu dans une centaine de villes de 29 provinces iraniennes le samedi 29 janvier 2022. Les enseignantes ont \u00e9t\u00e9 particuli\u00e8rement actives dans ces sit-in. La gr\u00e8ve nationale des enseignants iraniens fait [&hellip;]<\/p>\n","protected":false},"author":4,"featured_media":15191,"comment_status":"closed","ping_status":"closed","sticky":false,"template":"","format":"standard","meta":{"jnews-multi-image_gallery":[],"jnews_single_post":{"subtitle":"","format":"standard","video":"","gallery":"","source_name":"","source_url":"","via_name":"","via_url":"","override_template":"0","override":[{"template":"1","single_blog_custom":"","parallax":"1","fullscreen":"1","layout":"right-sidebar","sidebar":"default-sidebar","second_sidebar":"default-sidebar","sticky_sidebar":"1","share_position":"top","share_float_style":"share-monocrhome","show_share_counter":"1","show_view_counter":"1","show_featured":"1","show_post_meta":"1","show_post_author":"1","show_post_author_image":"1","show_post_date":"1","post_date_format":"default","post_date_format_custom":"Y\/m\/d","show_post_category":"1","show_post_reading_time":"0","post_reading_time_wpm":"300","show_zoom_button":"0","zoom_button_out_step":"2","zoom_button_in_step":"3","show_post_tag":"1","show_prev_next_post":"1","show_popup_post":"1","number_popup_post":"1","show_author_box":"0","show_post_related":"0","show_inline_post_related":"0"}],"override_image_size":"0","image_override":[{"single_post_thumbnail_size":"crop-500","single_post_gallery_size":"crop-500"}],"trending_post":"0","trending_post_position":"meta","trending_post_label":"Trending","sponsored_post":"0","sponsored_post_label":"Sponsored by","sponsored_post_name":"","sponsored_post_url":"","sponsored_post_logo_enable":"0","sponsored_post_logo":"","sponsored_post_desc":"","disable_ad":"0"},"jnews_primary_category":{"id":""},"jnews_social_meta":{"fb_title":"","fb_description":"","fb_image":"","twitter_title":"","twitter_description":"","twitter_image":""},"jnews_override_counter":{"override_view_counter":"0","view_counter_number":"0","override_share_counter":"0","share_counter_number":"0","override_like_counter":"0","like_counter_number":"0","override_dislike_counter":"0","dislike_counter_number":"0"},"footnotes":""},"categories":[3],"tags":[379,369],"class_list":["post-15189","post","type-post","status-publish","format-standard","has-post-thumbnail","hentry","category-infos-des-femmes","tag-enseignantes","tag-manifestations"],"_links":{"self":[{"href":"https:\/\/wncri.org\/fr\/wp-json\/wp\/v2\/posts\/15189","targetHints":{"allow":["GET"]}}],"collection":[{"href":"https:\/\/wncri.org\/fr\/wp-json\/wp\/v2\/posts"}],"about":[{"href":"https:\/\/wncri.org\/fr\/wp-json\/wp\/v2\/types\/post"}],"author":[{"embeddable":true,"href":"https:\/\/wncri.org\/fr\/wp-json\/wp\/v2\/users\/4"}],"replies":[{"embeddable":true,"href":"https:\/\/wncri.org\/fr\/wp-json\/wp\/v2\/comments?post=15189"}],"version-history":[{"count":1,"href":"https:\/\/wncri.org\/fr\/wp-json\/wp\/v2\/posts\/15189\/revisions"}],"predecessor-version":[{"id":15195,"href":"https:\/\/wncri.org\/fr\/wp-json\/wp\/v2\/posts\/15189\/revisions\/15195"}],"wp:featuredmedia":[{"embeddable":true,"href":"https:\/\/wncri.org\/fr\/wp-json\/wp\/v2\/media\/15191"}],"wp:attachment":[{"href":"https:\/\/wncri.org\/fr\/wp-json\/wp\/v2\/media?parent=15189"}],"wp:term":[{"taxonomy":"category","embeddable":true,"href":"https:\/\/wncri.org\/fr\/wp-json\/wp\/v2\/categories?post=15189"},{"taxonomy":"post_tag","embeddable":true,"href":"https:\/\/wncri.org\/fr\/wp-json\/wp\/v2\/tags?post=15189"}],"curies":[{"name":"wp","href":"https:\/\/api.w.org\/{rel}","templated":true}]}}