{"id":15182,"date":"2022-01-26T23:09:00","date_gmt":"2022-01-26T22:09:00","guid":{"rendered":"https:\/\/wncri.org\/fr\/?p=15182"},"modified":"2022-01-29T23:19:48","modified_gmt":"2022-01-29T22:19:48","slug":"lholocauste-un-crime-inoubliable-dans-lhistoire","status":"publish","type":"post","link":"https:\/\/wncri.org\/fr\/2022\/01\/26\/lholocauste-un-crime-inoubliable-dans-lhistoire\/","title":{"rendered":"L&#8217;Holocauste : un crime inoubliable dans l&#8217;histoire de l&#8217;humanit\u00e9"},"content":{"rendered":"\n<p>CNRI Femmes &#8211; Le 27 janvier marque le jour de la lib\u00e9ration d&#8217;Auschwitz, l&#8217;un des nombreux camps d&#8217;extermination en Allemagne et en Pologne, symbole de l&#8217;Holocauste. Plus d&#8217;un million d&#8217;\u00eatres humains ont \u00e9t\u00e9 victimes de l&#8217;horrible racisme du Troisi\u00e8me Reich. Et l&#8217;Holocauste, o\u00f9 plus de 6 millions de juifs europ\u00e9ens ont \u00e9t\u00e9 massacr\u00e9s, symbolise la barbarie nazie.<\/p>\n\n\n\n<div class=\"wp-block-image\"><figure class=\"aligncenter size-full is-resized\"><img decoding=\"async\" src=\"data:image\/gif;base64,R0lGODlhAQABAIAAAAAAAP\/\/\/yH5BAEAAAAALAAAAAABAAEAAAIBRAA7\" data-src=\"https:\/\/wncri.org\/fr\/wp-content\/uploads\/2022\/01\/2-The-Holocaust-1988-massacre-Khavaran.jpg\" alt=\"Le pire crime contre l'humanit\u00e9 de l'apr\u00e8s-Seconde Guerre mondiale\" class=\"wp-image-15184 lazyload\" width=\"889\" height=\"445\"\/><noscript><img decoding=\"async\" src=\"https:\/\/wncri.org\/fr\/wp-content\/uploads\/2022\/01\/2-The-Holocaust-1988-massacre-Khavaran.jpg\" alt=\"Le pire crime contre l'humanit\u00e9 de l'apr\u00e8s-Seconde Guerre mondiale\" class=\"wp-image-15184 lazyload\" width=\"889\" height=\"445\" srcset=\"https:\/\/wncri.org\/fr\/wp-content\/uploads\/2022\/01\/2-The-Holocaust-1988-massacre-Khavaran.jpg 750w, https:\/\/wncri.org\/fr\/wp-content\/uploads\/2022\/01\/2-The-Holocaust-1988-massacre-Khavaran-300x150.jpg 300w, https:\/\/wncri.org\/fr\/wp-content\/uploads\/2022\/01\/2-The-Holocaust-1988-massacre-Khavaran-360x180.jpg 360w\" sizes=\"(max-width: 889px) 100vw, 889px\" \/><\/noscript><\/figure><\/div>\n\n\n\n<h3 class=\"wp-block-heading\" id=\"le-pire-crime-contre-l-humanite-de-l-apres-seconde-guerre-mondiale\"><strong>Le pire crime contre l&#8217;humanit\u00e9 de l&#8217;apr\u00e8s-Seconde Guerre mondiale<\/strong><\/h3>\n\n\n\n<p>La lib\u00e9ration d&#8217;Auschwitz est une bonne occasion de mettre en lumi\u00e8re le pire crime contre l&#8217;humanit\u00e9 depuis la Seconde Guerre mondiale, le massacre d&#8217;au moins <a href=\"https:\/\/wncri.org\/fr\/2021\/07\/28\/celles-et-ceux-qui-ont-repondu-a-l-appel-de-la-liberte-en-iran\/\" target=\"_blank\" rel=\"noreferrer noopener\">30 000 prisonniers politiques<\/a> dans les prisons m\u00e9di\u00e9vales de l&#8217;Iran sous le r\u00e9gime des mollahs. Des hommes et des femmes ont \u00e9t\u00e9 pendus pour le &#8220;p\u00e9ch\u00e9&#8221; de penser ou de croire diff\u00e9remment. Ils s&#8217;opposaient au principe du r\u00e8gne d&#8217;un dictateur religieux r\u00e9primant la soci\u00e9t\u00e9.<\/p>\n\n\n\n<p>Les victimes r\u00eavaient de libert\u00e9 dans leur patrie. Ils et elles \u00e9taient 30 000 combattants de la libert\u00e9 passionn\u00e9s qui ont \u00e9t\u00e9 emprisonn\u00e9s, tortur\u00e9s et pendus lors du g\u00e9nocide qui a suivi la fatwa de Khomeiny. Cela repr\u00e9sente un chapitre sombre de l&#8217;histoire du peuple iranien et le plus grand crime depuis la Seconde Guerre mondiale.<\/p>\n\n\n\n<h3 class=\"wp-block-heading\" id=\"prevu-depuis-longtemps\"><strong>Pr\u00e9vu depuis longtemps<\/strong><\/h3>\n\n\n\n<p>En commettant ce crime, le r\u00e9gime a pr\u00e9tendu agir dans le cadre de la loi. Il a cr\u00e9\u00e9 les <a href=\"https:\/\/wncri.org\/fr\/2021\/08\/05\/le-massacre-de-1988-le-plus-grand-crime-contre-lhumanite-reste-impuni\/\" target=\"_blank\" rel=\"noreferrer noopener\">commissions de la mort<\/a> pour pr\u00e9tendre \u00e0 des proc\u00e8s. Cependant, 30 000 prisonniers sans d\u00e9fense ont \u00e9t\u00e9 secr\u00e8tement tu\u00e9s sans b\u00e9n\u00e9ficier d&#8217;aucune protection juridique du gouvernement ou du minist\u00e8re de la Justice.<\/p>\n\n\n\n<p>Mostafa Pour-Mohammadi, membre des commissions de la mort de 1988, avait affirm\u00e9 le 29 juillet 2019 : \u00ab&nbsp;Nous sommes fiers d&#8217;avoir ex\u00e9cut\u00e9 les ordres de Dieu concernant les Moudjahidine du peuple d&#8217;Iran [OMPI]. Aujourd&#8217;hui, j&#8217;ai la conscience tranquille.&nbsp;\u00bb<\/p>\n\n\n\n<p>Moussavi-Ardebili, chef du pouvoir judiciaire de Khomeiny en 1981-1989, avait reconnu le 5 ao\u00fbt 1988 que \u00ab&nbsp;le pouvoir judiciaire subit de nombreuses pressions pour savoir pourquoi nous poursuivons m\u00eame les membres de l&#8217;OMPI ou pourquoi nous avons emprisonn\u00e9 certains d&#8217;entre eux ! On nous demande pourquoi ils ne sont pas tous ex\u00e9cut\u00e9s !&#8221;.<\/p>\n\n\n\n<p>Ce mollah criminel avait d\u00e9clar\u00e9 le 6 ao\u00fbt 1988 : \u00ab&nbsp;Les Moudjahidine du peuple d&#8217;Iran doivent \u00eatre ex\u00e9cut\u00e9s jusqu\u2019au dernier. Il n&#8217;y aura plus de proc\u00e8s ni de traitement des dossiers des condamn\u00e9s.&nbsp;\u00bb<\/p>\n\n\n\n<div class=\"wp-block-image\"><figure class=\"aligncenter size-full is-resized\"><img decoding=\"async\" src=\"data:image\/gif;base64,R0lGODlhAQABAIAAAAAAAP\/\/\/yH5BAEAAAAALAAAAAABAAEAAAIBRAA7\" data-src=\"https:\/\/wncri.org\/fr\/wp-content\/uploads\/2022\/01\/3-The-Holocaust-1988-massacre-Khavaran.jpg\" alt=\"Violer les filles avant l'ex\u00e9cution et tuer les enfants emprisonn\u00e9s\" class=\"wp-image-15185 lazyload\" width=\"899\" height=\"450\"\/><noscript><img decoding=\"async\" src=\"https:\/\/wncri.org\/fr\/wp-content\/uploads\/2022\/01\/3-The-Holocaust-1988-massacre-Khavaran.jpg\" alt=\"Violer les filles avant l'ex\u00e9cution et tuer les enfants emprisonn\u00e9s\" class=\"wp-image-15185 lazyload\" width=\"899\" height=\"450\" srcset=\"https:\/\/wncri.org\/fr\/wp-content\/uploads\/2022\/01\/3-The-Holocaust-1988-massacre-Khavaran.jpg 750w, https:\/\/wncri.org\/fr\/wp-content\/uploads\/2022\/01\/3-The-Holocaust-1988-massacre-Khavaran-300x150.jpg 300w, https:\/\/wncri.org\/fr\/wp-content\/uploads\/2022\/01\/3-The-Holocaust-1988-massacre-Khavaran-360x180.jpg 360w\" sizes=\"(max-width: 899px) 100vw, 899px\" \/><\/noscript><\/figure><\/div>\n\n\n\n<h3 class=\"wp-block-heading\" id=\"violer-les-filles-avant-l-execution-et-tuer-les-enfants-emprisonnes\"><strong>Violer les filles avant l&#8217;ex\u00e9cution et tuer les enfants emprisonn\u00e9s<\/strong><\/h3>\n\n\n\n<p>Parmi les personnes ex\u00e9cut\u00e9es figurent 477 enfants et adolescents de moins de 18 ans, dont un enfant de 11-12 ans.<\/p>\n\n\n\n<p>Le viol de femmes et de jeunes filles dans les prisons de Khomeiny est un autre aspect des crimes de 1988.<\/p>\n\n\n\n<p>Nasrin Shoja\u2019i, 19 ans, et Azar Rousta\u2019i, 20 ans, ont \u00e9t\u00e9 viol\u00e9es avant d&#8217;\u00eatre ex\u00e9cut\u00e9es.<\/p>\n\n\n\n<p>Maliheh Aqvami, 26 ans, a \u00e9t\u00e9 ex\u00e9cut\u00e9e apr\u00e8s avoir \u00e9t\u00e9 viol\u00e9e. Ses bourreaux avaient sadiquement offert \u00e0 sa famille une bo\u00eete de bonbons comme cadeau de mariage.<\/p>\n\n\n\n<p>Une m\u00e8re qui soutient l&#8217;OMPI a \u00e9crit : &#8220;J&#8217;ai vu le corps de la martyre de l&#8217;OMPI Fatemeh Seyyedi \u00e0 la morgue. Elle avait \u00e9crit sur ses pieds : &#8220;Nous \u00e9tions 50, et ils nous ont toutes viol\u00e9es avant de nous ex\u00e9cuter&#8221;.<\/p>\n\n\n\n<p>Le 15 ao\u00fbt 1988, un membre d\u2019une commission de la mort a d\u00e9clar\u00e9 \u00e0 l&#8217;ayatollah Montazeri : &#8220;Nous avons tenu compte des personnes de moins de 18 ans, alors que la plupart des prisonniers pendus \u00e9taient des lyc\u00e9ens. Ce qui signifie qu&#8217;ils n&#8217;avaient pas plus de 15, 16 ou 17 ans au moment de leur arrestation.&#8221;<\/p>\n\n\n\n<p>Ce massacre sanglant date de 33 ans, mais le monde ne conna\u00eet toujours pas l&#8217;ampleur de ce crime. Ceux qui gouvernent en Iran continuent de tuer \u00e0 une \u00e9chelle encore plus grande en toute impunit\u00e9.<\/p>\n\n\n\n<h3 class=\"wp-block-heading\" id=\"le-massacre-de-1988-un-crime-distinctif-dans-l-histoire\"><strong>Le massacre de 1988 : un crime distinctif dans l&#8217;histoire<\/strong><\/h3>\n\n\n\n<p><a href=\"https:\/\/wncri.org\/fr\/2021\/01\/26\/iranien-des-comptes-sur-le-massacre-de-1988\/\" target=\"_blank\" rel=\"noreferrer noopener\">Le crime contre l&#8217;humanit\u00e9 de 1988<\/a> se distingue des autres crimes \u00e0 grande \u00e9chelle par le fait que ses auteurs continuent de perp\u00e9trer leurs crimes apr\u00e8s plus de trois d\u00e9cennies.<\/p>\n\n\n\n<p>Ceux qui occupent les plus hautes fonctions au sein du r\u00e9gime n&#8217;ont toujours pas \u00e9t\u00e9 traduits en justice.<\/p>\n\n\n\n<p>Ebrahim Ra\u00efssi, alors procureur adjoint et l&#8217;un des principaux membres des commissions de la mort de 1988, a \u00e9t\u00e9 nomm\u00e9 pr\u00e9sident par Khamenei. Ra\u00efssi est au pouvoir pour faire avancer les objectifs funestes de Khamenei. Il doit \u00eatre <a href=\"https:\/\/wncri.org\/fr\/2020\/12\/09\/rendre-des-comptes-pour-le-massacre-de-1988\/\" target=\"_blank\" rel=\"noreferrer noopener\">tenu pour responsable<\/a> de ses crimes dans les ann\u00e9es 1980, en particulier durant l&#8217;\u00e9t\u00e9 sanglant de 1988.<\/p>\n\n\n\n<div class=\"wp-block-image\"><figure class=\"aligncenter size-full is-resized\"><img decoding=\"async\" src=\"data:image\/gif;base64,R0lGODlhAQABAIAAAAAAAP\/\/\/yH5BAEAAAAALAAAAAABAAEAAAIBRAA7\" data-src=\"https:\/\/wncri.org\/fr\/wp-content\/uploads\/2022\/01\/4-The-Holocaust-November-2019.jpg\" alt=\"Novembre 2019 : un crime odieux du 21e si\u00e8cle \" class=\"wp-image-15186 lazyload\" width=\"890\" height=\"445\"\/><noscript><img decoding=\"async\" src=\"https:\/\/wncri.org\/fr\/wp-content\/uploads\/2022\/01\/4-The-Holocaust-November-2019.jpg\" alt=\"Novembre 2019 : un crime odieux du 21e si\u00e8cle \" class=\"wp-image-15186 lazyload\" width=\"890\" height=\"445\" srcset=\"https:\/\/wncri.org\/fr\/wp-content\/uploads\/2022\/01\/4-The-Holocaust-November-2019.jpg 750w, https:\/\/wncri.org\/fr\/wp-content\/uploads\/2022\/01\/4-The-Holocaust-November-2019-300x150.jpg 300w, https:\/\/wncri.org\/fr\/wp-content\/uploads\/2022\/01\/4-The-Holocaust-November-2019-360x180.jpg 360w\" sizes=\"(max-width: 890px) 100vw, 890px\" \/><\/noscript><\/figure><\/div>\n\n\n\n<h3 class=\"wp-block-heading\" id=\"novembre-2019-un-crime-odieux-du-21e-siecle\"><strong>Novembre 2019 : un crime odieux du 21e si\u00e8cle<\/strong><\/h3>\n\n\n\n<p>En novembre 2019, les protestations populaires contre le prix de l&#8217;essence en Iran ont balay\u00e9 200 villes et 29 provinces. Khamenei a r\u00e9pondu aux protestations avec des mitrailleuses lourdes, des h\u00e9licopt\u00e8res et des chars. Il a coup\u00e9 tout acc\u00e8s \u00e0 Internet, cr\u00e9ant ainsi le plus grand meurtre de masse de manifestations populaires dans le monde contemporain. Sur ordre d&#8217;Ali Khamenei, les forces r\u00e9pressives ont tir\u00e9 sur les manifestants, visant leur t\u00eate et leur c\u0153ur.<\/p>\n\n\n\n<p>Lors du <a href=\"https:\/\/wncri.org\/fr\/2021\/05\/23\/meres-des-martyrs-de-novembre-2019\/\" target=\"_blank\" rel=\"noreferrer noopener\">soul\u00e8vement de novembre 2019<\/a>, au moins 1500 manifestants sont morts pour la libert\u00e9. Parmi eux, <a href=\"https:\/\/wncri.org\/fr\/2020\/09\/21\/liste-de-femmes-tuees\/\" target=\"_blank\" rel=\"noreferrer noopener\">400 \u00e9taient des femmes<\/a> et des filles, \u00e2g\u00e9es de 14 \u00e0 60 ans.<\/p>\n\n\n\n<p><a href=\"https:\/\/wncri.org\/fr\/2020\/11\/02\/shabnam-dayani\/\" target=\"_blank\" rel=\"noreferrer noopener\">Shabnam Dayani<\/a> a \u00e9t\u00e9 \u00e9cras\u00e9e sous les roues d&#8217;un v\u00e9hicule de la police. <a href=\"https:\/\/wncri.org\/fr\/2020\/11\/14\/halimeh-samiri\/\" target=\"_blank\" rel=\"noreferrer noopener\">Halimeh Samiri<\/a> a \u00e9t\u00e9 tortur\u00e9e \u00e0 mort et son corps abandonn\u00e9 dans la rue. Hosna Bameri, une enfant de trois ans, a \u00e9t\u00e9 tu\u00e9e par balle dans les bras de sa m\u00e8re.<\/p>\n\n\n\n<p><a href=\"https:\/\/wncri.org\/fr\/2020\/11\/04\/mina-sheikhi\/\" target=\"_blank\" rel=\"noreferrer noopener\">Mina Sheikhi<\/a> a \u00e9t\u00e9 tu\u00e9e par balle alors qu&#8217;elle se trouvait sur la terrasse de sa maison.<\/p>\n\n\n\n<p><a href=\"https:\/\/wncri.org\/fr\/2020\/11\/12\/golnar-samsami\/\">Golnar Samsami<\/a> a \u00e9t\u00e9 abattue dans la rue par des tireurs d&#8217;\u00e9lite.<\/p>\n\n\n\n<p><a href=\"https:\/\/wncri.org\/fr\/2020\/11\/10\/azar-mirzapour-zahabi\/\" target=\"_blank\" rel=\"noreferrer noopener\">Azar Mirzapour<\/a>, infirmi\u00e8re et m\u00e8re de quatre enfants, a \u00e9t\u00e9 tu\u00e9e en rentrant chez elle.<\/p>\n\n\n\n<p><a href=\"https:\/\/wncri.org\/fr\/2020\/11\/07\/nikta-esfandani\/\" target=\"_blank\" rel=\"noreferrer noopener\">Nikta Esfandani,<\/a> 14 ans, a re\u00e7u une balle dans la gorge tir\u00e9e par les forces de s\u00e9curit\u00e9 dans la rue Sattar-Khan \u00e0 T\u00e9h\u00e9ran.<\/p>\n\n\n\n<p>Quelque 12 000 manifestants ont \u00e9t\u00e9 arr\u00eat\u00e9s et brutalis\u00e9s par les forces r\u00e9pressives.<\/p>\n\n\n\n<div class=\"wp-block-image\"><figure class=\"aligncenter size-full is-resized\"><img decoding=\"async\" src=\"data:image\/gif;base64,R0lGODlhAQABAIAAAAAAAP\/\/\/yH5BAEAAAAALAAAAAABAAEAAAIBRAA7\" data-src=\"https:\/\/wncri.org\/fr\/wp-content\/uploads\/2022\/01\/5-The-Holocaust-downing-of-Ukrainian-airliner.jpg\" alt=\"Des missiles tir\u00e9s sur un avion de ligne ukrainien \" class=\"wp-image-15187 lazyload\" width=\"900\" height=\"450\"\/><noscript><img decoding=\"async\" src=\"https:\/\/wncri.org\/fr\/wp-content\/uploads\/2022\/01\/5-The-Holocaust-downing-of-Ukrainian-airliner.jpg\" alt=\"Des missiles tir\u00e9s sur un avion de ligne ukrainien \" class=\"wp-image-15187 lazyload\" width=\"900\" height=\"450\" srcset=\"https:\/\/wncri.org\/fr\/wp-content\/uploads\/2022\/01\/5-The-Holocaust-downing-of-Ukrainian-airliner.jpg 750w, https:\/\/wncri.org\/fr\/wp-content\/uploads\/2022\/01\/5-The-Holocaust-downing-of-Ukrainian-airliner-300x150.jpg 300w, https:\/\/wncri.org\/fr\/wp-content\/uploads\/2022\/01\/5-The-Holocaust-downing-of-Ukrainian-airliner-360x180.jpg 360w\" sizes=\"(max-width: 900px) 100vw, 900px\" \/><\/noscript><\/figure><\/div>\n\n\n\n<h3 class=\"wp-block-heading\" id=\"des-missiles-tires-sur-un-avion-de-ligne-ukrainien\"><strong>Des missiles tir\u00e9s sur un avion de ligne ukrainien<\/strong><\/h3>\n\n\n\n<p>Le dernier crime en date du r\u00e9gime cl\u00e9rical est le <a href=\"https:\/\/wncri.org\/fr\/2022\/01\/07\/destruction-de-lavion-de-ligne-ukrainien\/\" target=\"_blank\" rel=\"noreferrer noopener\">tir de deux missiles<\/a> des pasdarans sur un avion de ligne ukrainien.<\/p>\n\n\n\n<p>Les missiles ont tu\u00e9 les <a href=\"https:\/\/wncri.org\/fr\/2020\/01\/30\/des-femmes-delite-tuees-dans-le-crash-de-lavion-ukrainien-abattu-en-iran\/\" target=\"_blank\" rel=\"noreferrer noopener\">176 passagers et membres d&#8217;\u00e9quipage<\/a>, dont <a href=\"https:\/\/wncri.org\/fr\/2020\/01\/10\/81-femmes-et-15-enfants-tues-dans-le-crash-de-lavion-ukrainien-en-iran\/\" target=\"_blank\" rel=\"noreferrer noopener\">81 femmes et 15 enfants<\/a>. Parmi les victimes, 28 femmes \u00e9taient titulaires de dipl\u00f4mes sup\u00e9rieurs. La plupart \u00e9taient dipl\u00f4m\u00e9es de l&#8217;universit\u00e9 de T\u00e9h\u00e9ran, de l&#8217;universit\u00e9 de technologie de Sharif et de l&#8217;universit\u00e9 de science et de technologie d&#8217;Iran.<\/p>\n\n\n\n<p>Tant que la dictature religieuse sera au pouvoir, le livre des atrocit\u00e9s contre l&#8217;humanit\u00e9 continuera de s&#8217;allonger. La nature de ce r\u00e9gime est de tuer et de r\u00e9primer pour survivre.<\/p>\n\n\n\n<h3 class=\"wp-block-heading\" id=\"le-proces-du-bourreau-hamid-noury-un-pas-vers-la-justice\"><strong>Le proc\u00e8s du bourreau Hamid Noury : un pas vers la justice<\/strong><\/h3>\n\n\n\n<p>Dans la lign\u00e9e de la campagne &#8220;Appel pour la justice&#8221; pour le massacre de 1988, des mesures concr\u00e8tes sont prises. Un tribunal su\u00e9dois a jug\u00e9 <a href=\"https:\/\/wncri.org\/fr\/2021\/08\/19\/hamid-noury-auteur-du-massacre-de-1988-juge-pour-crimes-contre\/\" target=\"_blank\" rel=\"noreferrer noopener\">Hamid Noury<\/a>, 60 ans, procureur adjoint \u00e0 la prison de Gohardacht, pour son r\u00f4le dans les ex\u00e9cutions de masse de 1988.<\/p>\n\n\n\n<p>Le proc\u00e8s a d\u00e9but\u00e9 en ao\u00fbt 2021 \u00e0 Stockholm. Noury est accus\u00e9 d&#8217;avoir \u00e9t\u00e9 impliqu\u00e9 dans les ex\u00e9cutions de masse de 1988. Il est \u00e9galement accus\u00e9 de crimes contre l&#8217;humanit\u00e9 et de crimes de guerre pour la p\u00e9riode allant du 30 juillet au 16 ao\u00fbt 1988.<\/p>\n\n\n\n<p>Noury a \u00e9t\u00e9 arr\u00eat\u00e9 \u00e0 son arriv\u00e9e en Su\u00e8de en novembre 2019, alors qu&#8217;il se rendait chez des proches. Noury reste maintenant en d\u00e9tention provisoire. Sept t\u00e9moins dans cette affaire sont membres de l&#8217;Organisation des Moudjahidine du peuple d&#8217;Iran. L&#8217;OMPI est une organisation centrale au sein du Conseil national de la R\u00e9sistance iranienne (CNRI). Ses membres s&#8217;opposent au r\u00e9gime cl\u00e9rical depuis Achraf-3, une ville situ\u00e9e pr\u00e8s de Durres en Albanie.<\/p>\n\n\n\n<p>Bien que ce proc\u00e8s soit toujours en cours, il change la donne. La R\u00e9sistance iranienne a pu \u00e9craser les complots du r\u00e9gime cl\u00e9rical et de ses mercenaires en s&#8217;impliquant dans l&#8217;affaire et en s&#8217;assurant que les t\u00e9moignages des plaignants et des t\u00e9moins des crimes de 1988 soient entendus.<\/p>\n\n\n\n<p>Le quotidien arabe Al-Seyassah a couvert le proc\u00e8s de Noury et a interview\u00e9 trois anciens prisonniers politiques et plaignants qui ont surv\u00e9cu au massacre de 1988.<\/p>\n\n\n\n<p>Dans un article du 1er d\u00e9cembre 2021, Al-Seyassah \u00e9crit : \u00ab&nbsp;Le massacre de 1988 a co\u00fbt\u00e9 la vie \u00e0 des milliers de prisonniers politiques, dont la plupart \u00e9taient membres de l&#8217;OMPI. Le r\u00e9gime cl\u00e9rical en Iran s&#8217;inqui\u00e8te des cons\u00e9quences juridiques. Le r\u00e9gime n&#8217;\u00e9tait pas inquiet dans cette affaire jusqu&#8217;\u00e0 ce qu&#8217;il apprenne que des poursuites judiciaires concernant le massacre avaient \u00e9t\u00e9 engag\u00e9es.&nbsp;\u00bb<\/p>\n\n\n\n<p>Les craintes du r\u00e9gime sont fond\u00e9es sur plusieurs facteurs : Hamid Noury, un ancien fonctionnaire iranien, a \u00e9t\u00e9 arr\u00eat\u00e9 en Su\u00e8de afin d\u2019\u00eatre jug\u00e9 pour son r\u00f4le dans le massacre. En outre, le tribunal s&#8217;est <a href=\"https:\/\/wncri.org\/fr\/2021\/11\/10\/le-proces-dhamid-noury-se-deplace-de-suede-en-albanie\/\" target=\"_blank\" rel=\"noreferrer noopener\">d\u00e9plac\u00e9 en Albanie<\/a> pour entendre les t\u00e9moignages de personnes ayant surv\u00e9cu au massacre. Il semble que le paysage juridique soit en train de changer, et les responsables du r\u00e9gime doivent se pr\u00e9parer \u00e0 \u00eatre poursuivis.\u00a0<\/p>\n\n\n\n<p>Ce qui s&#8217;est pass\u00e9 dans les prisons iraniennes dans les ann\u00e9es 1980, en particulier en 1988, est un g\u00e9nocide et un crime contre l&#8217;humanit\u00e9. Ali Khamenei, le guide supr\u00eame du r\u00e9gime,<a href=\"https:\/\/wncri.org\/fr\/2021\/08\/17\/ebrahim-raissi-architecte-du-massacre-des-prisonniers\/\" target=\"_blank\" rel=\"noreferrer noopener\"> Ebrahim<\/a> <a href=\"https:\/\/wncri.org\/fr\/2021\/08\/17\/ebrahim-raissi-architecte-du-massacre-des-prisonniers\/\" target=\"_blank\" rel=\"noreferrer noopener\">Ra\u00efssi<\/a>, son pr\u00e9sident, et Gholam-Hossein <a href=\"https:\/\/wncri.org\/fr\/2021\/08\/03\/le-juge-le-plus-misogyne-du-monde-a-la-tete-du-systeme-judiciaire-iranien\/\" target=\"_blank\" rel=\"noreferrer noopener\">Mohseni Ejei<\/a>, l&#8217;actuel chef du pouvoir judiciaire, sont les principaux responsables de ces crimes. Ils doivent \u00eatre traduits en justice.<\/p>\n\n\n\n<p>La R\u00e9sistance du peuple iranien poursuivra sa campagne <a href=\"https:\/\/www.maryam-rajavi.com\/fr\/le-bourreau-raissi-ne-represente-pas-le-peuple-diran\/\" target=\"_blank\" rel=\"noreferrer noopener\">d&#8217;appel \u00e0 la justic<\/a>e jusqu&#8217;\u00e0 ce que les cerveaux et les auteurs de ce grand crime contre l&#8217;humanit\u00e9 soient jug\u00e9s.<\/p>\n","protected":false},"excerpt":{"rendered":"<p>CNRI Femmes &#8211; Le 27 janvier marque le jour de la lib\u00e9ration d&#8217;Auschwitz, l&#8217;un des nombreux camps d&#8217;extermination en Allemagne et en Pologne, symbole de l&#8217;Holocauste. Plus d&#8217;un million d&#8217;\u00eatres humains ont \u00e9t\u00e9 victimes de l&#8217;horrible racisme du Troisi\u00e8me Reich. Et l&#8217;Holocauste, o\u00f9 plus de 6 millions de juifs europ\u00e9ens ont \u00e9t\u00e9 massacr\u00e9s, symbolise la [&hellip;]<\/p>\n","protected":false},"author":4,"featured_media":15183,"comment_status":"closed","ping_status":"closed","sticky":false,"template":"","format":"standard","meta":{"jnews-multi-image_gallery":[],"jnews_single_post":{"subtitle":"","format":"standard","video":"","gallery":"","source_name":"","source_url":"","via_name":"","via_url":"","override_template":"0","override":[{"template":"1","single_blog_custom":"","parallax":"1","fullscreen":"1","layout":"right-sidebar","sidebar":"default-sidebar","second_sidebar":"default-sidebar","sticky_sidebar":"1","share_position":"top","share_float_style":"share-monocrhome","show_share_counter":"1","show_view_counter":"1","show_featured":"1","show_post_meta":"1","show_post_author":"1","show_post_author_image":"1","show_post_date":"1","post_date_format":"default","post_date_format_custom":"Y\/m\/d","show_post_category":"1","show_post_reading_time":"0","post_reading_time_wpm":"300","show_zoom_button":"0","zoom_button_out_step":"2","zoom_button_in_step":"3","show_post_tag":"1","show_prev_next_post":"1","show_popup_post":"1","number_popup_post":"1","show_author_box":"0","show_post_related":"0","show_inline_post_related":"0"}],"override_image_size":"0","image_override":[{"single_post_thumbnail_size":"crop-500","single_post_gallery_size":"crop-500"}],"trending_post":"0","trending_post_position":"meta","trending_post_label":"Trending","sponsored_post":"0","sponsored_post_label":"Sponsored by","sponsored_post_name":"","sponsored_post_url":"","sponsored_post_logo_enable":"0","sponsored_post_logo":"","sponsored_post_desc":"","disable_ad":"0"},"jnews_primary_category":{"id":""},"jnews_social_meta":{"fb_title":"","fb_description":"","fb_image":"","twitter_title":"","twitter_description":"","twitter_image":""},"jnews_override_counter":{"override_view_counter":"0","view_counter_number":"0","override_share_counter":"0","share_counter_number":"0","override_like_counter":"0","like_counter_number":"0","override_dislike_counter":"0","dislike_counter_number":"0"},"footnotes":""},"categories":[8],"tags":[367,370,376],"class_list":["post-15182","post","type-post","status-publish","format-standard","has-post-thumbnail","hentry","category-articles","tag-execution","tag-prisonnieres","tag-violence-contre-les-femmes"],"_links":{"self":[{"href":"https:\/\/wncri.org\/fr\/wp-json\/wp\/v2\/posts\/15182","targetHints":{"allow":["GET"]}}],"collection":[{"href":"https:\/\/wncri.org\/fr\/wp-json\/wp\/v2\/posts"}],"about":[{"href":"https:\/\/wncri.org\/fr\/wp-json\/wp\/v2\/types\/post"}],"author":[{"embeddable":true,"href":"https:\/\/wncri.org\/fr\/wp-json\/wp\/v2\/users\/4"}],"replies":[{"embeddable":true,"href":"https:\/\/wncri.org\/fr\/wp-json\/wp\/v2\/comments?post=15182"}],"version-history":[{"count":1,"href":"https:\/\/wncri.org\/fr\/wp-json\/wp\/v2\/posts\/15182\/revisions"}],"predecessor-version":[{"id":15188,"href":"https:\/\/wncri.org\/fr\/wp-json\/wp\/v2\/posts\/15182\/revisions\/15188"}],"wp:featuredmedia":[{"embeddable":true,"href":"https:\/\/wncri.org\/fr\/wp-json\/wp\/v2\/media\/15183"}],"wp:attachment":[{"href":"https:\/\/wncri.org\/fr\/wp-json\/wp\/v2\/media?parent=15182"}],"wp:term":[{"taxonomy":"category","embeddable":true,"href":"https:\/\/wncri.org\/fr\/wp-json\/wp\/v2\/categories?post=15182"},{"taxonomy":"post_tag","embeddable":true,"href":"https:\/\/wncri.org\/fr\/wp-json\/wp\/v2\/tags?post=15182"}],"curies":[{"name":"wp","href":"https:\/\/api.w.org\/{rel}","templated":true}]}}