{"id":15131,"date":"2022-01-24T20:08:00","date_gmt":"2022-01-24T19:08:00","guid":{"rendered":"https:\/\/wncri.org\/fr\/?p=15131"},"modified":"2025-07-12T20:34:44","modified_gmt":"2025-07-12T18:34:44","slug":"azadeh-alemi-en-prison-en-iran","status":"publish","type":"post","link":"https:\/\/wncri.org\/fr\/2022\/01\/24\/azadeh-alemi-en-prison-en-iran\/","title":{"rendered":"Des souvenirs d\u2019enfance en prison en Iran"},"content":{"rendered":"\n<p>CNRI Femmes &#8211; Azadeh Alemi \u00e9tait en prison lorsqu&#8217;elle \u00e9tait enfant. Elle a accompagn\u00e9 sa m\u00e8re, prisonni\u00e8re politique. Elle s&#8217;est exprim\u00e9e lors d&#8217;une <a href=\"https:\/\/www.maryam-rajavi.com\/fr\/activites\/\" target=\"_blank\" rel=\"noreferrer noopener\">conf\u00e9rence<\/a> le 17 janvier 2022, \u00e0 laquelle participaient des dignitaires internationaux, notamment Guy Verhofstadt, ancien Premier ministre belge, <a href=\"https:\/\/www.ncr-iran.org\/fr\/communiques-cnri\/iran-resistance\/conference-a-auvers-sur-oise-nord-de-paris-le-regime-clerical-condamne-pour-genocide-terrorisme-et-menace-nucleaire\/\" target=\"_blank\" rel=\"noreferrer noopener\">Fredrick Reinfeldt<\/a>, ancien Premier ministre su\u00e9dois, John Bercow, ancien pr\u00e9sident de la Chambre des communes britannique, et Franco Frattini, ancien ministre des Affaires \u00e9trang\u00e8res italien. <a href=\"https:\/\/www.ncr-iran.org\/fr\/publications\/rapports-speciaux\/live-conference-report-auvers-sur-oise-france-hold-irans-regime-accountable-for-genocide-terrorism-nuclear-defiance\/\" target=\"_blank\" rel=\"noreferrer noopener\">La conf\u00e9rence s\u2019est tenue \u00e0 Auvers-sur-Oise<\/a>, organis\u00e9e par le Conseil national de la R\u00e9sistance iranienne (CNRI), avec Mme Maryam Radjavi, sa pr\u00e9sidente \u00e9lue, comme oratrice principale.<\/p>\n\n\n\n<p>Voici le texte de l\u2019intervention d\u2019Azadeh Alemi:<\/p>\n\n\n\n<p>Il y a 40 ans<a href=\"https:\/\/wncri.org\/2021\/02\/06\/ashraf-rajavi-2\/\" target=\"_blank\" rel=\"noreferrer noopener\">, Ashraf Radjavi<\/a> a d\u00e9clar\u00e9 : &#8220;Le monde n&#8217;a pas su ce qui est arriv\u00e9 \u00e0 notre nation.&#8221;<\/p>\n\n\n\n<p>Permettez-moi d&#8217;ouvrir une fen\u00eatre du petit monde de mes souvenirs sur ce qu&#8217;Ashraf a dit. Je veux vous emmener dans une cellule d\u2019isolement de la redoutable <a href=\"https:\/\/wncri.org\/fr\/2021\/12\/10\/les-conditions-des-femmes-prisons\/\" target=\"_blank\" rel=\"noreferrer noopener\">prison d&#8217;Evin<\/a>e. Dans le couloir sombre de ces ge\u00f4les sanglantes.<\/p>\n\n\n\n<p>C&#8217;est \u00e9trange quand la libert\u00e9 se trouve de l&#8217;autre c\u00f4t\u00e9 des barreaux.<\/p>\n\n\n\n<p>Je n&#8217;avais que trois ans lorsque j&#8217;ai fait connaissance avec les barreaux de fer. J&#8217;\u00e9tais avec ma grand-m\u00e8re. Elle n&#8217;avait pas le choix. Quand elle a \u00e9t\u00e9 arr\u00eat\u00e9e, elle a dit aux gardes de m&#8217;emmener aussi. Ses fils des <a href=\"https:\/\/english.mojahedin.org\/a-primer-on-the-history-of-the-peoples-mojahedin-organization-of-iran\/\" target=\"_blank\" rel=\"noreferrer noopener\">Moudjahidine du peuple d&#8217;Iran<\/a> (OMPI) venaient d&#8217;\u00eatre ex\u00e9cut\u00e9s, \u00e0 sept jours d&#8217;intervalle seulement. Ils avaient 21 et 25 ans. Sa belle-fille, enceinte de cinq mois, avait \u00e9galement \u00e9t\u00e9 fusill\u00e9e. Mon grand-p\u00e8re et mon p\u00e8re avaient fui en exil, et ma m\u00e8re \u00e9tait en prison.<\/p>\n\n\n\n<p>La fois suivante, j&#8217;avais six ans.<\/p>\n\n\n\n<p>Cela faisait \u00e0 peine quelques heures que j&#8217;avais \u00e9t\u00e9 arr\u00eat\u00e9e avec ma m\u00e8re.<\/p>\n\n\n\n<p>Maintenant, je traverse un couloir \u00e9pouvantable. \u00c0 ma droite, des hommes sont assis par terre, la t\u00eate sur les genoux, les yeux band\u00e9s.<\/p>\n\n\n\n<p>Ma m\u00e8re a aussi les yeux band\u00e9s et je tiens fermement sa main pour la guider, \u00e0 pas lents et lourds. Je ne quitte pas des yeux les deux agents en civil qui marchent devant nous.<\/p>\n\n\n\n<p>Nous entrons dans une pi\u00e8ce, \u00e9troite et longue. Un agent s\u00e9pare ma main de ma m\u00e8re et m&#8217;emm\u00e8ne au fond de la pi\u00e8ce, mais je ne quitte toujours pas ma m\u00e8re des yeux.<\/p>\n\n\n\n<p>Quelqu&#8217;un est assis \u00e0 un bureau. Il me demande : &#8220;Tu aimes l&#8217;imam Khomeiny ? Et ton p\u00e8re ? Et ta m\u00e8re ? Alors, pourquoi es-tu ici ?&#8221;<\/p>\n\n\n\n<p>Je r\u00e9ponds en marmonnant, mais toute mon attention se porte sur ma m\u00e8re.<\/p>\n\n\n\n<p>Elle se tient pr\u00e8s d&#8217;une table, au tout d\u00e9but de la pi\u00e8ce. L&#8217;interrogateur qui se tient \u00e0 c\u00f4t\u00e9 d&#8217;elle la frappe soudain plusieurs fois \u00e0 la t\u00eate avec la pointe d&#8217;un stylo et crie : &#8220;L&#8217;encre de la signature de ta remise en libert\u00e9 n&#8217;a pas encore s\u00e9ch\u00e9, que tu es d\u00e9j\u00e0 de retour ?&#8221;. Mon c\u0153ur se brise. Mais ma m\u00e8re est calme. Elle a \u00e9t\u00e9 lib\u00e9r\u00e9e il y a un mois au bout de quatre ans de d\u00e9tention et se tient \u00e0 nouveau devant l&#8217;interrogateur.<\/p>\n\n\n\n<div class=\"wp-block-image\"><figure class=\"aligncenter size-full\"><img decoding=\"async\" src=\"data:image\/gif;base64,R0lGODlhAQABAIAAAAAAAP\/\/\/yH5BAEAAAAALAAAAAABAAEAAAIBRAA7\" data-src=\"https:\/\/wncri.org\/fr\/wp-content\/uploads\/2022\/01\/Conference-at-Auvers-sur-Oise-January-17-2022.jpg\" alt=\"Des souvenirs d\u2019enfance en prison en Iran\" class=\"wp-image-15133 lazyload\"\/><noscript><img decoding=\"async\" width=\"799\" height=\"449\" src=\"https:\/\/wncri.org\/fr\/wp-content\/uploads\/2022\/01\/Conference-at-Auvers-sur-Oise-January-17-2022.jpg\" alt=\"Des souvenirs d\u2019enfance en prison en Iran\" class=\"wp-image-15133 lazyload\" srcset=\"https:\/\/wncri.org\/fr\/wp-content\/uploads\/2022\/01\/Conference-at-Auvers-sur-Oise-January-17-2022.jpg 799w, https:\/\/wncri.org\/fr\/wp-content\/uploads\/2022\/01\/Conference-at-Auvers-sur-Oise-January-17-2022-300x169.jpg 300w, https:\/\/wncri.org\/fr\/wp-content\/uploads\/2022\/01\/Conference-at-Auvers-sur-Oise-January-17-2022-768x432.jpg 768w, https:\/\/wncri.org\/fr\/wp-content\/uploads\/2022\/01\/Conference-at-Auvers-sur-Oise-January-17-2022-750x421.jpg 750w\" sizes=\"(max-width: 799px) 100vw, 799px\" \/><\/noscript><figcaption>La conf\u00e9rence le 17 janvier 2022  \u00e0 Auvers-sur-Oise<\/figcaption><\/figure><\/div>\n\n\n\n<h3 class=\"wp-block-heading\"><strong>Azadeh Alemi parle de ses journ\u00e9es d\u2019enfant en prison<\/strong><\/h3>\n\n\n\n<p>Cette fois, nous sommes dans un autre couloir, et je tiens toujours fermement sa main. Ma vue glisse sur le bandeau qu&#8217;elle a sur les yeux et revient sur le chemin devant nous.<\/p>\n\n\n\n<p>Le garde qui nous accompagne ouvre une porte. C&#8217;est une petite pi\u00e8ce, tr\u00e8s petite, vide avec des murs en b\u00e9ton. Nous sommes seules avec ma m\u00e8re. Il y a un peu de lumi\u00e8re venant d&#8217;une petite fen\u00eatre au-dessus. Dans un coin, deux fines couvertures sont pli\u00e9es sur le sol. Ma m\u00e8re \u00e9tend l&#8217;une des couvertures. Elle a enlev\u00e9 son bandeau. Nous nous appuyons sur le mur et nous nous serrons l&#8217;une contre l&#8217;autre. Il n&#8217;y a plus personne avec nous. Nous sommes seules.<\/p>\n\n\n\n<p>Je ne veux pas la quitter un seul instant. J&#8217;ai peur de tout ce qui est en dehors de ses bras, de tout ce que je vois et de tout ce que je ne vois pas.<\/p>\n\n\n\n<p>Je m&#8217;endors progressivement. Il fait sombre partout. Il n&#8217;y a plus de lumi\u00e8re \u00e0 la fen\u00eatre. Quelqu&#8217;un me tire des bras de ma m\u00e8re. Quelqu&#8217;un veut l&#8217;emmener. &#8220;Tu dois venir, c&#8217;est l&#8217;heure de l&#8217;interrogatoire.&#8221; Et je me cache dans la peur et la solitude.<\/p>\n\n\n\n<p>Les jours passent. Et les nuits d&#8217;\u00e9treintes chaudes, ces couvertures puantes, \u00e0 attendre d&#8217;\u00eatre \u00e0 nouveau s\u00e9par\u00e9es dans l&#8217;obscurit\u00e9 de la nuit, et \u00e0 sombrer dans la solitude se r\u00e9p\u00e8tent et se r\u00e9p\u00e8tent et se r\u00e9p\u00e8tent.<\/p>\n\n\n\n<p>Ma m\u00e8re dit que ces nuits avec elle n&#8217;ont dur\u00e9 que deux semaines.<\/p>\n\n\n\n<p>Mais pour moi et tous les autres enfants de ces jours sanglants, ces couloirs, ces yeux band\u00e9s, ces t\u00eates sur les genoux, ces nuits, et ces arrachements des bras de votre m\u00e8re sont toujours l\u00e0.<\/p>\n\n\n\n<p>\u00c0 cette \u00e9poque, mes yeux \u00e9taient les seuls \u00e0 ne pas avoir de bandeau sur les yeux.<\/p>\n\n\n\n<p>40 ans ont pass\u00e9, mais le monde ne sait toujours pas ce qui est arriv\u00e9 \u00e0 notre nation. C&#8217;est \u00e0 moi et \u00e0 nous de raconter les souffrances qui ont frapp\u00e9 notre pays. De raconter les souffrances <a href=\"https:\/\/wncri.org\/fr\/2021\/02\/06\/les-etoiles-brillantes-et-les-heroines-de-la-resistance-iranienne-2\/\" target=\"_blank\" rel=\"noreferrer noopener\">d&#8217;Achraf<\/a> et de toutes les victimes du <a href=\"https:\/\/wncri.org\/fr\/2021\/08\/05\/le-massacre-de-1988-le-plus-grand-crime-contre-lhumanite-reste-impuni\/\" target=\"_blank\" rel=\"noreferrer noopener\">massacre<\/a>. De raconter la r\u00e9sistance d&#8217;une nation encha\u00een\u00e9e qui n&#8217;a pas c\u00e9d\u00e9, dans les couloirs de la mort. <a href=\"https:\/\/wncri.org\/fr\/2021\/07\/28\/celles-et-ceux-qui-ont-repondu-a-l-appel-de-la-liberte-en-iran\/\" target=\"_blank\" rel=\"noreferrer noopener\">Ceux qui ont embrass\u00e9 la corde qui allait les pendre<\/a> et n&#8217;ont pas permis \u00e0 l&#8217;ennemi de tirer le tabouret de sous leurs pieds.<\/p>\n\n\n\n<p>Nous devons transmettre leur promesse de libert\u00e9.<\/p>\n\n\n\n<div class=\"wp-block-image\"><figure class=\"aligncenter size-full\"><img decoding=\"async\" src=\"data:image\/gif;base64,R0lGODlhAQABAIAAAAAAAP\/\/\/yH5BAEAAAAALAAAAAABAAEAAAIBRAA7\" data-src=\"https:\/\/wncri.org\/fr\/wp-content\/uploads\/2022\/01\/Azadeh-Alemi-at-the-confernece-front-row.jpg\" alt=\"Des souvenirs d\u2019enfance en prison en Iran\" class=\"wp-image-15134 lazyload\"\/><noscript><img decoding=\"async\" width=\"800\" height=\"449\" src=\"https:\/\/wncri.org\/fr\/wp-content\/uploads\/2022\/01\/Azadeh-Alemi-at-the-confernece-front-row.jpg\" alt=\"Des souvenirs d\u2019enfance en prison en Iran\" class=\"wp-image-15134 lazyload\" srcset=\"https:\/\/wncri.org\/fr\/wp-content\/uploads\/2022\/01\/Azadeh-Alemi-at-the-confernece-front-row.jpg 800w, https:\/\/wncri.org\/fr\/wp-content\/uploads\/2022\/01\/Azadeh-Alemi-at-the-confernece-front-row-300x168.jpg 300w, https:\/\/wncri.org\/fr\/wp-content\/uploads\/2022\/01\/Azadeh-Alemi-at-the-confernece-front-row-768x431.jpg 768w, https:\/\/wncri.org\/fr\/wp-content\/uploads\/2022\/01\/Azadeh-Alemi-at-the-confernece-front-row-750x421.jpg 750w\" sizes=\"(max-width: 800px) 100vw, 800px\" \/><\/noscript><\/figure><\/div>\n","protected":false},"excerpt":{"rendered":"<p>CNRI Femmes &#8211; Azadeh Alemi \u00e9tait en prison lorsqu&#8217;elle \u00e9tait enfant. Elle a accompagn\u00e9 sa m\u00e8re, prisonni\u00e8re politique. Elle s&#8217;est exprim\u00e9e lors d&#8217;une conf\u00e9rence le 17 janvier 2022, \u00e0 laquelle participaient des dignitaires internationaux, notamment Guy Verhofstadt, ancien Premier ministre belge, Fredrick Reinfeldt, ancien Premier ministre su\u00e9dois, John Bercow, ancien pr\u00e9sident de la Chambre des [&hellip;]<\/p>\n","protected":false},"author":4,"featured_media":15132,"comment_status":"closed","ping_status":"closed","sticky":false,"template":"","format":"standard","meta":{"jnews-multi-image_gallery":[],"jnews_single_post":{"subtitle":"","format":"standard","video":"","gallery":"","source_name":"","source_url":"","via_name":"","via_url":"","override_template":"0","override":[{"template":"1","single_blog_custom":"","parallax":"1","fullscreen":"1","layout":"right-sidebar","sidebar":"default-sidebar","second_sidebar":"default-sidebar","sticky_sidebar":"1","share_position":"top","share_float_style":"share-monocrhome","show_share_counter":"1","show_view_counter":"1","show_featured":"1","show_post_meta":"1","show_post_author":"1","show_post_author_image":"1","show_post_date":"1","post_date_format":"default","post_date_format_custom":"Y\/m\/d","show_post_category":"1","show_post_reading_time":"0","post_reading_time_wpm":"300","show_zoom_button":"0","zoom_button_out_step":"2","zoom_button_in_step":"3","show_post_tag":"1","show_prev_next_post":"1","show_popup_post":"1","number_popup_post":"1","show_author_box":"0","show_post_related":"0","show_inline_post_related":"0"}],"override_image_size":"0","image_override":[{"single_post_thumbnail_size":"crop-500","single_post_gallery_size":"crop-500"}],"trending_post":"0","trending_post_position":"meta","trending_post_label":"Trending","sponsored_post":"0","sponsored_post_label":"Sponsored by","sponsored_post_name":"","sponsored_post_url":"","sponsored_post_logo_enable":"0","sponsored_post_logo":"","sponsored_post_desc":"","disable_ad":"0"},"jnews_primary_category":{"id":""},"jnews_social_meta":{"fb_title":"","fb_description":"","fb_image":"","twitter_title":"","twitter_description":"","twitter_image":""},"jnews_override_counter":{"override_view_counter":"0","view_counter_number":"0","override_share_counter":"0","share_counter_number":"0","override_like_counter":"0","like_counter_number":"0","override_dislike_counter":"0","dislike_counter_number":"0"},"footnotes":""},"categories":[432],"tags":[370,376],"class_list":["post-15131","post","type-post","status-publish","format-standard","has-post-thumbnail","hentry","category-heroines-enchainees","tag-prisonnieres","tag-violence-contre-les-femmes"],"_links":{"self":[{"href":"https:\/\/wncri.org\/fr\/wp-json\/wp\/v2\/posts\/15131","targetHints":{"allow":["GET"]}}],"collection":[{"href":"https:\/\/wncri.org\/fr\/wp-json\/wp\/v2\/posts"}],"about":[{"href":"https:\/\/wncri.org\/fr\/wp-json\/wp\/v2\/types\/post"}],"author":[{"embeddable":true,"href":"https:\/\/wncri.org\/fr\/wp-json\/wp\/v2\/users\/4"}],"replies":[{"embeddable":true,"href":"https:\/\/wncri.org\/fr\/wp-json\/wp\/v2\/comments?post=15131"}],"version-history":[{"count":1,"href":"https:\/\/wncri.org\/fr\/wp-json\/wp\/v2\/posts\/15131\/revisions"}],"predecessor-version":[{"id":23155,"href":"https:\/\/wncri.org\/fr\/wp-json\/wp\/v2\/posts\/15131\/revisions\/23155"}],"wp:featuredmedia":[{"embeddable":true,"href":"https:\/\/wncri.org\/fr\/wp-json\/wp\/v2\/media\/15132"}],"wp:attachment":[{"href":"https:\/\/wncri.org\/fr\/wp-json\/wp\/v2\/media?parent=15131"}],"wp:term":[{"taxonomy":"category","embeddable":true,"href":"https:\/\/wncri.org\/fr\/wp-json\/wp\/v2\/categories?post=15131"},{"taxonomy":"post_tag","embeddable":true,"href":"https:\/\/wncri.org\/fr\/wp-json\/wp\/v2\/tags?post=15131"}],"curies":[{"name":"wp","href":"https:\/\/api.w.org\/{rel}","templated":true}]}}