{"id":15085,"date":"2022-01-15T22:01:00","date_gmt":"2022-01-15T21:01:00","guid":{"rendered":"https:\/\/wncri.org\/fr\/?p=15085"},"modified":"2022-01-18T22:03:24","modified_gmt":"2022-01-18T21:03:24","slug":"la-prisonniere-politique-nejat-anvar-hamidi-perd-la-vue","status":"publish","type":"post","link":"https:\/\/wncri.org\/fr\/2022\/01\/15\/la-prisonniere-politique-nejat-anvar-hamidi-perd-la-vue\/","title":{"rendered":"La prisonni\u00e8re politique Nejat Anvar Hamidi perd la vue."},"content":{"rendered":"\n<p>CNRI Femmes &#8211; Nejat Anvar Hamidi, 66 ans, devient aveugle dans la prison Sepidar d&#8217;Ahwaz, la capitale de la province du Khouzistan, dans le sud-ouest de l&#8217;Iran. Elle est <a href=\"https:\/\/wncri.org\/fr\/2020\/12\/28\/nejat-anvar-hamidi-se-voit-refuser-un-conge-medical-par-les-services-de-renseignements\/\" target=\"_blank\" rel=\"noreferrer noopener\">priv\u00e9e de soins m\u00e9dicaux et de cong\u00e9s maladie<\/a> sur ordre du minist\u00e8re des Renseignements.<\/p>\n\n\n\n<p>Nejat Anvar Hamidi souffre de cataractes aux deux yeux et doit \u00eatre op\u00e9r\u00e9e de toute urgence.<\/p>\n\n\n\n<p>Aux derni\u00e8res nouvelles, le 15 janvier 2022, le m\u00e9decin de la prison lui a dit : &#8220;Vous n&#8217;avez pas besoin d&#8217;op\u00e9ration tant que vous n&#8217;\u00eates pas aveugle !&#8221;.<\/p>\n\n\n\n<p>Le 26 octobre 2021, Mme Anvar Hamidi a subi des saignements aux deux yeux en raison d&#8217;un manque d&#8217;attention m\u00e9dicale. Encore une fois, les autorit\u00e9s p\u00e9nitentiaires ont refus\u00e9 de lui fournir un traitement.<\/p>\n\n\n\n<p>Sa famille a \u00e9t\u00e9 maltrait\u00e9e, et aucun responsable n&#8217;a r\u00e9agi \u00e0 sa maladie ou \u00e0 son manque de soins m\u00e9dicaux.<\/p>\n\n\n\n<h3 class=\"wp-block-heading\"><strong>Nejat Anvar Hamidi d\u00e9tenue depuis 2019 sans permission de sortie<\/strong><\/h3>\n\n\n\n<p>Nejat Anvar Hamidi a \u00e9t\u00e9 incarc\u00e9r\u00e9e en mars 2019 pour purger sa peine de 15 ans dans la prison Sepidar d&#8217;Ahwaz. Elle souffre d&#8217;un dysfonctionnement de la thyro\u00efde, d&#8217;hypertension art\u00e9rielle et de lipides sanguins.<\/p>\n\n\n\n<p>Les autorit\u00e9s de la prison de Sepidar l&#8217;ont priv\u00e9e de ses m\u00e9dicaments. Apr\u00e8s <a href=\"https:\/\/iran-hrm.com\/2020\/05\/04\/woman-political-prisoner-infected-with-coronavirus-in-southwest-iran-prison\/\" target=\"_blank\" rel=\"noreferrer noopener\">l&#8217;apparition<\/a> de la pand\u00e9mie de COVID-19, elle a <a href=\"https:\/\/wncri.org\/fr\/2020\/05\/05\/la-prisonniere-politique-nejat-anvar-hamidi-positive-au-covid19-a-la-prison-de-sepidar\/\" target=\"_blank\" rel=\"noreferrer noopener\">contract\u00e9<\/a> le virus et a \u00e9t\u00e9 plac\u00e9e en quarantaine tout en \u00e9tant priv\u00e9e de soins m\u00e9dicaux.<\/p>\n\n\n\n<p>Nejat Anvar Hamidi a \u00e9t\u00e9 emprisonn\u00e9e pendant 28 mois dans les ann\u00e9es 1980 pour avoir soutenu l&#8217;organisation des Moudjahidine du peuple d&#8217;Iran (OMPI\/MEK).<\/p>\n\n\n\n<p>Elle a \u00e9t\u00e9 arr\u00eat\u00e9e pour la deuxi\u00e8me fois en 2017, avec son mari et sa fille, pour avoir soutenu l&#8217;OMPI. Elle a \u00e9t\u00e9 interrog\u00e9e puis condamn\u00e9e \u00e0 cinq ans de prison pour &#8220;appartenance \u00e0 des groupes dissidents sur Internet&#8221; et &#8220;propagande contre l&#8217;\u00c9tat.&#8221;<\/p>\n\n\n\n<p>En mars 2019, elle a \u00e9t\u00e9 emmen\u00e9e \u00e0 la prison Sepidar d&#8217;Ahwaz pour purger sa peine parmi les prisonni\u00e8res de droit commun, en violation du principe de s\u00e9paration des d\u00e9lits.<\/p>\n\n\n\n<p>Elle a ensuite \u00e9t\u00e9 inform\u00e9e qu&#8217;elle et son mari, Akbar Mohammadi, avaient \u00e9t\u00e9 condamn\u00e9s \u00e0 15 ans de prison suppl\u00e9mentaire pour \u00ab&nbsp;appartenance \u00e0 l&#8217;OMPI&nbsp;\u00bb d&#8217;Ahvaz, alors qu&#8217;aucune nouvelle charge n&#8217;avait \u00e9t\u00e9 retenue contre eux.<\/p>\n\n\n\n<h3 class=\"wp-block-heading\"><strong>Nouvelle \u00e9pid\u00e9mie de coronavirus en prison<\/strong><\/h3>\n\n\n\n<p>Selon les informations du 15 janvier 2022 en provenance de Sepidar, une nouvelle \u00e9pid\u00e9mie de coronavirus s&#8217;est d\u00e9clar\u00e9e dans cette prison. Plusieurs d\u00e9tenues ont contract\u00e9 le virus. C&#8217;est <a href=\"https:\/\/wncri.org\/fr\/2021\/05\/25\/covid-19-dans-le-quartier-des-femmes-de-la-prison-de-sepidar-a-ahwaz\/\" target=\"_blank\" rel=\"noreferrer noopener\">la troisi\u00e8me fois<\/a> qu&#8217;une \u00e9pid\u00e9mie se d\u00e9clare dans ce centre de d\u00e9tention, infectant de nombreuses d\u00e9tenues.<\/p>\n\n\n\n<p>Les autorit\u00e9s p\u00e9nitentiaires, cependant, tentent de dissimuler la v\u00e9rit\u00e9. Elles ont laiss\u00e9 les malades sans soins m\u00e9dicaux. Il n&#8217;y a pas de tests PCR et on dit \u00e0 tort aux d\u00e9tenues qu&#8217;elles ont un simple rhume.<\/p>\n\n\n\n<p>La gravit\u00e9 des sympt\u00f4mes indique une nouvelle \u00e9pid\u00e9mie parmi les prisonni\u00e8res.<\/p>\n\n\n\n<p>Les d\u00e9tenues sont priv\u00e9es des installations minimales disponibles dans le quartier des hommes. Elles ne disposent m\u00eame pas d&#8217;un r\u00e9chaud de cuisson pour faire du th\u00e9.<\/p>\n\n\n\n<p>En avril 2020, <a href=\"https:\/\/wncri.org\/fr\/2020\/07\/22\/crime-silencieux-au-covid-19-contre-les-prisonnieres-politiques-resistantes\/\" target=\"_blank\" rel=\"noreferrer noopener\">au moins 50 d\u00e9tenues, dont Nejat Anvar Hamidi<\/a>, avait contract\u00e9 le virus. Les autorit\u00e9s p\u00e9nitentiaires ne se sont pas occup\u00e9es des d\u00e9tenues touch\u00e9es.<\/p>\n","protected":false},"excerpt":{"rendered":"<p>CNRI Femmes &#8211; Nejat Anvar Hamidi, 66 ans, devient aveugle dans la prison Sepidar d&#8217;Ahwaz, la capitale de la province du Khouzistan, dans le sud-ouest de l&#8217;Iran. Elle est priv\u00e9e de soins m\u00e9dicaux et de cong\u00e9s maladie sur ordre du minist\u00e8re des Renseignements. Nejat Anvar Hamidi souffre de cataractes aux deux yeux et doit \u00eatre [&hellip;]<\/p>\n","protected":false},"author":4,"featured_media":15086,"comment_status":"closed","ping_status":"closed","sticky":false,"template":"","format":"standard","meta":{"jnews-multi-image_gallery":[],"jnews_single_post":{"subtitle":"","format":"standard","video":"","gallery":"","source_name":"","source_url":"","via_name":"","via_url":"","override_template":"0","override":[{"template":"1","single_blog_custom":"","parallax":"1","fullscreen":"1","layout":"right-sidebar","sidebar":"default-sidebar","second_sidebar":"default-sidebar","sticky_sidebar":"1","share_position":"top","share_float_style":"share-monocrhome","show_share_counter":"1","show_view_counter":"1","show_featured":"1","show_post_meta":"1","show_post_author":"1","show_post_author_image":"1","show_post_date":"1","post_date_format":"default","post_date_format_custom":"Y\/m\/d","show_post_category":"1","show_post_reading_time":"0","post_reading_time_wpm":"300","show_zoom_button":"0","zoom_button_out_step":"2","zoom_button_in_step":"3","show_post_tag":"1","show_prev_next_post":"1","show_popup_post":"1","number_popup_post":"1","show_author_box":"0","show_post_related":"0","show_inline_post_related":"0"}],"override_image_size":"0","image_override":[{"single_post_thumbnail_size":"crop-500","single_post_gallery_size":"crop-500"}],"trending_post":"0","trending_post_position":"meta","trending_post_label":"Trending","sponsored_post":"0","sponsored_post_label":"Sponsored by","sponsored_post_name":"","sponsored_post_url":"","sponsored_post_logo_enable":"0","sponsored_post_logo":"","sponsored_post_desc":"","disable_ad":"0"},"jnews_primary_category":{"id":""},"jnews_social_meta":[],"jnews_override_counter":{"override_view_counter":"0","view_counter_number":"0","override_share_counter":"0","share_counter_number":"0","override_like_counter":"0","like_counter_number":"0","override_dislike_counter":"0","dislike_counter_number":"0"},"footnotes":""},"categories":[3],"tags":[370],"class_list":["post-15085","post","type-post","status-publish","format-standard","has-post-thumbnail","hentry","category-infos-des-femmes","tag-prisonnieres"],"_links":{"self":[{"href":"https:\/\/wncri.org\/fr\/wp-json\/wp\/v2\/posts\/15085","targetHints":{"allow":["GET"]}}],"collection":[{"href":"https:\/\/wncri.org\/fr\/wp-json\/wp\/v2\/posts"}],"about":[{"href":"https:\/\/wncri.org\/fr\/wp-json\/wp\/v2\/types\/post"}],"author":[{"embeddable":true,"href":"https:\/\/wncri.org\/fr\/wp-json\/wp\/v2\/users\/4"}],"replies":[{"embeddable":true,"href":"https:\/\/wncri.org\/fr\/wp-json\/wp\/v2\/comments?post=15085"}],"version-history":[{"count":0,"href":"https:\/\/wncri.org\/fr\/wp-json\/wp\/v2\/posts\/15085\/revisions"}],"wp:featuredmedia":[{"embeddable":true,"href":"https:\/\/wncri.org\/fr\/wp-json\/wp\/v2\/media\/15086"}],"wp:attachment":[{"href":"https:\/\/wncri.org\/fr\/wp-json\/wp\/v2\/media?parent=15085"}],"wp:term":[{"taxonomy":"category","embeddable":true,"href":"https:\/\/wncri.org\/fr\/wp-json\/wp\/v2\/categories?post=15085"},{"taxonomy":"post_tag","embeddable":true,"href":"https:\/\/wncri.org\/fr\/wp-json\/wp\/v2\/tags?post=15085"}],"curies":[{"name":"wp","href":"https:\/\/api.w.org\/{rel}","templated":true}]}}