{"id":15043,"date":"2022-01-07T11:40:00","date_gmt":"2022-01-07T10:40:00","guid":{"rendered":"https:\/\/wncri.org\/fr\/?p=15043"},"modified":"2022-01-11T11:52:37","modified_gmt":"2022-01-11T10:52:37","slug":"destruction-de-lavion-de-ligne-ukrainien","status":"publish","type":"post","link":"https:\/\/wncri.org\/fr\/2022\/01\/07\/destruction-de-lavion-de-ligne-ukrainien\/","title":{"rendered":"Destruction de l&#8217;avion de ligne ukrainien : Un crime rest\u00e9 sans r\u00e9ponse"},"content":{"rendered":"\n<p><strong>Destruction de l&#8217;avion de ligne ukrainien : Un crime rest\u00e9 sans r\u00e9ponse<\/strong><\/p>\n\n\n\n<p>CNRI Femmes &#8211; Un avion de ligne ukrainien, le vol PS752, a \u00e9t\u00e9 abattu par deux missiles de la d\u00e9fense a\u00e9rienne des pasdarans en Iran quelques minutes apr\u00e8s son d\u00e9collage de l&#8217;a\u00e9roport international de T\u00e9h\u00e9ran, dans la matin\u00e9e du 8 janvier 2020.<\/p>\n\n\n\n<p>Les 176 passagers et membres d&#8217;\u00e9quipage, ainsi qu&#8217;un enfant \u00e0 na\u00eetre, ont \u00e9t\u00e9 tu\u00e9s. Parmi les victimes, <a href=\"https:\/\/wncri.org\/fr\/2020\/01\/30\/des-femmes-delite-tuees-dans-le-crash-de-lavion-ukrainien-abattu-en-iran\/\" target=\"_blank\" rel=\"noreferrer noopener\">164 \u00e9taient des \u00e9lites iraniennes<\/a>, dont 28 femmes ayant les plus hauts titres universitaires. La plupart de ces <a href=\"https:\/\/wncri.org\/fr\/2020\/01\/10\/81-femmes-et-15-enfants-tues-dans-le-crash-de-lavion-ukrainien-en-iran\/\" target=\"_blank\" rel=\"noreferrer noopener\">femmes<\/a> \u00e9taient dipl\u00f4m\u00e9es de l&#8217;universit\u00e9 de T\u00e9h\u00e9ran, de l&#8217;universit\u00e9 de technologie Sharif et de <a href=\"https:\/\/wncri.org\/fr\/2021\/02\/05\/familles-des-victimes\/\" target=\"_blank\" rel=\"noreferrer noopener\">l&#8217;universit\u00e9 des sciences et de technologie d&#8217;Iran.<\/a><\/p>\n\n\n\n<p>Apr\u00e8s avoir ni\u00e9 l&#8217;incident pendant trois jours, choquant le monde entier, le r\u00e9gime a accept\u00e9 la responsabilit\u00e9 de cet acte odieux. Il a imput\u00e9 l&#8217;attaque \u00e0 une erreur humaine.<\/p>\n\n\n\n<p>Bien que le r\u00e9gime cherche \u00e0 dissimuler la v\u00e9rit\u00e9 par des mensonges et des ambigu\u00eft\u00e9s, les familles des victimes ont continu\u00e9 \u00e0 demander des comptes ces deux derni\u00e8res ann\u00e9es.<\/p>\n\n\n\n<p>Le 24 novembre 2021, Javad Soleimani, pr\u00e9sident du Comit\u00e9 d&#8217;\u00e9tablissement des faits de l&#8217;Association des familles des victimes, a d\u00e9clar\u00e9 que le r\u00e9gime refusait de remettre aux familles les d\u00e9pouilles des victimes.<\/p>\n\n\n\n<p>La destruction de l&#8217;avion de ligne ukrainien est un acte de terrorisme international. Le Canada et d&#8217;autres pays disent que leur patience est \u00e0 bout avec l&#8217;Iran \u00e0 ce sujet.<\/p>\n\n\n\n<p>Jeudi, le Canada, la Su\u00e8de, l&#8217;Ukraine et la Grande-Bretagne ont d\u00e9clar\u00e9 qu&#8217;ils pourraient envisager de nouvelles mesures conformes au droit international \u00e0 l&#8217;encontre de l&#8217;Iran s&#8217;il ne r\u00e9pondait pas d&#8217;ici le 5 janvier 2022 aux demandes de r\u00e9parations.<\/p>\n\n\n\n<div class=\"wp-block-image\"><figure class=\"aligncenter size-full\"><img decoding=\"async\" src=\"data:image\/gif;base64,R0lGODlhAQABAIAAAAAAAP\/\/\/yH5BAEAAAAALAAAAAABAAEAAAIBRAA7\" data-src=\"https:\/\/wncri.org\/fr\/wp-content\/uploads\/2022\/01\/\u0628\u0631\u0627\u06cc-\u0642\u0633\u0645\u062a-\u0646\u062e\u0628\u0647-\u0647\u0627-\u062f\u0627\u062e\u0644-\u0645\u0642\u0627\u0644\u0647-min.jpg\" alt=\"Le secret est la m\u00e9thode du r\u00e9gime iranien\" class=\"wp-image-15046 lazyload\"\/><noscript><img decoding=\"async\" width=\"750\" height=\"375\" src=\"https:\/\/wncri.org\/fr\/wp-content\/uploads\/2022\/01\/\u0628\u0631\u0627\u06cc-\u0642\u0633\u0645\u062a-\u0646\u062e\u0628\u0647-\u0647\u0627-\u062f\u0627\u062e\u0644-\u0645\u0642\u0627\u0644\u0647-min.jpg\" alt=\"Le secret est la m\u00e9thode du r\u00e9gime iranien\" class=\"wp-image-15046 lazyload\" srcset=\"https:\/\/wncri.org\/fr\/wp-content\/uploads\/2022\/01\/\u0628\u0631\u0627\u06cc-\u0642\u0633\u0645\u062a-\u0646\u062e\u0628\u0647-\u0647\u0627-\u062f\u0627\u062e\u0644-\u0645\u0642\u0627\u0644\u0647-min.jpg 750w, https:\/\/wncri.org\/fr\/wp-content\/uploads\/2022\/01\/\u0628\u0631\u0627\u06cc-\u0642\u0633\u0645\u062a-\u0646\u062e\u0628\u0647-\u0647\u0627-\u062f\u0627\u062e\u0644-\u0645\u0642\u0627\u0644\u0647-min-300x150.jpg 300w, https:\/\/wncri.org\/fr\/wp-content\/uploads\/2022\/01\/\u0628\u0631\u0627\u06cc-\u0642\u0633\u0645\u062a-\u0646\u062e\u0628\u0647-\u0647\u0627-\u062f\u0627\u062e\u0644-\u0645\u0642\u0627\u0644\u0647-min-360x180.jpg 360w\" sizes=\"(max-width: 750px) 100vw, 750px\" \/><\/noscript><\/figure><\/div>\n\n\n\n<p>La Cour sup\u00e9rieure de <a href=\"https:\/\/newsofcanada.net\/an-ontario-court-has-awarded-107-million-to-the-families-of-victims-of-flight-ps752\/\" target=\"_blank\" rel=\"noreferrer noopener\">justice de l&#8217;Ontario<\/a> a annonc\u00e9 ses conclusions selon lesquelles la destruction de l&#8217;avion commercial \u00e9tait un acte de terrorisme intentionnel. Le 3 janvier 2022, la cour a d\u00e9clar\u00e9 que les plaignants avaient \u00e9tabli que l&#8217;acte d&#8217;abattre l&#8217;avion \u00e9tait un acte terroriste. Le proc\u00e8s s&#8217;est fond\u00e9 sur les plaintes de six membres des familles des victimes du vol PS752, \u00e0 l&#8217;issue duquel le r\u00e9gime iranien a \u00e9t\u00e9 condamn\u00e9 \u00e0 verser 107 millions de dollars d&#8217;indemnisation.<\/p>\n\n\n\n<p>Les accus\u00e9s dans cette affaire sont Ali Khamenei, le Corps des gardiens de la r\u00e9volution, l&#8217;\u00e9tat-major g\u00e9n\u00e9ral des forces arm\u00e9es et plusieurs hauts responsables militaires, dont Mohammad Bagheri, chef de l&#8217;\u00e9tat-major g\u00e9n\u00e9ral des forces arm\u00e9es ; Hossein Salami, commandant du Corps des gardiens de la r\u00e9volution; Amir Ali Hajizadeh, commandant de l&#8217;arm\u00e9e de l&#8217;air ; et Abdoul Rahim Mousavi, commandant en chef de l&#8217;arm\u00e9e de terre.<\/p>\n\n\n\n<p>Le gouvernement f\u00e9d\u00e9ral canadien devrait bient\u00f4t publier ses conclusions sur la destruction de l&#8217;avion ukrainien.<\/p>\n\n\n\n<div class=\"wp-block-image\"><figure class=\"aligncenter size-full is-resized\"><img decoding=\"async\" src=\"data:image\/gif;base64,R0lGODlhAQABAIAAAAAAAP\/\/\/yH5BAEAAAAALAAAAAABAAEAAAIBRAA7\" data-src=\"https:\/\/wncri.org\/fr\/wp-content\/uploads\/2022\/01\/\u067e\u0646\u0647\u0627\u0646-\u06a9\u0627\u0631\u06cc-\u0631\u0698\u06cc\u0645-min.jpg\" alt=\"Informations sur la bo\u00eete noire de l'avion ukrainien \" class=\"wp-image-15047 lazyload\" width=\"805\" height=\"403\"\/><noscript><img decoding=\"async\" src=\"https:\/\/wncri.org\/fr\/wp-content\/uploads\/2022\/01\/\u067e\u0646\u0647\u0627\u0646-\u06a9\u0627\u0631\u06cc-\u0631\u0698\u06cc\u0645-min.jpg\" alt=\"Informations sur la bo\u00eete noire de l'avion ukrainien \" class=\"wp-image-15047 lazyload\" width=\"805\" height=\"403\" srcset=\"https:\/\/wncri.org\/fr\/wp-content\/uploads\/2022\/01\/\u067e\u0646\u0647\u0627\u0646-\u06a9\u0627\u0631\u06cc-\u0631\u0698\u06cc\u0645-min.jpg 750w, https:\/\/wncri.org\/fr\/wp-content\/uploads\/2022\/01\/\u067e\u0646\u0647\u0627\u0646-\u06a9\u0627\u0631\u06cc-\u0631\u0698\u06cc\u0645-min-300x150.jpg 300w, https:\/\/wncri.org\/fr\/wp-content\/uploads\/2022\/01\/\u067e\u0646\u0647\u0627\u0646-\u06a9\u0627\u0631\u06cc-\u0631\u0698\u06cc\u0645-min-360x180.jpg 360w\" sizes=\"(max-width: 805px) 100vw, 805px\" \/><\/noscript><\/figure><\/div>\n\n\n\n<h3 class=\"wp-block-heading\"><strong>Le secret est la m\u00e9thode du r\u00e9gime iranien<\/strong><\/h3>\n\n\n\n<p>Le r\u00e9gime a d&#8217;abord ni\u00e9 tout acte r\u00e9pr\u00e9hensible, affirmant que l&#8217;avion s&#8217;\u00e9tait \u00e9cras\u00e9 en raison d&#8217;un d\u00e9faut technique. Apr\u00e8s que des preuves irr\u00e9futables aient d\u00e9montr\u00e9 qu&#8217;un missile avait provoqu\u00e9 la chute de l&#8217;avion, le r\u00e9gime iranien a modifi\u00e9 son affirmation initiale, qualifiant les deux missiles tir\u00e9s par les pasdarans d'&#8221;erreur humaine&#8221;. Les responsables du gouvernement iranien ont tent\u00e9 de mettre un terme \u00e0 la recherche de la v\u00e9rit\u00e9 en qualifiant les victimes de &#8220;martyrs&#8221; et en offrant des indemnit\u00e9s et d&#8217;autres ressources financi\u00e8res aux familles.<\/p>\n\n\n\n<p>Samira Alampanah, correspondante de l&#8217;agence de presse ILNA, a annonc\u00e9 sur son fil Twitter que la commission parlementaire de s\u00e9curit\u00e9 nationale du r\u00e9gime ne souhaitait pas poursuivre l&#8217;affaire de l&#8217;avion. Un membre de la commission lui a demand\u00e9 : &#8220;C&#8217;est du pass\u00e9 ; que cherchez-vous maintenant ?&#8221; Il a mis fin \u00e0 l&#8217;appel \u00e0 mi-chemin (site web Deutsche Welle Farsi &#8211; 24 ao\u00fbt 2020).<\/p>\n\n\n\n<p>Le Toronto Star du Canada a cit\u00e9 un rapport d&#8217;enqu\u00eate du 25 novembre 2021 indiquant que des responsables du r\u00e9gime iranien avaient trafiqu\u00e9 les appareils \u00e9lectroniques de certains des passagers tu\u00e9s sur le vol PS752 d&#8217;Ukrainian Airlines. Plusieurs t\u00e9l\u00e9phones portables et tablettes des passagers d\u00e9c\u00e9d\u00e9s avaient \u00e9t\u00e9 manipul\u00e9s ; il pourrait s&#8217;agir d&#8217;une tentative de dissimuler la cause du crash.<\/p>\n\n\n\n<div class=\"wp-block-image\"><figure class=\"aligncenter size-full is-resized\"><img decoding=\"async\" src=\"data:image\/gif;base64,R0lGODlhAQABAIAAAAAAAP\/\/\/yH5BAEAAAAALAAAAAABAAEAAAIBRAA7\" data-src=\"https:\/\/wncri.org\/fr\/wp-content\/uploads\/2022\/01\/\u0628\u0631\u0627\u06cc-\u0642\u0633\u0645\u062a-\u062c\u0639\u0628\u0647-\u0633\u06cc\u0627\u0647-min.jpg\" alt=\"Demandes des familles\" class=\"wp-image-15045 lazyload\" width=\"796\" height=\"398\"\/><noscript><img decoding=\"async\" src=\"https:\/\/wncri.org\/fr\/wp-content\/uploads\/2022\/01\/\u0628\u0631\u0627\u06cc-\u0642\u0633\u0645\u062a-\u062c\u0639\u0628\u0647-\u0633\u06cc\u0627\u0647-min.jpg\" alt=\"Demandes des familles\" class=\"wp-image-15045 lazyload\" width=\"796\" height=\"398\" srcset=\"https:\/\/wncri.org\/fr\/wp-content\/uploads\/2022\/01\/\u0628\u0631\u0627\u06cc-\u0642\u0633\u0645\u062a-\u062c\u0639\u0628\u0647-\u0633\u06cc\u0627\u0647-min.jpg 750w, https:\/\/wncri.org\/fr\/wp-content\/uploads\/2022\/01\/\u0628\u0631\u0627\u06cc-\u0642\u0633\u0645\u062a-\u062c\u0639\u0628\u0647-\u0633\u06cc\u0627\u0647-min-300x150.jpg 300w, https:\/\/wncri.org\/fr\/wp-content\/uploads\/2022\/01\/\u0628\u0631\u0627\u06cc-\u0642\u0633\u0645\u062a-\u062c\u0639\u0628\u0647-\u0633\u06cc\u0627\u0647-min-360x180.jpg 360w\" sizes=\"(max-width: 796px) 100vw, 796px\" \/><\/noscript><\/figure><\/div>\n\n\n\n<h3 class=\"wp-block-heading\"><strong>Informations sur la bo\u00eete noire de l&#8217;avion ukrainien<\/strong><\/h3>\n\n\n\n<p>L&#8217;organisation iranienne de l&#8217;aviation civile a d\u00e9clar\u00e9 que, d&#8217;apr\u00e8s les informations extraites de la bo\u00eete noire de l&#8217;avion de ligne ukrainien, les pilotes \u00e9taient toujours en s\u00e9curit\u00e9 et contr\u00f4laient l&#8217;appareil apr\u00e8s le tir du premier missile. La question qui se pose ici est de savoir pourquoi le deuxi\u00e8me missile a \u00e9t\u00e9 tir\u00e9.<\/p>\n\n\n\n<p>&#8220;Toutes les variables indiquent que l&#8217;avion \u00e9tait dans des conditions normales de vol &#8220;, a d\u00e9clar\u00e9 Touraj Dehghani Zanganeh, chef de l&#8217;organisation de l&#8217;aviation civile en Iran. La bo\u00eete noire de l&#8217;avion a enregistr\u00e9 les conversations \u00e0 l&#8217;int\u00e9rieur du cockpit pendant 19 secondes apr\u00e8s l&#8217;explosion du premier missile. Les enregistrements indiquent que l&#8217;\u00e9quipage avait encore le contr\u00f4le de l&#8217;avion jusqu&#8217;au dernier moment. L&#8217;enregistrement audio s&#8217;est arr\u00eat\u00e9 apr\u00e8s 19 secondes. Puis, 25 secondes apr\u00e8s la premi\u00e8re explosion, le second missile a frapp\u00e9. Il n&#8217;y a aucune analyse des effets caus\u00e9s par le second missile dans la bo\u00eete noire (L&#8217;agence de presse Mehr &#8211; 23 ao\u00fbt 2020).<\/p>\n\n\n\n<div class=\"wp-block-image\"><figure class=\"aligncenter size-full is-resized\"><img decoding=\"async\" src=\"data:image\/gif;base64,R0lGODlhAQABAIAAAAAAAP\/\/\/yH5BAEAAAAALAAAAAABAAEAAAIBRAA7\" data-src=\"https:\/\/wncri.org\/fr\/wp-content\/uploads\/2022\/01\/\u0639\u06a9\u0633-\u062f\u0627\u062e\u0644-\u0645\u0642\u0627\u0644\u0647-\u0628\u0631\u0627\u06cc-\u062e\u0648\u0627\u0633\u062a\u0647-\u062e\u0627\u0646\u0648\u0627\u062f\u0647-\u0647\u0627-min.jpg\" alt=\"Demandes des familles\" class=\"wp-image-15050 lazyload\" width=\"856\" height=\"428\"\/><noscript><img decoding=\"async\" src=\"https:\/\/wncri.org\/fr\/wp-content\/uploads\/2022\/01\/\u0639\u06a9\u0633-\u062f\u0627\u062e\u0644-\u0645\u0642\u0627\u0644\u0647-\u0628\u0631\u0627\u06cc-\u062e\u0648\u0627\u0633\u062a\u0647-\u062e\u0627\u0646\u0648\u0627\u062f\u0647-\u0647\u0627-min.jpg\" alt=\"Demandes des familles\" class=\"wp-image-15050 lazyload\" width=\"856\" height=\"428\" srcset=\"https:\/\/wncri.org\/fr\/wp-content\/uploads\/2022\/01\/\u0639\u06a9\u0633-\u062f\u0627\u062e\u0644-\u0645\u0642\u0627\u0644\u0647-\u0628\u0631\u0627\u06cc-\u062e\u0648\u0627\u0633\u062a\u0647-\u062e\u0627\u0646\u0648\u0627\u062f\u0647-\u0647\u0627-min.jpg 750w, https:\/\/wncri.org\/fr\/wp-content\/uploads\/2022\/01\/\u0639\u06a9\u0633-\u062f\u0627\u062e\u0644-\u0645\u0642\u0627\u0644\u0647-\u0628\u0631\u0627\u06cc-\u062e\u0648\u0627\u0633\u062a\u0647-\u062e\u0627\u0646\u0648\u0627\u062f\u0647-\u0647\u0627-min-300x150.jpg 300w, https:\/\/wncri.org\/fr\/wp-content\/uploads\/2022\/01\/\u0639\u06a9\u0633-\u062f\u0627\u062e\u0644-\u0645\u0642\u0627\u0644\u0647-\u0628\u0631\u0627\u06cc-\u062e\u0648\u0627\u0633\u062a\u0647-\u062e\u0627\u0646\u0648\u0627\u062f\u0647-\u0647\u0627-min-360x180.jpg 360w\" sizes=\"(max-width: 856px) 100vw, 856px\" \/><\/noscript><\/figure><\/div>\n\n\n\n<h3 class=\"wp-block-heading\"><strong>Demandes des familles<\/strong><\/h3>\n\n\n\n<p><a href=\"https:\/\/wncri.org\/fr\/2020\/04\/29\/des-peines-de-prison-pour-des-bougies-allumees-en-memoire-des-victimes-dun-crash-aerien\/\" target=\"_blank\" rel=\"noreferrer noopener\">Les familles des victimes<\/a> ont poursuivi leurs protestations de mani\u00e8re coordonn\u00e9e, en formant une association. Hamed Esmaeilion, qui a perdu sa femme et sa fille dans le vol, a confirm\u00e9 lors d&#8217;une conf\u00e9rence en ligne le 24 novembre 2021 que la r\u00e9ponse internationale n&#8217;avait pas \u00e9t\u00e9 &#8220;ferme.&#8221; Il a d\u00e9clar\u00e9 : &#8220;Le Canada et les autres membres de la communaut\u00e9 internationale doivent d\u00e9clarer l&#8217;ensemble des pasdarans comme une organisation terroriste.&#8221; Il a not\u00e9 que les preuves montrent que la destruction de l&#8217;avion ukrainien \u00e9tait d\u00e9lib\u00e9r\u00e9e.<\/p>\n\n\n\n<p>L&#8217;Association des familles du vol PS752 estime que le r\u00e9gime iranien \u00e9tait en \u00e9tat d&#8217;alerte militaire maximale, mais que l&#8217;espace a\u00e9rien du pays \u00e9tait rest\u00e9 ouvert aux vols de passagers. Le r\u00e9gime a utilis\u00e9 ces vols comme boucliers humains contre d&#8217;\u00e9ventuelles attaques am\u00e9ricaines. Le 28 novembre 2021, les familles des victimes ont manifest\u00e9 alors qu&#8217;elles \u00e9taient assi\u00e9g\u00e9es par les forces de s\u00e9curit\u00e9. Les manifestants ont scand\u00e9 : &#8220;Mort aux criminels, mort aux gardiens de la r\u00e9volution, et aussi mort \u00e0 Khamenei.&#8221; Ils se sont dirig\u00e9s vers le tribunal militaire de T\u00e9h\u00e9ran en brandissant de grandes photos de leurs proches.<\/p>\n\n\n\n<div class=\"wp-block-image\"><figure class=\"aligncenter size-full is-resized\"><img decoding=\"async\" src=\"data:image\/gif;base64,R0lGODlhAQABAIAAAAAAAP\/\/\/yH5BAEAAAAALAAAAAABAAEAAAIBRAA7\" data-src=\"https:\/\/wncri.org\/fr\/wp-content\/uploads\/2022\/01\/\u062e\u0648\u0627\u0633\u062a\u0647-\u062e\u0627\u0646\u0648\u0627\u062f\u0647-\u0647\u0627-\u062f\u0627\u062e\u0644-\u0645\u0642\u0627\u0644\u0647-min.jpg\" alt=\"Les familles des manifestants tu\u00e9s lors du soul\u00e8vement de novembre 2019 partagent leurs condol\u00e9ances.\" class=\"wp-image-15048 lazyload\" width=\"878\" height=\"439\"\/><noscript><img decoding=\"async\" src=\"https:\/\/wncri.org\/fr\/wp-content\/uploads\/2022\/01\/\u062e\u0648\u0627\u0633\u062a\u0647-\u062e\u0627\u0646\u0648\u0627\u062f\u0647-\u0647\u0627-\u062f\u0627\u062e\u0644-\u0645\u0642\u0627\u0644\u0647-min.jpg\" alt=\"Les familles des manifestants tu\u00e9s lors du soul\u00e8vement de novembre 2019 partagent leurs condol\u00e9ances.\" class=\"wp-image-15048 lazyload\" width=\"878\" height=\"439\" srcset=\"https:\/\/wncri.org\/fr\/wp-content\/uploads\/2022\/01\/\u062e\u0648\u0627\u0633\u062a\u0647-\u062e\u0627\u0646\u0648\u0627\u062f\u0647-\u0647\u0627-\u062f\u0627\u062e\u0644-\u0645\u0642\u0627\u0644\u0647-min.jpg 750w, https:\/\/wncri.org\/fr\/wp-content\/uploads\/2022\/01\/\u062e\u0648\u0627\u0633\u062a\u0647-\u062e\u0627\u0646\u0648\u0627\u062f\u0647-\u0647\u0627-\u062f\u0627\u062e\u0644-\u0645\u0642\u0627\u0644\u0647-min-300x150.jpg 300w, https:\/\/wncri.org\/fr\/wp-content\/uploads\/2022\/01\/\u062e\u0648\u0627\u0633\u062a\u0647-\u062e\u0627\u0646\u0648\u0627\u062f\u0647-\u0647\u0627-\u062f\u0627\u062e\u0644-\u0645\u0642\u0627\u0644\u0647-min-360x180.jpg 360w\" sizes=\"(max-width: 878px) 100vw, 878px\" \/><\/noscript><\/figure><\/div>\n\n\n\n<h3 class=\"wp-block-heading\"><strong>Les familles des manifestants tu\u00e9s lors du soul\u00e8vement de novembre 2019 partagent leurs condol\u00e9ances.<\/strong><\/h3>\n\n\n\n<p>\u00c0 la veille du deuxi\u00e8me anniversaire de la chute de l&#8217;avion de ligne ukrainien par des missiles des pasdarans, les familles des martyrs du <a href=\"https:\/\/wncri.org\/fr\/2021\/05\/23\/meres-des-martyrs-de-novembre-2019\/\" target=\"_blank\" rel=\"noreferrer noopener\">soul\u00e8vement de novembre 2019<\/a> et d&#8217;autres familles r\u00e9clamant justice ont exprim\u00e9 leurs condol\u00e9ances. Elles ont utilis\u00e9 le hashtag #IWillLightACandleToo pour comm\u00e9morer l&#8217;anniversaire le 2 janvier 2022.<\/p>\n\n\n\n<p>Pendant ce temps, les institutions de s\u00e9curit\u00e9 du r\u00e9gime ont augment\u00e9 la pression sur les familles du vol PS752.<\/p>\n\n\n\n<p>Ces derniers jours, des agents ont dit aux familles par t\u00e9l\u00e9phone ou en personne que si elles voulaient organiser une quelconque c\u00e9r\u00e9monie, les questions de s\u00e9curit\u00e9 devaient \u00eatre confi\u00e9es aux forces de s\u00e9curit\u00e9 !<\/p>\n\n\n\n<p>&#8220;Les agents des forces de l&#8217;ordre se sont rendus personnellement aux domiciles des familles et les ont mises en garde contre toute c\u00e9r\u00e9monie&#8221;, selon une source inform\u00e9e.<\/p>\n\n\n\n<p>Hamed Esmaeilion, qui a perdu sa femme et sa fille unique &#8220;Reira&#8221; dans l&#8217;explosion, a expliqu\u00e9 que l&#8217;int\u00e9r\u00eat d&#8217;allumer la bougie et de poster sur Instagram \u00e9tait de rappeler tous les crimes et atrocit\u00e9s du r\u00e9gime iranien de ces 40 derni\u00e8res ann\u00e9es.<\/p>\n\n\n\n<p>Il a post\u00e9 : &#8220;En m\u00e9moire de novembre 2019, en m\u00e9moire des personnes massacr\u00e9es \u00e0 Mahchahr, en m\u00e9moire des personnes tomb\u00e9es \u00e0 Javanroud, Robat Karim, Chahriyar et T\u00e9h\u00e9ran. En m\u00e9moire de janvier 2018, en m\u00e9moire de Navid, en m\u00e9moire de toutes les victimes de torture, d&#8217;ex\u00e9cution et d&#8217;emprisonnement. En m\u00e9moire de Neda, en m\u00e9moire du Khouzistan, en m\u00e9moire des jeunes tomb\u00e9s en 2009, en m\u00e9moire des jeunes de 1988, en m\u00e9moire des victimes fusill\u00e9es sans proc\u00e8s, pour me souvenir des larmes quotidiennes de ma m\u00e8re, j&#8217;allumerai une bougie aussi.&#8221;<\/p>\n","protected":false},"excerpt":{"rendered":"<p>Destruction de l&#8217;avion de ligne ukrainien : Un crime rest\u00e9 sans r\u00e9ponse CNRI Femmes &#8211; Un avion de ligne ukrainien, le vol PS752, a \u00e9t\u00e9 abattu par deux missiles de la d\u00e9fense a\u00e9rienne des pasdarans en Iran quelques minutes apr\u00e8s son d\u00e9collage de l&#8217;a\u00e9roport international de T\u00e9h\u00e9ran, dans la matin\u00e9e du 8 janvier 2020. Les [&hellip;]<\/p>\n","protected":false},"author":4,"featured_media":15049,"comment_status":"closed","ping_status":"closed","sticky":false,"template":"","format":"standard","meta":{"jnews-multi-image_gallery":[],"jnews_single_post":{"subtitle":"","format":"standard","video":"","gallery":"","source_name":"","source_url":"","via_name":"","via_url":"","override_template":"0","override":[{"template":"1","single_blog_custom":"","parallax":"1","fullscreen":"1","layout":"right-sidebar","sidebar":"default-sidebar","second_sidebar":"default-sidebar","sticky_sidebar":"1","share_position":"top","share_float_style":"share-monocrhome","show_share_counter":"1","show_view_counter":"1","show_featured":"1","show_post_meta":"1","show_post_author":"1","show_post_author_image":"1","show_post_date":"1","post_date_format":"default","post_date_format_custom":"Y\/m\/d","show_post_category":"1","show_post_reading_time":"0","post_reading_time_wpm":"300","show_zoom_button":"0","zoom_button_out_step":"2","zoom_button_in_step":"3","show_post_tag":"1","show_prev_next_post":"1","show_popup_post":"1","number_popup_post":"1","show_author_box":"0","show_post_related":"0","show_inline_post_related":"0"}],"override_image_size":"0","image_override":[{"single_post_thumbnail_size":"crop-500","single_post_gallery_size":"crop-500"}],"trending_post":"0","trending_post_position":"meta","trending_post_label":"Trending","sponsored_post":"0","sponsored_post_label":"Sponsored by","sponsored_post_name":"","sponsored_post_url":"","sponsored_post_logo_enable":"0","sponsored_post_logo":"","sponsored_post_desc":"","disable_ad":"0"},"jnews_primary_category":{"id":""},"jnews_social_meta":[],"jnews_override_counter":{"override_view_counter":"0","view_counter_number":"0","override_share_counter":"0","share_counter_number":"0","override_like_counter":"0","like_counter_number":"0","override_dislike_counter":"0","dislike_counter_number":"0"},"footnotes":""},"categories":[8],"tags":[369],"class_list":["post-15043","post","type-post","status-publish","format-standard","has-post-thumbnail","hentry","category-articles","tag-manifestations"],"_links":{"self":[{"href":"https:\/\/wncri.org\/fr\/wp-json\/wp\/v2\/posts\/15043","targetHints":{"allow":["GET"]}}],"collection":[{"href":"https:\/\/wncri.org\/fr\/wp-json\/wp\/v2\/posts"}],"about":[{"href":"https:\/\/wncri.org\/fr\/wp-json\/wp\/v2\/types\/post"}],"author":[{"embeddable":true,"href":"https:\/\/wncri.org\/fr\/wp-json\/wp\/v2\/users\/4"}],"replies":[{"embeddable":true,"href":"https:\/\/wncri.org\/fr\/wp-json\/wp\/v2\/comments?post=15043"}],"version-history":[{"count":0,"href":"https:\/\/wncri.org\/fr\/wp-json\/wp\/v2\/posts\/15043\/revisions"}],"wp:featuredmedia":[{"embeddable":true,"href":"https:\/\/wncri.org\/fr\/wp-json\/wp\/v2\/media\/15049"}],"wp:attachment":[{"href":"https:\/\/wncri.org\/fr\/wp-json\/wp\/v2\/media?parent=15043"}],"wp:term":[{"taxonomy":"category","embeddable":true,"href":"https:\/\/wncri.org\/fr\/wp-json\/wp\/v2\/categories?post=15043"},{"taxonomy":"post_tag","embeddable":true,"href":"https:\/\/wncri.org\/fr\/wp-json\/wp\/v2\/tags?post=15043"}],"curies":[{"name":"wp","href":"https:\/\/api.w.org\/{rel}","templated":true}]}}