{"id":15029,"date":"2022-01-07T10:58:00","date_gmt":"2022-01-07T09:58:00","guid":{"rendered":"https:\/\/wncri.org\/fr\/?p=15029"},"modified":"2022-01-11T11:04:51","modified_gmt":"2022-01-11T10:04:51","slug":"trois-prisonnieres-politiques","status":"publish","type":"post","link":"https:\/\/wncri.org\/fr\/2022\/01\/07\/trois-prisonnieres-politiques\/","title":{"rendered":"Trois prisonni\u00e8res politiques condamn\u00e9es \u00e0 un total de 12 ans de prison en Iran"},"content":{"rendered":"\n<p>CNRI Femmes &#8211; Trois prisonni\u00e8res politiques ont \u00e9t\u00e9 condamn\u00e9es \u00e0 un total de <a href=\"https:\/\/news.mojahedin.org\/i\/%D9%85%D8%AD%DA%A9%D9%88%D9%85%DB%8C%D8%AA-%D8%B3%D9%87-%D8%B2%D9%86-%D8%B2%D9%86%D8%AF%D8%A7%D9%86%DB%8C-%D8%B3%DB%8C%D8%A7%D8%B3%DB%8C-%D8%A8%D9%87-%D8%AE%D8%A7%D8%B7%D8%B1-%D9%87%D9%88%D8%A7%D8%AF%D8%A7%D8%B1%DB%8C-%D8%A7%D8%B2-%D9%85%D8%AC%D8%A7%D9%87%D8%AF%DB%8C%D9%86-%D8%A8%D9%87-%DB%B1%DB%B2%D8%B3%D8%A7%D9%84-%D8%B2%D9%86%D8%AF%D8%A7%D9%86-%D9%88-%D8%B6%D8%A8%D8%B7-%D9%85%D9%84%DA%A9-%D8%B4%D8%AE%D8%B5%DB%8C\" target=\"_blank\" rel=\"noreferrer noopener\">12 ans de prison<\/a> pour avoir soutenu <a href=\"https:\/\/wncri.org\/fr\/2021\/06\/19\/40-annees-de-resistance-pour-la-liberte-par-la-generation-egalite-en-iran\/\" target=\"_blank\" rel=\"noreferrer noopener\">l&#8217;Organisation des Moudjahidines du peuple d&#8217;Iran<\/a> (OMPI\/MEK).<\/p>\n\n\n\n<p>Le tribunal r\u00e9volutionnaire de T\u00e9h\u00e9ran a condamn\u00e9 trois prisonni\u00e8res politiques \u00e0 un total de 12 ans de prison pour &#8220;propagande contre l&#8217;\u00c9tat&#8221; et &#8220;rassemblement et collusion contre la s\u00e9curit\u00e9 nationale&#8221; pour avoir coop\u00e9r\u00e9 avec l&#8217;Organisation des Moudjahidines du peuple d&#8217;Iran (OMPI\/MEK).<\/p>\n\n\n\n<p>Les trois prisonni\u00e8res politiques sont Makhsous Boukhara\u2019i, 63 ans, Azar Moussazadeh, 59 ans, et Roghiyeh Sultan Mirza\u2019i, 69 ans. Les deux premi\u00e8res ont \u00e9t\u00e9 condamn\u00e9es \u00e0 cinq ans de prison chacune, et la derni\u00e8re \u00e0 deux ans.<\/p>\n\n\n\n<p>Le pouvoir judiciaire du r\u00e9gime cl\u00e9rical a \u00e9galement confisqu\u00e9 le jardin appartenant \u00e0 Mme Mirza\u2019i.<\/p>\n\n\n\n<p>Le d\u00e9cret rendu par le tribunal r\u00e9volutionnaire de T\u00e9h\u00e9ran indique que les trois prisonni\u00e8res politiques s&#8217;\u00e9taient &#8220;rassembl\u00e9es et concert\u00e9es&#8221; dans le jardin de Mme Mirza\u2019i.<\/p>\n\n\n\n<p>Quatre membres de la famille de Mme Mirza\u2019i ont \u00e9t\u00e9 ex\u00e9cut\u00e9s par le r\u00e9gime cl\u00e9rical.<\/p>\n\n\n\n<p>Les trois femmes ont \u00e9t\u00e9 des prisonni\u00e8res politiques dans les ann\u00e9es 1980 et ont d\u00e9j\u00e0 pass\u00e9 de longues ann\u00e9es en prison.<\/p>\n\n\n\n<p><a>Le mari de Mme Moussazadeh faisait partie des Moudjahidine du peuple prisonniers politiques massacr\u00e9es en 1988<\/a>.<\/p>\n\n\n\n<p>Azar Moussazadeh et Makhsous Boukhara\u2019i avaient \u00e9galement \u00e9t\u00e9 arr\u00eat\u00e9es dans les ann\u00e9es 2010 et emprisonn\u00e9es pendant plusieurs ann\u00e9es.<\/p>\n\n\n\n<p>Le tribunal r\u00e9volutionnaire de T\u00e9h\u00e9ran avait pr\u00e9c\u00e9demment condamn\u00e9 <a href=\"https:\/\/wncri.org\/fr\/2021\/12\/16\/prisonnieres-politiques-condamnees-a-une-nouvelle\/\" target=\"_blank\" rel=\"noreferrer noopener\">quatre autres prisonni\u00e8res politiques<\/a> soutenant l&#8217;OMPI \u00e0 60 mois de prison suppl\u00e9mentaires.<\/p>\n\n\n\n<p> Les quatre femmes qui sont actuellement d\u00e9tenues \u00e0 <a href=\"https:\/\/wncri.org\/fr\/2020\/04\/20\/regard-sur-la-situation-tragique-a-la-prison-pour-femmes-de-qarchak-en-iran\/\" target=\"_blank\" rel=\"noreferrer noopener\">la prison de Qarchak<\/a> sont <a href=\"https:\/\/wncri.org\/fr\/2021\/12\/15\/la-directrice-de-la-prison-soghra-khodadadi\/\" target=\"_blank\" rel=\"noreferrer noopener\">Zahra Safa\u2019i<\/a>, Parastou Moini, Forough Taghipour et Marzieh Farsi.<\/p>\n\n\n\n<p>La commission des femmes du Conseil national de la R\u00e9sistance iranienne demande une nouvelle fois aux Nations unies, \u00e0 l&#8217;Union europ\u00e9enne et \u00e0 ses \u00c9tats membres,<\/p>\n\n\n\n<p> ainsi qu&#8217;\u00e0 tous les d\u00e9fenseurs des droits humains, de condamner les lourdes peines de prison prononc\u00e9es \u00e0 l&#8217;encontre de ces prisonni\u00e8res et de prendre des mesures imm\u00e9diates pour obtenir la lib\u00e9ration des prisonniers politiques iraniens, en particulier des femmes.<\/p>\n\n\n\n<p>Les Nations unies doivent \u00eatre saisies du dossier des violations des droits humains commises par le r\u00e9gime cl\u00e9rical et ses responsables doivent \u00eatre traduits en justice.<\/p>\n","protected":false},"excerpt":{"rendered":"<p>CNRI Femmes &#8211; Trois prisonni\u00e8res politiques ont \u00e9t\u00e9 condamn\u00e9es \u00e0 un total de 12 ans de prison pour avoir soutenu l&#8217;Organisation des Moudjahidines du peuple d&#8217;Iran (OMPI\/MEK). Le tribunal r\u00e9volutionnaire de T\u00e9h\u00e9ran a condamn\u00e9 trois prisonni\u00e8res politiques \u00e0 un total de 12 ans de prison pour &#8220;propagande contre l&#8217;\u00c9tat&#8221; et &#8220;rassemblement et collusion contre la [&hellip;]<\/p>\n","protected":false},"author":4,"featured_media":15030,"comment_status":"closed","ping_status":"closed","sticky":false,"template":"","format":"standard","meta":{"jnews-multi-image_gallery":[],"jnews_single_post":{"subtitle":"","format":"standard","video":"","gallery":"","source_name":"","source_url":"","via_name":"","via_url":"","override_template":"0","override":[{"template":"1","single_blog_custom":"","parallax":"1","fullscreen":"1","layout":"right-sidebar","sidebar":"default-sidebar","second_sidebar":"default-sidebar","sticky_sidebar":"1","share_position":"top","share_float_style":"share-monocrhome","show_share_counter":"1","show_view_counter":"1","show_featured":"1","show_post_meta":"1","show_post_author":"1","show_post_author_image":"1","show_post_date":"1","post_date_format":"default","post_date_format_custom":"Y\/m\/d","show_post_category":"1","show_post_reading_time":"0","post_reading_time_wpm":"300","show_zoom_button":"0","zoom_button_out_step":"2","zoom_button_in_step":"3","show_post_tag":"1","show_prev_next_post":"1","show_popup_post":"1","number_popup_post":"1","show_author_box":"0","show_post_related":"0","show_inline_post_related":"0"}],"override_image_size":"0","image_override":[{"single_post_thumbnail_size":"crop-500","single_post_gallery_size":"crop-500"}],"trending_post":"0","trending_post_position":"meta","trending_post_label":"Trending","sponsored_post":"0","sponsored_post_label":"Sponsored by","sponsored_post_name":"","sponsored_post_url":"","sponsored_post_logo_enable":"0","sponsored_post_logo":"","sponsored_post_desc":"","disable_ad":"0"},"jnews_primary_category":{"id":""},"jnews_social_meta":[],"jnews_override_counter":{"override_view_counter":"0","view_counter_number":"0","override_share_counter":"0","share_counter_number":"0","override_like_counter":"0","like_counter_number":"0","override_dislike_counter":"0","dislike_counter_number":"0"},"footnotes":""},"categories":[3],"tags":[370],"class_list":["post-15029","post","type-post","status-publish","format-standard","has-post-thumbnail","hentry","category-infos-des-femmes","tag-prisonnieres"],"_links":{"self":[{"href":"https:\/\/wncri.org\/fr\/wp-json\/wp\/v2\/posts\/15029","targetHints":{"allow":["GET"]}}],"collection":[{"href":"https:\/\/wncri.org\/fr\/wp-json\/wp\/v2\/posts"}],"about":[{"href":"https:\/\/wncri.org\/fr\/wp-json\/wp\/v2\/types\/post"}],"author":[{"embeddable":true,"href":"https:\/\/wncri.org\/fr\/wp-json\/wp\/v2\/users\/4"}],"replies":[{"embeddable":true,"href":"https:\/\/wncri.org\/fr\/wp-json\/wp\/v2\/comments?post=15029"}],"version-history":[{"count":0,"href":"https:\/\/wncri.org\/fr\/wp-json\/wp\/v2\/posts\/15029\/revisions"}],"wp:featuredmedia":[{"embeddable":true,"href":"https:\/\/wncri.org\/fr\/wp-json\/wp\/v2\/media\/15030"}],"wp:attachment":[{"href":"https:\/\/wncri.org\/fr\/wp-json\/wp\/v2\/media?parent=15029"}],"wp:term":[{"taxonomy":"category","embeddable":true,"href":"https:\/\/wncri.org\/fr\/wp-json\/wp\/v2\/categories?post=15029"},{"taxonomy":"post_tag","embeddable":true,"href":"https:\/\/wncri.org\/fr\/wp-json\/wp\/v2\/tags?post=15029"}],"curies":[{"name":"wp","href":"https:\/\/api.w.org\/{rel}","templated":true}]}}