{"id":15023,"date":"2022-01-06T10:30:00","date_gmt":"2022-01-06T09:30:00","guid":{"rendered":"https:\/\/wncri.org\/fr\/?p=15023"},"modified":"2022-01-11T10:46:40","modified_gmt":"2022-01-11T09:46:40","slug":"politique-khadijeh-mehdipour","status":"publish","type":"post","link":"https:\/\/wncri.org\/fr\/2022\/01\/06\/politique-khadijeh-mehdipour\/","title":{"rendered":"La prisonni\u00e8re politique Khadijeh Mehdipour condamn\u00e9e \u00e0 20 mois de prison"},"content":{"rendered":"\n<p>La prisonni\u00e8re politique Khadijeh Mehdipour condamn\u00e9e \u00e0 20 mois de prison<\/p>\n\n\n\n<p>CNRI Femmes &#8211; La prisonni\u00e8re politique Khadijeh Medipour a \u00e9t\u00e9 <a href=\"https:\/\/hengaw.net\/fa\/news\/%D8%AE%D8%AF%DB%8C%D8%AC%D9%87-%D9%85%D9%87%D8%AF%DB%8C%D9%BE%D9%88%D8%B1-%D8%A8%D9%87-%D9%85%D8%A7%D9%87-%D8%AD%D8%A8%D8%B3-%D8%AA%D8%B9%D8%B2%DB%8C%D8%B1%DB%8C-%D9%85%D8%AD%DA%A9%D9%88%D9%85-%D8%B4%D8%AF\" target=\"_blank\" rel=\"noreferrer noopener\">condamn\u00e9e \u00e0 20 mois<\/a> de prison.<\/p>\n\n\n\n<p>Les services de renseignement des pasdarans l\u2019ont arr\u00eat\u00e9e <a href=\"https:\/\/wncri.org\/fr\/2021\/11\/05\/le-regime-intensifie-la-violence-contre-les-femmes-iraniennes\/\" target=\"_blank\" rel=\"noreferrer noopener\">il y a trois mois<\/a>, le 10 octobre 2021. Deux jours plus tard, ils ont incarc\u00e9r\u00e9 Mme Mehdipour, 34 ans et r\u00e9sidente d&#8217;Ivan-e Gharb, dans le quartier des femmes de la prison centrale d&#8217;Ilam. Elle y est d\u00e9tenue depuis, en violation du principe de la s\u00e9paration des d\u00e9lits.<\/p>\n\n\n\n<p>La prisonni\u00e8re politique Khadijeh Mehdipour <a href=\"https:\/\/wncri.org\/fr\/2020\/12\/09\/persecution-des-defenseurs-des-droits-humains-et-execution-de-femmes-en-iran\/\" target=\"_blank\" rel=\"noreferrer noopener\">avait d\u00e9j\u00e0 \u00e9t\u00e9 arr\u00eat\u00e9e une fois<\/a>, le 3 octobre 2020, pour ses activit\u00e9s sur les m\u00e9dias sociaux. Elle avait \u00e9t\u00e9 condamn\u00e9e \u00e0 payer 3 millions de tomans en esp\u00e8ces.<\/p>\n\n\n\n<p>Le tribunal r\u00e9volutionnaire d&#8217;Ilam l&#8217;a jug\u00e9e pour &#8220;propagande contre l&#8217;\u00c9tat&#8221; et insulte \u00e0 Khomeiny et Khamenei, guides supr\u00eames pass\u00e9 et actuel du r\u00e9gime. Le tribunal lui a inflig\u00e9 une peine de 20 mois de d\u00e9tention.<\/p>\n\n\n\n<p>Khadijeh Mehdipour a constamment des maux de t\u00eate. Elle a une tache noire dans l&#8217;\u0153il. Le 5 janvier 2022, les autorit\u00e9s l&#8217;ont envoy\u00e9e dans un h\u00f4pital civil o\u00f9 elle a re\u00e7u des lunettes et des gouttes pour les yeux, mais elle a \u00e9t\u00e9 renvoy\u00e9e en prison.<\/p>\n\n\n\n<p>Selon sa famille, elle avait d\u00e9j\u00e0 des probl\u00e8mes gastro-intestinaux et &nbsp;souffre actuellement de douleurs r\u00e9nales en raison de sa d\u00e9tention dans de mauvaises conditions.<\/p>\n\n\n\n<h3 class=\"wp-block-heading\"><strong>La prisonni\u00e8re politique Khadijeh Mehdipour souffre de diverses maladies.<\/strong><\/h3>\n\n\n\n<p>Lors d&#8217;un appel chez elle, elle a racont\u00e9 \u00e0 sa famille qu&#8217;elle avait \u00e9t\u00e9 d\u00e9tenue pendant deux semaines dans le quartier de quarantaine, o\u00f9 elle a eu les reins infect\u00e9s parce que les murs et le sol \u00e9taient humides.<\/p>\n\n\n\n<p>&#8220;Les services de renseignement avaient initialement l&#8217;intention d&#8217;emmener Mme Mehdipour \u00e0 la police scientifique pour lui faire subir des examens neurologiques et mentaux. Ils voulaient d\u00e9montrer qu&#8217;elle souffrait d&#8217;une maladie mentale&#8221;, a d\u00e9clar\u00e9 une source bien inform\u00e9e. &#8220;Mais elle a fermement r\u00e9sist\u00e9 \u00e0 ce stratag\u00e8me. Ils lui ont \u00e9galement demand\u00e9 \u00e0 plusieurs reprises d&#8217;\u00e9crire une lettre de remords, mais elle a rejet\u00e9 ces all\u00e9gations.&#8221;<\/p>\n\n\n\n<p>La source a ajout\u00e9 que la prisonni\u00e8re politique Khadijeh Mehdizadeh ne peut b\u00e9n\u00e9ficier de lib\u00e9ration conditionnelle ou anticip\u00e9e car elle a refus\u00e9 d&#8217;exprimer des remords. &nbsp;<\/p>\n","protected":false},"excerpt":{"rendered":"<p>La prisonni\u00e8re politique Khadijeh Mehdipour condamn\u00e9e \u00e0 20 mois de prison CNRI Femmes &#8211; La prisonni\u00e8re politique Khadijeh Medipour a \u00e9t\u00e9 condamn\u00e9e \u00e0 20 mois de prison. Les services de renseignement des pasdarans l\u2019ont arr\u00eat\u00e9e il y a trois mois, le 10 octobre 2021. Deux jours plus tard, ils ont incarc\u00e9r\u00e9 Mme Mehdipour, 34 ans [&hellip;]<\/p>\n","protected":false},"author":4,"featured_media":15024,"comment_status":"closed","ping_status":"closed","sticky":false,"template":"","format":"standard","meta":{"jnews-multi-image_gallery":[],"jnews_single_post":{"subtitle":"","format":"standard","video":"","gallery":"","source_name":"","source_url":"","via_name":"","via_url":"","override_template":"0","override":[{"template":"1","single_blog_custom":"","parallax":"1","fullscreen":"1","layout":"right-sidebar","sidebar":"default-sidebar","second_sidebar":"default-sidebar","sticky_sidebar":"1","share_position":"top","share_float_style":"share-monocrhome","show_share_counter":"1","show_view_counter":"1","show_featured":"1","show_post_meta":"1","show_post_author":"1","show_post_author_image":"1","show_post_date":"1","post_date_format":"default","post_date_format_custom":"Y\/m\/d","show_post_category":"1","show_post_reading_time":"0","post_reading_time_wpm":"300","show_zoom_button":"0","zoom_button_out_step":"2","zoom_button_in_step":"3","show_post_tag":"1","show_prev_next_post":"1","show_popup_post":"1","number_popup_post":"1","show_author_box":"0","show_post_related":"0","show_inline_post_related":"0"}],"override_image_size":"0","image_override":[{"single_post_thumbnail_size":"crop-500","single_post_gallery_size":"crop-500"}],"trending_post":"0","trending_post_position":"meta","trending_post_label":"Trending","sponsored_post":"0","sponsored_post_label":"Sponsored by","sponsored_post_name":"","sponsored_post_url":"","sponsored_post_logo_enable":"0","sponsored_post_logo":"","sponsored_post_desc":"","disable_ad":"0"},"jnews_primary_category":{"id":""},"jnews_social_meta":[],"jnews_override_counter":{"override_view_counter":"0","view_counter_number":"0","override_share_counter":"0","share_counter_number":"0","override_like_counter":"0","like_counter_number":"0","override_dislike_counter":"0","dislike_counter_number":"0"},"footnotes":""},"categories":[3],"tags":[370],"class_list":["post-15023","post","type-post","status-publish","format-standard","has-post-thumbnail","hentry","category-infos-des-femmes","tag-prisonnieres"],"_links":{"self":[{"href":"https:\/\/wncri.org\/fr\/wp-json\/wp\/v2\/posts\/15023","targetHints":{"allow":["GET"]}}],"collection":[{"href":"https:\/\/wncri.org\/fr\/wp-json\/wp\/v2\/posts"}],"about":[{"href":"https:\/\/wncri.org\/fr\/wp-json\/wp\/v2\/types\/post"}],"author":[{"embeddable":true,"href":"https:\/\/wncri.org\/fr\/wp-json\/wp\/v2\/users\/4"}],"replies":[{"embeddable":true,"href":"https:\/\/wncri.org\/fr\/wp-json\/wp\/v2\/comments?post=15023"}],"version-history":[{"count":0,"href":"https:\/\/wncri.org\/fr\/wp-json\/wp\/v2\/posts\/15023\/revisions"}],"wp:featuredmedia":[{"embeddable":true,"href":"https:\/\/wncri.org\/fr\/wp-json\/wp\/v2\/media\/15024"}],"wp:attachment":[{"href":"https:\/\/wncri.org\/fr\/wp-json\/wp\/v2\/media?parent=15023"}],"wp:term":[{"taxonomy":"category","embeddable":true,"href":"https:\/\/wncri.org\/fr\/wp-json\/wp\/v2\/categories?post=15023"},{"taxonomy":"post_tag","embeddable":true,"href":"https:\/\/wncri.org\/fr\/wp-json\/wp\/v2\/tags?post=15023"}],"curies":[{"name":"wp","href":"https:\/\/api.w.org\/{rel}","templated":true}]}}