{"id":14741,"date":"2021-12-21T22:58:00","date_gmt":"2021-12-21T21:58:00","guid":{"rendered":"https:\/\/wncri.org\/fr\/?p=14741"},"modified":"2021-12-23T23:01:47","modified_gmt":"2021-12-23T22:01:47","slug":"lenseignante-a-la-retraite-emprisonnee-zeinab-hamrang","status":"publish","type":"post","link":"https:\/\/wncri.org\/fr\/2021\/12\/21\/lenseignante-a-la-retraite-emprisonnee-zeinab-hamrang\/","title":{"rendered":"L&#8217;enseignante \u00e0 la retraite emprisonn\u00e9e Zeinab Hamrang priv\u00e9e de cong\u00e9 m\u00e9dical"},"content":{"rendered":"\n<p>CNRI Femmes &#8211; Ces deux derni\u00e8res semaines, Zeinab Hamrang, enseignante \u00e0 la retraite emprisonn\u00e9e, a \u00e9t\u00e9 hospitalis\u00e9e \u00e0 deux reprises en raison de son mauvais \u00e9tat de sant\u00e9. Sa sant\u00e9 physique et psychologique est critique, et elle est priv\u00e9e de cong\u00e9 m\u00e9dical.<\/p>\n\n\n\n<p>L&#8217;enseignante \u00e0 la retraite souffre d&#8217;hypertension art\u00e9rielle et de probl\u00e8mes r\u00e9naux. Elle a \u00e9galement \u00e9t\u00e9 test\u00e9e <a href=\"https:\/\/wncri.org\/fr\/2021\/07\/19\/dautres-detenues-touchees-par-le-covid-19-dans-la-prison-des-femmes\/\" target=\"_blank\" rel=\"noreferrer noopener\">positive au Covid-19<\/a> en juillet dernier. Cependant, les responsables du pouvoir judiciaire iranien ont rejet\u00e9 sa demande de cong\u00e9 m\u00e9dical.<\/p>\n\n\n\n<p>Le tribunal r\u00e9volutionnaire de T\u00e9h\u00e9ran l&#8217;a condamn\u00e9e \u00e0 cinq ans de prison pour &#8220;rassemblement et collusion contre la s\u00e9curit\u00e9 nationale&#8221; et \u00e0 un an suppl\u00e9mentaire pour diffusion de &#8220;propagande contre l&#8217;\u00c9tat.&#8221;<\/p>\n\n\n\n<p><a href=\"https:\/\/wncri.org\/fr\/2020\/09\/16\/quatre-femmes-parmi\/\" target=\"_blank\" rel=\"noreferrer noopener\">Zeinab Hamrang<\/a>, 45 ans, originaire d&#8217;Ardebil, a \u00e9t\u00e9 arr\u00eat\u00e9e d\u00e9but septembre 2020 \u00e0 Khoy, dans la province d&#8217;Azerba\u00efdjan occidental, alors qu&#8217;elle passait par l\u00e0 avec sa fille pour un voyage. Elle a ensuite \u00e9t\u00e9 transf\u00e9r\u00e9e dans le <a href=\"https:\/\/wncri.org\/fr\/2021\/12\/09\/les-conditions-des-femmes-prisons\/\" target=\"_blank\" rel=\"noreferrer noopener\">quartier des femmes de la prison d&#8217;Evin<\/a>e \u00e0 T\u00e9h\u00e9ran le 5 septembre 2020.<\/p>\n","protected":false},"excerpt":{"rendered":"<p>CNRI Femmes &#8211; Ces deux derni\u00e8res semaines, Zeinab Hamrang, enseignante \u00e0 la retraite emprisonn\u00e9e, a \u00e9t\u00e9 hospitalis\u00e9e \u00e0 deux reprises en raison de son mauvais \u00e9tat de sant\u00e9. Sa sant\u00e9 physique et psychologique est critique, et elle est priv\u00e9e de cong\u00e9 m\u00e9dical. L&#8217;enseignante \u00e0 la retraite souffre d&#8217;hypertension art\u00e9rielle et de probl\u00e8mes r\u00e9naux. Elle a [&hellip;]<\/p>\n","protected":false},"author":4,"featured_media":14742,"comment_status":"closed","ping_status":"closed","sticky":false,"template":"","format":"standard","meta":{"jnews-multi-image_gallery":[],"jnews_single_post":{"subtitle":"","format":"standard","video":"","gallery":"","source_name":"","source_url":"","via_name":"","via_url":"","override_template":"0","override":[{"template":"1","single_blog_custom":"","parallax":"1","fullscreen":"1","layout":"right-sidebar","sidebar":"default-sidebar","second_sidebar":"default-sidebar","sticky_sidebar":"1","share_position":"top","share_float_style":"share-monocrhome","show_share_counter":"1","show_view_counter":"1","show_featured":"1","show_post_meta":"1","show_post_author":"1","show_post_author_image":"1","show_post_date":"1","post_date_format":"default","post_date_format_custom":"Y\/m\/d","show_post_category":"1","show_post_reading_time":"0","post_reading_time_wpm":"300","show_zoom_button":"0","zoom_button_out_step":"2","zoom_button_in_step":"3","show_post_tag":"1","show_prev_next_post":"1","show_popup_post":"1","number_popup_post":"1","show_author_box":"0","show_post_related":"0","show_inline_post_related":"0"}],"override_image_size":"0","image_override":[{"single_post_thumbnail_size":"crop-500","single_post_gallery_size":"crop-500"}],"trending_post":"0","trending_post_position":"meta","trending_post_label":"Trending","sponsored_post":"0","sponsored_post_label":"Sponsored by","sponsored_post_name":"","sponsored_post_url":"","sponsored_post_logo_enable":"0","sponsored_post_logo":"","sponsored_post_desc":"","disable_ad":"0"},"jnews_primary_category":{"id":""},"jnews_social_meta":[],"jnews_override_counter":{"override_view_counter":"0","view_counter_number":"0","override_share_counter":"0","share_counter_number":"0","override_like_counter":"0","like_counter_number":"0","override_dislike_counter":"0","dislike_counter_number":"0"},"footnotes":""},"categories":[3],"tags":[370],"class_list":["post-14741","post","type-post","status-publish","format-standard","has-post-thumbnail","hentry","category-infos-des-femmes","tag-prisonnieres"],"_links":{"self":[{"href":"https:\/\/wncri.org\/fr\/wp-json\/wp\/v2\/posts\/14741","targetHints":{"allow":["GET"]}}],"collection":[{"href":"https:\/\/wncri.org\/fr\/wp-json\/wp\/v2\/posts"}],"about":[{"href":"https:\/\/wncri.org\/fr\/wp-json\/wp\/v2\/types\/post"}],"author":[{"embeddable":true,"href":"https:\/\/wncri.org\/fr\/wp-json\/wp\/v2\/users\/4"}],"replies":[{"embeddable":true,"href":"https:\/\/wncri.org\/fr\/wp-json\/wp\/v2\/comments?post=14741"}],"version-history":[{"count":0,"href":"https:\/\/wncri.org\/fr\/wp-json\/wp\/v2\/posts\/14741\/revisions"}],"wp:featuredmedia":[{"embeddable":true,"href":"https:\/\/wncri.org\/fr\/wp-json\/wp\/v2\/media\/14742"}],"wp:attachment":[{"href":"https:\/\/wncri.org\/fr\/wp-json\/wp\/v2\/media?parent=14741"}],"wp:term":[{"taxonomy":"category","embeddable":true,"href":"https:\/\/wncri.org\/fr\/wp-json\/wp\/v2\/categories?post=14741"},{"taxonomy":"post_tag","embeddable":true,"href":"https:\/\/wncri.org\/fr\/wp-json\/wp\/v2\/tags?post=14741"}],"curies":[{"name":"wp","href":"https:\/\/api.w.org\/{rel}","templated":true}]}}