{"id":14713,"date":"2021-12-14T19:40:00","date_gmt":"2021-12-14T18:40:00","guid":{"rendered":"https:\/\/wncri.org\/fr\/?p=14713"},"modified":"2021-12-19T19:59:12","modified_gmt":"2021-12-19T18:59:12","slug":"les-internes-des-hopitaux-iraniens-meurent","status":"publish","type":"post","link":"https:\/\/wncri.org\/fr\/2021\/12\/14\/les-internes-des-hopitaux-iraniens-meurent\/","title":{"rendered":"Les internes des h\u00f4pitaux iraniens meurent &#8211; une fin injuste pour les \u00e9tudiants les plus brillants d&#8217;Iran"},"content":{"rendered":"\n<p>Les internes des h\u00f4pitaux iraniens meurent &#8211; une fin injuste pour les \u00e9tudiants les plus brillants d&#8217;Iran<\/p>\n\n\n\n<p>CNRI Femmes &#8211; Selon les chiffres officiels, environ 11 internes d&#8217;h\u00f4pitaux sont morts en Iran depuis mars 2021 \u00e0 cause du stress au travail, de ses cons\u00e9quences et des difficult\u00e9s de la vie quotidienne (Agence ISNA &#8211; 3 novembre 2021).<\/p>\n\n\n\n<p>En reconnaissant que cette trag\u00e9die se poursuit, ISNA \u00e9crit : &#8220;Il est certain que nous pouvons dire si ce nombre va augmenter.&#8221; Le syst\u00e8me \u00e9ducatif d\u00e9fectueux, les bas salaires et le manque d&#8217;assurance ne permettent pas aux \u00e9tudiants en m\u00e9decine d&#8217;avoir un avenir clair et brillant en Iran. C&#8217;est pourquoi les r\u00e9cents suicides et d\u00e9c\u00e8s d&#8217;internes d&#8217;h\u00f4pitaux ont attir\u00e9 davantage l&#8217;attention des m\u00e9dias. &nbsp;<\/p>\n\n\n\n<p>Plusieurs agences de presse gouvernementales ont rapport\u00e9 que les internes \u00e9taient morts \u00e0 cause du <a href=\"https:\/\/www.ncr-iran.org\/fr\/communiques-cnri\/droits-humains\/iran-plus-de-488-500-deces-dus-au-coronavirus\/\" target=\"_blank\" rel=\"noreferrer noopener\">COVID-19<\/a>. Cependant, d&#8217;autres m\u00e9dias ont rapport\u00e9 qu&#8217;il s&#8217;agissait de suicides. Dans une lettre adress\u00e9e au ministre de la Sant\u00e9 du r\u00e9gime, le Conseil des \u00e9tudiants en m\u00e9decine iraniens a signal\u00e9 le <a href=\"http:\/\/les%20suicides\" target=\"_blank\" rel=\"noreferrer noopener\">suicide<\/a> de quatre assistants m\u00e9dicaux \u00e0 T\u00e9h\u00e9ran au cours des deux semaines de mai 2021 (Agence ROKNA &#8211; 4 mai 2021).<\/p>\n\n\n\n<p>Le travail \u00e9puisant et les longues journ\u00e9es de travail sont parmi les raisons pour lesquelles les internes d\u2019h\u00f4pitaux se suicident. Sous le r\u00e9gime cl\u00e9rical, le minist\u00e8re iranien de la sant\u00e9 per\u00e7oit son personnel comme une main-d&#8217;\u0153uvre bon march\u00e9 et jetable. En cons\u00e9quence, le syst\u00e8me d\u00e9fectueux conduit les \u00e9tudiants les plus brillants d&#8217;Iran \u00e0 ne traiter que la d\u00e9pression (quotidien Sharq newspaper &#8211; 14 septembre 2021).<\/p>\n\n\n\n<h3 class=\"wp-block-heading\"><strong>Anahita Shahrasbi<\/strong><\/h3>\n\n\n\n<p>Le 9 septembre 2021, Anahita Shahrasbi, interne en m\u00e9decine \u00e0 l&#8217;h\u00f4pital Sina de T\u00e9h\u00e9ran, est d\u00e9c\u00e9d\u00e9e d&#8217;un arr\u00eat cardiaque apr\u00e8s avoir subi une pression intense dans le cadre de son travail dans la salle d&#8217;urgence COVID-19 (Site des relations publiques de l&#8217;universit\u00e9 des sciences m\u00e9dicales de T\u00e9h\u00e9ran &#8211; 14 septembre 2021).<\/p>\n\n\n\n<p>Le manque de personnel m\u00e9dical ad\u00e9quat continue d&#8217;accro\u00eetre la charge de travail des internes en m\u00e9decine ; cette professionnelle de la sant\u00e9 est la 10e personne \u00e0 mourir en moins de 6 mois depuis le d\u00e9but de l&#8217;ann\u00e9e 2021.<\/p>\n\n\n\n<h3 class=\"wp-block-heading\"><strong>Monireh Foroughi<\/strong><\/h3>\n\n\n\n<p>Monireh Foroughi, doctorante en obst\u00e9trique et gyn\u00e9cologie \u00e0 l&#8217;Universit\u00e9 des sciences m\u00e9dicales Beheshti de T\u00e9h\u00e9ran, est la 11e interne \u00e0 mourir cette ann\u00e9e. Les rapports sur la mort du Dr Foroughi sont contradictoires : certains l&#8217;attribuent \u00e0 la pand\u00e9mie de COVID-19, d&#8217;autres au suicide tragique des internes en m\u00e9decine (site ISKAnews &#8211; 31 octobre 2021).<\/p>\n\n\n\n<p>En r\u00e9action \u00e0 la mort du Dr Foroughi, Haniyeh Radkhah, sp\u00e9cialiste en m\u00e9decine interne et membre de la facult\u00e9 de l&#8217;universit\u00e9 de T\u00e9h\u00e9ran, a post\u00e9 sur Instagram : &#8220;Suicide, arr\u00eat cardiaque, immigration et d\u00e9pression, ce n&#8217;\u00e9tait pas cens\u00e9 \u00eatre la fin de notre histoire. Nous \u00e9tions cens\u00e9es \u00eatre les fleurs souriantes, les enfants de l&#8217;Iran (\u2026) mais nous ne le sommes pas (\u2026) Vous avez fourni \u00e0 vos enfants un transfert \u00e0 l&#8217;\u00e9tranger, un quota d&#8217;expertise m\u00e9dicale, une exemption de plans et un futur travail. Mais pour nous (\u2026) pour les enfants du peuple, que ferez-vous ? Il n&#8217;est pas acceptable que la mort soit notre fin, et que la terre recouvre nos nombreux souhaits.&#8221;<\/p>\n\n\n\n<p>Une autre amie de Monireh Foroughi a \u00e9crit \u00e0 Alireza Zali, le pr\u00e9sident de l&#8217;universit\u00e9 des sciences m\u00e9dicales Beheshti : &#8220;Nous \u00e9tions pr\u00eates \u00e0 la couvrir de fleurs (c&#8217;est-\u00e0-dire \u00e0 son mariage), mais maintenant nous devons nous pr\u00e9parer \u00e0 aller couvrir sa tombe de fleurs. Que voulez-vous filmer avec vos gardes du corps et vos cam\u00e9ras, ici, sur sa tombe ? L&#8217;avez-vous jamais \u00e9cout\u00e9e quand elle \u00e9tait vivante ?&#8221; (Site ISKAnews &#8211; 31 octobre 2021).<\/p>\n\n\n\n<p>Il a \u00e9t\u00e9 confirm\u00e9 qu&#8217;au moins trois autres internes de l&#8217;h\u00f4pital se sont suicid\u00e9es avant Monireh Foroughi. \u00c0 quel point cela peut-il \u00eatre douloureux que m\u00eame le titre &#8220;<a href=\"https:\/\/wncri.org\/fr\/2021\/05\/24\/suicide-de-jeunes-internes-en-medecine-charge-de-travail-excessive\/\" target=\"_blank\" rel=\"noreferrer noopener\">S\u00e9ries de suicides<\/a>&#8221; ait fait les gros titres des m\u00e9dias d&#8217;\u00c9tat ?<\/p>\n\n\n\n<div class=\"wp-block-image\"><figure class=\"aligncenter size-full is-resized\"><img decoding=\"async\" src=\"data:image\/gif;base64,R0lGODlhAQABAIAAAAAAAP\/\/\/yH5BAEAAAAALAAAAAABAAEAAAIBRAA7\" data-src=\"https:\/\/wncri.org\/fr\/wp-content\/uploads\/2021\/12\/Hospital-interns-Iran-4.jpg\" alt=\"D'innombrables gardes de nuit \" class=\"wp-image-14717 lazyload\" width=\"870\" height=\"435\"\/><noscript><img decoding=\"async\" src=\"https:\/\/wncri.org\/fr\/wp-content\/uploads\/2021\/12\/Hospital-interns-Iran-4.jpg\" alt=\"D'innombrables gardes de nuit \" class=\"wp-image-14717 lazyload\" width=\"870\" height=\"435\" srcset=\"https:\/\/wncri.org\/fr\/wp-content\/uploads\/2021\/12\/Hospital-interns-Iran-4.jpg 750w, https:\/\/wncri.org\/fr\/wp-content\/uploads\/2021\/12\/Hospital-interns-Iran-4-300x150.jpg 300w, https:\/\/wncri.org\/fr\/wp-content\/uploads\/2021\/12\/Hospital-interns-Iran-4-360x180.jpg 360w\" sizes=\"(max-width: 870px) 100vw, 870px\" \/><\/noscript><\/figure><\/div>\n\n\n\n<h3 class=\"wp-block-heading\"><strong>D&#8217;innombrables gardes de nuit<\/strong><\/h3>\n\n\n\n<p>S&#8217;exprimant sur les probl\u00e8mes auxquels est confront\u00e9 le personnel m\u00e9dical, le Dr Mahdiar Sa\u00efdian a d\u00e9clar\u00e9 : &#8220;La dur\u00e9e minimale des gardes pour les internes et les infirmi\u00e8res de nos h\u00f4pitaux devrait \u00eatre de 24 heures et parfois jusqu&#8217;\u00e0 32 heures. Mais pendant la pand\u00e9mie de COVID-19, les gardes ne sont pas planifi\u00e9es. Par cons\u00e9quent, les internes sont oblig\u00e9s de faire des gardes plus longues que d&#8217;habitude. Cependant, selon la loi, les internes des h\u00f4pitaux ne peuvent pas travailler plus de 12 gardes par mois. Cette r\u00e8gle n&#8217;est pas respect\u00e9e dans le pays. Les universit\u00e9s de sciences m\u00e9dicales changent la loi selon leur bon vouloir et ne la respectent pas.&#8221; (Agence ISNA &#8211; 3 novembre 2021).<\/p>\n\n\n\n<p>Selon une directive publi\u00e9e par le minist\u00e8re de la Sant\u00e9, un interne d&#8217;h\u00f4pital doit travailler 24 heures sur 24, 12 jours par mois, et rester \u00e0 l&#8217;h\u00f4pital pendant les 18 jours restants, de t\u00f4t le matin \u00e0 18 heures. Le salaire d&#8217;un interne c\u00e9libataire est de 2,7 millions de tomans (90 dollars) ; pour les internes mari\u00e9s, le salaire est de 3,2 millions de tomans (106 dollars).<\/p>\n\n\n\n<div class=\"wp-block-image\"><figure class=\"aligncenter size-full is-resized\"><img decoding=\"async\" src=\"data:image\/gif;base64,R0lGODlhAQABAIAAAAAAAP\/\/\/yH5BAEAAAAALAAAAAABAAEAAAIBRAA7\" data-src=\"https:\/\/wncri.org\/fr\/wp-content\/uploads\/2021\/12\/Hospital-interns-Iran-3.jpg\" alt=\"Les internes des h\u00f4pitaux sont exploit\u00e9s en Iran\" class=\"wp-image-14716 lazyload\" width=\"883\" height=\"442\"\/><noscript><img decoding=\"async\" src=\"https:\/\/wncri.org\/fr\/wp-content\/uploads\/2021\/12\/Hospital-interns-Iran-3.jpg\" alt=\"Les internes des h\u00f4pitaux sont exploit\u00e9s en Iran\" class=\"wp-image-14716 lazyload\" width=\"883\" height=\"442\" srcset=\"https:\/\/wncri.org\/fr\/wp-content\/uploads\/2021\/12\/Hospital-interns-Iran-3.jpg 750w, https:\/\/wncri.org\/fr\/wp-content\/uploads\/2021\/12\/Hospital-interns-Iran-3-300x150.jpg 300w, https:\/\/wncri.org\/fr\/wp-content\/uploads\/2021\/12\/Hospital-interns-Iran-3-360x180.jpg 360w\" sizes=\"(max-width: 883px) 100vw, 883px\" \/><\/noscript><\/figure><\/div>\n\n\n\n<h3 class=\"wp-block-heading\"><strong>Les internes des h\u00f4pitaux sont exploit\u00e9s en Iran<\/strong><\/h3>\n\n\n\n<p>En Iran, les internes des h\u00f4pitaux ont les salaires et les avantages les plus bas, malgr\u00e9 la charge de <a href=\"https:\/\/wncri.org\/fr\/2021\/08\/09\/desastre-du-coronavirus-en-iran-une-infirmiere-contaminee-decede-apres\/\" target=\"_blank\" rel=\"noreferrer noopener\">travail consid\u00e9rable<\/a> qui leur est impos\u00e9e.\u00a0 Selon le code m\u00e9dical, les internes ont une responsabilit\u00e9 l\u00e9gale, mais ils travaillent autant, voire plus, qu&#8217;un professeur. Par cons\u00e9quent, les internes des h\u00f4pitaux sont consid\u00e9r\u00e9s comme une main-d&#8217;\u0153uvre gratuite et sont pay\u00e9s environ 6 500 tomans (21 centimes) de l\u2019heure.<\/p>\n\n\n\n<p>En raison de la p\u00e9nurie de m\u00e9decins g\u00e9n\u00e9ralistes, le minist\u00e8re de la sant\u00e9 confie leurs t\u00e2ches aux internes des h\u00f4pitaux, ce qui les exploite et les fait travailler davantage. En utilisant cette tactique, le minist\u00e8re de la Sant\u00e9 att\u00e9nue le probl\u00e8me du manque de personnel m\u00e9dical. Le minist\u00e8re de la sant\u00e9 ne se soucie gu\u00e8re de payer un salaire d\u00e9cent aux internes, ni de leur sant\u00e9.<\/p>\n\n\n\n<p>Dans les pays d\u00e9velopp\u00e9s, les heures de travail des m\u00e9decins et des autres membres du personnel hospitalier sont un sujet crucial, car le surmenage peut entra\u00eener des erreurs susceptibles de changer la vie.<\/p>\n\n\n\n<p>Dans les autres pays, les internes en m\u00e9decine sont soumis au droit du travail et b\u00e9n\u00e9ficient d&#8217;une assurance. Mais les internes en m\u00e9decine iraniens &#8211; m\u00eame ceux qui b\u00e9n\u00e9ficient du programme <a href=\"https:\/\/wncri.org\/fr\/2021\/05\/24\/suicide-de-jeunes-internes-en-medecine-charge-de-travail-excessive\/\" target=\"_blank\" rel=\"noreferrer noopener\">COVID &#8211;<\/a> doivent payer de leur poche m\u00eame un simple scanner. Cette situation est due \u00e0 la n\u00e9gligence et \u00e0 la mauvaise gestion du minist\u00e8re de la sant\u00e9. Compte tenu de ces conditions, de nombreux dipl\u00f4m\u00e9s en m\u00e9decine \u00e9migrent dans les pays voisins ou en Europe et aux \u00c9tats-Unis.<\/p>\n\n\n\n<p>Un responsable gouvernemental a reconnu que 900 jeunes membres de la facult\u00e9 des sciences de l&#8217;universit\u00e9 et 3 000 m\u00e9decins avaient migr\u00e9 vers d&#8217;autres pays depuis mars 2021 (Quotidien Etemad &#8211; 12 d\u00e9cembre 2021).<\/p>\n\n\n\n<div class=\"wp-block-image\"><figure class=\"aligncenter size-full is-resized\"><img decoding=\"async\" src=\"data:image\/gif;base64,R0lGODlhAQABAIAAAAAAAP\/\/\/yH5BAEAAAAALAAAAAABAAEAAAIBRAA7\" data-src=\"https:\/\/wncri.org\/fr\/wp-content\/uploads\/2021\/12\/Hospital-interns-Iran-2.jpg\" alt=\"Les femmes internes font face \u00e0 des probl\u00e8mes suppl\u00e9mentaires\" class=\"wp-image-14715 lazyload\" width=\"870\" height=\"435\"\/><noscript><img decoding=\"async\" src=\"https:\/\/wncri.org\/fr\/wp-content\/uploads\/2021\/12\/Hospital-interns-Iran-2.jpg\" alt=\"Les femmes internes font face \u00e0 des probl\u00e8mes suppl\u00e9mentaires\" class=\"wp-image-14715 lazyload\" width=\"870\" height=\"435\" srcset=\"https:\/\/wncri.org\/fr\/wp-content\/uploads\/2021\/12\/Hospital-interns-Iran-2.jpg 750w, https:\/\/wncri.org\/fr\/wp-content\/uploads\/2021\/12\/Hospital-interns-Iran-2-300x150.jpg 300w, https:\/\/wncri.org\/fr\/wp-content\/uploads\/2021\/12\/Hospital-interns-Iran-2-360x180.jpg 360w\" sizes=\"(max-width: 870px) 100vw, 870px\" \/><\/noscript><\/figure><\/div>\n\n\n\n<h3 class=\"wp-block-heading\"><strong>Les femmes internes font face \u00e0 des probl\u00e8mes suppl\u00e9mentaires<\/strong><\/h3>\n\n\n\n<p>En plus de la pression du travail, les internes en m\u00e9decine subissent toutes sortes de violences, simplement parce qu&#8217;elles sont des femmes.<\/p>\n\n\n\n<p>Les internes des h\u00f4pitaux sont g\u00e9n\u00e9ralement d&#8217;\u00e2ge moyen, et beaucoup sont mari\u00e9es et ont des enfants. En tant que m\u00e8res, leur situation est plus complexe et elles subissent des pressions suppl\u00e9mentaires dans la soci\u00e9t\u00e9 patriarcale d&#8217;Iran. Ces m\u00e8res passent plusieurs jours cons\u00e9cutifs loin de leurs enfants en raison de leurs longues journ\u00e9es de travail. Lorsqu&#8217;elles rentrent chez elles tard, elles doivent encore s&#8217;occuper de toutes les t\u00e2ches m\u00e9nag\u00e8res.<\/p>\n\n\n\n<p>En mai 2021, des rapports ont fait \u00e9tat de la d\u00e9mission massive d&#8217;internes en m\u00e9decine de premi\u00e8re ann\u00e9e dans l&#8217;un des h\u00f4pitaux universitaires de T\u00e9h\u00e9ran. Auparavant, d&#8217;autres internes femmes des universit\u00e9s des sciences m\u00e9dicales d&#8217;Iran et de Chiraz s&#8217;\u00e9taient \u00e9galement retir\u00e9es de leurs programmes parce que leurs demandes avaient \u00e9t\u00e9 ignor\u00e9es.<\/p>\n\n\n\n<p>Dans leurs lettres de d\u00e9mission, ces femmes ont \u00e9crit : &#8220;Nous essayons de ne pas tomber malades, mais nous ne pouvons rien faire car personne ne s&#8217;en soucie. La plupart d&#8217;entre nous ont des infections urinaires r\u00e9currentes. Nous n&#8217;avons pas la possibilit\u00e9 de boire suffisamment de liquides. Nous n&#8217;avons pas le temps d&#8217;aller aux toilettes, et c&#8217;est ainsi que les bact\u00e9ries et autres infections envahissent notre corps. Nous continuons \u00e0 travailler m\u00eame lorsque nous avons de la fi\u00e8vre. Nous nous mordons les l\u00e8vres, mais nous ne pouvons pas prendre un jour de cong\u00e9&#8221;.<\/p>\n\n\n\n<p>Les stagiaires f\u00e9minines sont averties de ne pas tomber enceintes une fois qu&#8217;elles sont embauch\u00e9es. Celles qui tombent enceintes ne b\u00e9n\u00e9ficient d&#8217;aucune r\u00e9duction de leur temps de travail ou de leurs horaires mensuels, malgr\u00e9 leur \u00e9tat physique. Comme les autres internes en m\u00e9decine, elles doivent supporter de longues gardes et de longues heures de travail jusqu&#8217;aux derniers mois de leur grossesse. Les internes en m\u00e9decine n&#8217;ont droit qu&#8217;\u00e0 deux mois de cong\u00e9 de maternit\u00e9.<\/p>\n\n\n\n<p>Certaines internes f\u00e9minines qui ont d\u00e9missionn\u00e9 ont qualifi\u00e9 la hi\u00e9rarchie des internes comme une nouvelle forme d&#8217;esclavage et une insulte \u00e0 l&#8217;humanit\u00e9.<a href=\"https:\/\/wncri.org\/fr\/2021\/09\/04\/mensuel-aout-2021-le-nombre-de-deces-dus-au-coronavirus-en-iran\/\" target=\"_blank\" rel=\"noreferrer noopener\">Dans le syst\u00e8me m\u00e9dical iranien<\/a>, les conditions des internes de premi\u00e8re ann\u00e9e ne sont pas les m\u00eames que celles des deuxi\u00e8me, troisi\u00e8me et quatri\u00e8me ann\u00e9es. Les internes de premi\u00e8re ann\u00e9e sont victimes de discrimination et sont soumises \u00e0 <a href=\"https:\/\/wncri.org\/fr\/2021\/05\/12\/conditions-des-infirmieres-en-iran-80-sont-privees-de-vaccin-et-risquent\/\" target=\"_blank\" rel=\"noreferrer noopener\">une forte pression<\/a> : elles ont plusieurs postes de travail et travaillent \u00e0 l&#8217;h\u00f4pital 21 jours par mois, de nuit. Le secteur priv\u00e9 \u00e9tant en pleine expansion, la plupart<\/p>\n","protected":false},"excerpt":{"rendered":"<p>Les internes des h\u00f4pitaux iraniens meurent &#8211; une fin injuste pour les \u00e9tudiants les plus brillants d&#8217;Iran CNRI Femmes &#8211; Selon les chiffres officiels, environ 11 internes d&#8217;h\u00f4pitaux sont morts en Iran depuis mars 2021 \u00e0 cause du stress au travail, de ses cons\u00e9quences et des difficult\u00e9s de la vie quotidienne (Agence ISNA &#8211; 3 [&hellip;]<\/p>\n","protected":false},"author":4,"featured_media":14714,"comment_status":"closed","ping_status":"closed","sticky":false,"template":"","format":"standard","meta":{"jnews-multi-image_gallery":[],"jnews_single_post":{"subtitle":"","format":"standard","video":"","gallery":"","source_name":"","source_url":"","via_name":"","via_url":"","override_template":"0","override":[{"template":"1","single_blog_custom":"","parallax":"1","fullscreen":"1","layout":"right-sidebar","sidebar":"default-sidebar","second_sidebar":"default-sidebar","sticky_sidebar":"1","share_position":"top","share_float_style":"share-monocrhome","show_share_counter":"1","show_view_counter":"1","show_featured":"1","show_post_meta":"1","show_post_author":"1","show_post_author_image":"1","show_post_date":"1","post_date_format":"default","post_date_format_custom":"Y\/m\/d","show_post_category":"1","show_post_reading_time":"0","post_reading_time_wpm":"300","show_zoom_button":"0","zoom_button_out_step":"2","zoom_button_in_step":"3","show_post_tag":"1","show_prev_next_post":"1","show_popup_post":"1","number_popup_post":"1","show_author_box":"0","show_post_related":"0","show_inline_post_related":"0"}],"override_image_size":"0","image_override":[{"single_post_thumbnail_size":"crop-500","single_post_gallery_size":"crop-500"}],"trending_post":"0","trending_post_position":"meta","trending_post_label":"Trending","sponsored_post":"0","sponsored_post_label":"Sponsored by","sponsored_post_name":"","sponsored_post_url":"","sponsored_post_logo_enable":"0","sponsored_post_logo":"","sponsored_post_desc":"","disable_ad":"0"},"jnews_primary_category":{"id":""},"jnews_social_meta":[],"jnews_override_counter":{"override_view_counter":"0","view_counter_number":"0","override_share_counter":"0","share_counter_number":"0","override_like_counter":"0","like_counter_number":"0","override_dislike_counter":"0","dislike_counter_number":"0"},"footnotes":""},"categories":[8],"tags":[374,378],"class_list":["post-14713","post","type-post","status-publish","format-standard","has-post-thumbnail","hentry","category-articles","tag-coronavirus","tag-infirmieres"],"_links":{"self":[{"href":"https:\/\/wncri.org\/fr\/wp-json\/wp\/v2\/posts\/14713","targetHints":{"allow":["GET"]}}],"collection":[{"href":"https:\/\/wncri.org\/fr\/wp-json\/wp\/v2\/posts"}],"about":[{"href":"https:\/\/wncri.org\/fr\/wp-json\/wp\/v2\/types\/post"}],"author":[{"embeddable":true,"href":"https:\/\/wncri.org\/fr\/wp-json\/wp\/v2\/users\/4"}],"replies":[{"embeddable":true,"href":"https:\/\/wncri.org\/fr\/wp-json\/wp\/v2\/comments?post=14713"}],"version-history":[{"count":0,"href":"https:\/\/wncri.org\/fr\/wp-json\/wp\/v2\/posts\/14713\/revisions"}],"wp:featuredmedia":[{"embeddable":true,"href":"https:\/\/wncri.org\/fr\/wp-json\/wp\/v2\/media\/14714"}],"wp:attachment":[{"href":"https:\/\/wncri.org\/fr\/wp-json\/wp\/v2\/media?parent=14713"}],"wp:term":[{"taxonomy":"category","embeddable":true,"href":"https:\/\/wncri.org\/fr\/wp-json\/wp\/v2\/categories?post=14713"},{"taxonomy":"post_tag","embeddable":true,"href":"https:\/\/wncri.org\/fr\/wp-json\/wp\/v2\/tags?post=14713"}],"curies":[{"name":"wp","href":"https:\/\/api.w.org\/{rel}","templated":true}]}}