{"id":14703,"date":"2021-12-16T15:46:00","date_gmt":"2021-12-16T14:46:00","guid":{"rendered":"https:\/\/wncri.org\/fr\/?p=14703"},"modified":"2021-12-17T15:58:00","modified_gmt":"2021-12-17T14:58:00","slug":"prisonnieres-politiques-condamnees-a-une-nouvelle","status":"publish","type":"post","link":"https:\/\/wncri.org\/fr\/2021\/12\/16\/prisonnieres-politiques-condamnees-a-une-nouvelle\/","title":{"rendered":"Quatre prisonni\u00e8res politiques condamn\u00e9es \u00e0 une nouvelle peine de prison"},"content":{"rendered":"\n<p>Quatre prisonni\u00e8res politiques condamn\u00e9es \u00e0 une nouvelle peine de prison<\/p>\n\n\n\n<p>CNRI Femmes \u2013 Le tribunal r\u00e9volutionnaire de T\u00e9h\u00e9ran a condamn\u00e9 \u00e0 un total de 60 mois suppl\u00e9mentaire quatre prisonni\u00e8res politiques purgeant leur peine \u00e0 la prison de Qarchak.<\/p>\n\n\n\n<p>Des informations le 16 d\u00e9cembre 2021, indiquent que le tribunal r\u00e9volutionnaire de T\u00e9h\u00e9ran a prononc\u00e9 un total de 60 mois suppl\u00e9mentaire de d\u00e9tention pour Parastou Mo\u2019ini, Zahra Safa\u2019i, Forough Taghipour et Marzieh Farsi. Le tribunal s\u2019est r\u00e9uni le 24 novembre 2021.<\/p>\n\n\n\n<p>Les autorit\u00e9s de la prison de Qarchak ont fabriqu\u00e9 de nouvelles accusations pour ces quatre prisonni\u00e8res politiques pour avoir envoy\u00e9 une lettre en juin, appelant au boycott du simulacre d\u2019\u00e9lection pr\u00e9sidentielle. Chacune en a pris pour 15 mois suppl\u00e9mentaires.<\/p>\n\n\n\n<p>Les quatre prisonni\u00e8res politiques ont re\u00e7u d\u2019autres condamnations, comme le nettoyage de terrains vagues pendant quatre mois, d\u2019\u00e9crire une th\u00e8se de 40 pages sur les crimes commis par l\u2019opposition l\u2019OMPI\/MEK, deux ann\u00e9es d\u2019interdiction de sortie du territoire, et la confiscation de leurs biens.<\/p>\n\n\n\n<p>Sur les quatre prisonni\u00e8res politiques, seule Parastou Mo\u2019ini a assist\u00e9 au proc\u00e8s le 24 novembre. Les avocats n\u2019\u00e9taient pas pr\u00e9sents. Par cons\u00e9quent le tribunal a issu un verdict en leur absence. Le juge qui pr\u00e9sidait, Afshari, a averti Mme Mo\u2019ini qu\u2019il la bannirait dans une r\u00e9gion \u00e9loign\u00e9e.<\/p>\n\n\n\n<h3 class=\"wp-block-heading\"><strong>D\u00e9tenues pour leur soutien \u00e0 l\u2019OMPI<\/strong><\/h3>\n\n\n\n<p>Ces quatre prisonni\u00e8res politiques sont des partisanes de l\u2019organisation des Moudjahidine du peuple d\u2019Iran (OMPI\/MEK).<\/p>\n\n\n\n<p>Parastou Mo&#8217;ini, 21 ans, est \u00e9tudiante en informatique. Elle est d\u00e9tenue \u00e0 <a href=\"https:\/\/wncri.org\/fr\/2020\/04\/20\/regard-sur-la-situation-tragique-a-la-prison-pour-femmes-de-qarchak-en-iran\/\" target=\"_blank\" rel=\"noreferrer noopener\">la prison de Qarchak<\/a> avec sa m\u00e8re, Zahra Safa\u2019i, qui est d\u00e9tenue malgr\u00e9 son \u00e9tat de sant\u00e9 pr\u00e9caire.<\/p>\n\n\n\n<p>Le grand-p\u00e8re de Parastou, Hassan Ali Safa\u2019i, avait \u00e9t\u00e9 prisonnier politique sous les deux dictatures du chah et des mollahs. Il a \u00e9t\u00e9 ex\u00e9cut\u00e9 en 1981 \u00e0 la prison d&#8217;Evine.<\/p>\n\n\n\n<p>Les forces de s\u00e9curit\u00e9 ont arr\u00eat\u00e9 <a href=\"https:\/\/wncri.org\/fr\/2020\/05\/06\/la-resistance-iranienne-publie-les-noms-de-20-personnes-dont-six-femmes-sous-la-torture\/\" target=\"_blank\" rel=\"noreferrer noopener\">Parastou Mo&#8217;ini<\/a> et sa m\u00e8re, Zahra Safa\u2019i, \u00e0 T\u00e9h\u00e9ran le 24 f\u00e9vrier 2020 ainsi que <a href=\"https:\/\/wncri.org\/fr\/2020\/12\/19\/plus-de-details-sur-lattaque\/\" target=\"_blank\" rel=\"noreferrer noopener\">Forough Taghipour<\/a> et sa m\u00e8re, Nasim Jabbari. Elles ont ensuite \u00e9t\u00e9 incarc\u00e9r\u00e9es au centre de d\u00e9tention du minist\u00e8re des Renseignements (quartier 209 de la prison d&#8217;Evine). Parastou Mo&#8217;ini et Forough Taghipour ont \u00e9t\u00e9 transf\u00e9r\u00e9es \u00e0 la prison de Qarchak au d\u00e9but du mois de mars 2020.<\/p>\n\n\n\n<p>Zahra Safa\u2019i, Parastou Mo&#8217;ini et Forough Taghipour purgent leurs peines de prison respectivement de huit, six et cinq ans. Marzieh Farsi est d\u00e9tenue ill\u00e9galement sans avoir \u00e9t\u00e9 jug\u00e9e.<\/p>\n\n\n\n<p>La vie de ces quatre prisonni\u00e8res politiques est en danger \u00e0 la prison de Qarchak. Les autorit\u00e9s p\u00e9nitentiaires avaient pr\u00e9c\u00e9demment engag\u00e9 des mercenaires pour les tuer en les attaquant et en leur jetant de l&#8217;eau bouillante. Lors d&#8217;une autre attaque vicieuse, le 13 d\u00e9cembre 2020, <a href=\"https:\/\/wncri.org\/fr\/2020\/09\/15\/des-prisonnieres-politiques-de-la-prison-de-qarchak-attaquees-a-leau-bouillante\/\" target=\"_blank\" rel=\"noreferrer noopener\">une vingtaine de gardiens<\/a> de prison avaient lanc\u00e9 un raid dans la cellule de ces prisonni\u00e8res politiques et les avaient toutes brutalis\u00e9es.<\/p>\n\n\n\n<p>Le 26 juillet 2021, Parastou Mo&#8217;ini a \u00e9t\u00e9 <a href=\"https:\/\/wncri.org\/fr\/2021\/08\/06\/quatre-prisonnieres-politiques-de-la-prison-de-qarchak-menacees-de-mort\/\" target=\"_blank\" rel=\"noreferrer noopener\">menac\u00e9e par son interrogateur<\/a> : &#8220;La situation peut redevenir comme en 1988 !&#8221;<\/p>\n\n\n\n<p>1988 est une r\u00e9f\u00e9rence au massacre de 30 000 prisonniers politiques durant l&#8217;\u00e9t\u00e9 1988.<\/p>\n\n\n\n<p>&#8220;Si nous ne vous ex\u00e9cutons pas, nous vous ferons souhaiter d\u2019\u00eatre ex\u00e9cut\u00e9e&#8221;, a-t-il rench\u00e9ri.<\/p>\n","protected":false},"excerpt":{"rendered":"<p>Quatre prisonni\u00e8res politiques condamn\u00e9es \u00e0 une nouvelle peine de prison CNRI Femmes \u2013 Le tribunal r\u00e9volutionnaire de T\u00e9h\u00e9ran a condamn\u00e9 \u00e0 un total de 60 mois suppl\u00e9mentaire quatre prisonni\u00e8res politiques purgeant leur peine \u00e0 la prison de Qarchak. Des informations le 16 d\u00e9cembre 2021, indiquent que le tribunal r\u00e9volutionnaire de T\u00e9h\u00e9ran a prononc\u00e9 un total [&hellip;]<\/p>\n","protected":false},"author":4,"featured_media":14704,"comment_status":"closed","ping_status":"closed","sticky":false,"template":"","format":"standard","meta":{"jnews-multi-image_gallery":[],"jnews_single_post":{"subtitle":"","format":"standard","video":"","gallery":"","source_name":"","source_url":"","via_name":"","via_url":"","override_template":"0","override":[{"template":"1","single_blog_custom":"","parallax":"1","fullscreen":"1","layout":"right-sidebar","sidebar":"default-sidebar","second_sidebar":"default-sidebar","sticky_sidebar":"1","share_position":"top","share_float_style":"share-monocrhome","show_share_counter":"1","show_view_counter":"1","show_featured":"1","show_post_meta":"1","show_post_author":"1","show_post_author_image":"1","show_post_date":"1","post_date_format":"default","post_date_format_custom":"Y\/m\/d","show_post_category":"1","show_post_reading_time":"0","post_reading_time_wpm":"300","show_zoom_button":"0","zoom_button_out_step":"2","zoom_button_in_step":"3","show_post_tag":"1","show_prev_next_post":"1","show_popup_post":"1","number_popup_post":"1","show_author_box":"0","show_post_related":"0","show_inline_post_related":"0"}],"override_image_size":"0","image_override":[{"single_post_thumbnail_size":"crop-500","single_post_gallery_size":"crop-500"}],"trending_post":"0","trending_post_position":"meta","trending_post_label":"Trending","sponsored_post":"0","sponsored_post_label":"Sponsored by","sponsored_post_name":"","sponsored_post_url":"","sponsored_post_logo_enable":"0","sponsored_post_logo":"","sponsored_post_desc":"","disable_ad":"0"},"jnews_primary_category":{"id":""},"jnews_social_meta":[],"jnews_override_counter":{"override_view_counter":"0","view_counter_number":"0","override_share_counter":"0","share_counter_number":"0","override_like_counter":"0","like_counter_number":"0","override_dislike_counter":"0","dislike_counter_number":"0"},"footnotes":""},"categories":[3],"tags":[370,376],"class_list":["post-14703","post","type-post","status-publish","format-standard","has-post-thumbnail","hentry","category-infos-des-femmes","tag-prisonnieres","tag-violence-contre-les-femmes"],"_links":{"self":[{"href":"https:\/\/wncri.org\/fr\/wp-json\/wp\/v2\/posts\/14703","targetHints":{"allow":["GET"]}}],"collection":[{"href":"https:\/\/wncri.org\/fr\/wp-json\/wp\/v2\/posts"}],"about":[{"href":"https:\/\/wncri.org\/fr\/wp-json\/wp\/v2\/types\/post"}],"author":[{"embeddable":true,"href":"https:\/\/wncri.org\/fr\/wp-json\/wp\/v2\/users\/4"}],"replies":[{"embeddable":true,"href":"https:\/\/wncri.org\/fr\/wp-json\/wp\/v2\/comments?post=14703"}],"version-history":[{"count":0,"href":"https:\/\/wncri.org\/fr\/wp-json\/wp\/v2\/posts\/14703\/revisions"}],"wp:featuredmedia":[{"embeddable":true,"href":"https:\/\/wncri.org\/fr\/wp-json\/wp\/v2\/media\/14704"}],"wp:attachment":[{"href":"https:\/\/wncri.org\/fr\/wp-json\/wp\/v2\/media?parent=14703"}],"wp:term":[{"taxonomy":"category","embeddable":true,"href":"https:\/\/wncri.org\/fr\/wp-json\/wp\/v2\/categories?post=14703"},{"taxonomy":"post_tag","embeddable":true,"href":"https:\/\/wncri.org\/fr\/wp-json\/wp\/v2\/tags?post=14703"}],"curies":[{"name":"wp","href":"https:\/\/api.w.org\/{rel}","templated":true}]}}