{"id":14692,"date":"2021-12-15T22:34:00","date_gmt":"2021-12-15T21:34:00","guid":{"rendered":"https:\/\/wncri.org\/fr\/?p=14692"},"modified":"2021-12-16T22:38:12","modified_gmt":"2021-12-16T21:38:12","slug":"la-directrice-de-la-prison-soghra-khodadadi","status":"publish","type":"post","link":"https:\/\/wncri.org\/fr\/2021\/12\/15\/la-directrice-de-la-prison-soghra-khodadadi\/","title":{"rendered":"La directrice de la prison Soghra Khodadadi, prive Zahra Safa\u2019i de soins m\u00e9dicaux urgents"},"content":{"rendered":"\n<p>La directrice de la prison Soghra Khodadadi, prive Zahra Safa\u2019i de soins m\u00e9dicaux urgents<\/p>\n\n\n\n<p>CNRI Femmes &#8211; La directrice de la prison de Qarchak, Soghra Khodadadi, a priv\u00e9 la prisonni\u00e8re politique <strong>Zahra Safa\u2019i<\/strong> d&#8217;un traitement dans un h\u00f4pital municipal pour ses probl\u00e8mes cardiaques.<\/p>\n\n\n\n<p>Les autorit\u00e9s de la prison de Qarchak n&#8217;ont pas permis \u00e0 Mme Safa\u2019i de recevoir un traitement m\u00e9dical malgr\u00e9 les instructions du m\u00e9decin et les demandes r\u00e9p\u00e9t\u00e9es de sa famille.<\/p>\n\n\n\n<p><strong>Zahra Safa\u2019i<\/strong> est dans un \u00e9tat de sant\u00e9 alarmant \u00e0 la prison de Qarchak depuis <a href=\"https:\/\/wncri.org\/fr\/2021\/09\/10\/inquietudes-croissantes-concernant-letat-de-sante-de-zahra-safai\/\" target=\"_blank\" rel=\"noreferrer noopener\">f\u00e9vrier<\/a>. N\u00e9anmoins, son traitement s&#8217;est heurt\u00e9 \u00e0 de nombreux obstacles.<\/p>\n\n\n\n<p>La prisonni\u00e8re politique <strong>Zahra Safa\u2019i<\/strong> a subi une crise cardiaque fin ao\u00fbt. Huit jours <a href=\"https:\/\/wncri.org\/fr\/2021\/09\/02\/transfert-durgence-de-la-prisonniere-politique-zahra-safai-a-lhopital\/\" target=\"_blank\" rel=\"noreferrer noopener\">apr\u00e8s sa crise cardiaque,<\/a> elle a \u00e9t\u00e9 envoy\u00e9e dans un h\u00f4pital civil pour y subir une op\u00e9ration et une angiographie. \u00c0 l&#8217;h\u00f4pital, elle a eu les mains et les pieds <a href=\"https:\/\/wncri.org\/2021\/09\/09\/clerical-regime-ramps-up-pressure-on-pmoi-mek-supporters-in-iran\/\" target=\"_blank\" rel=\"noreferrer noopener\">encha\u00een\u00e9s au lit<\/a>. Elle a donc refus\u00e9 de rester \u00e0 l&#8217;h\u00f4pital et a \u00e9t\u00e9 renvoy\u00e9e en prison sans traitement.<\/p>\n\n\n\n<p>Apr\u00e8s son op\u00e9ration du c\u0153ur, elle a besoin de recevoir r\u00e9guli\u00e8rement la visite d&#8217;un m\u00e9decin, ce dont elle est priv\u00e9e. Elle souffre \u00e9galement d&#8217;une forte rage de dents. Sa famille a accept\u00e9 de payer tous les frais. Pourtant, les autorit\u00e9s p\u00e9nitentiaires ne l&#8217;autorisent pas \u00e0 consulter un dentiste en dehors de l&#8217;h\u00f4pital.<\/p>\n\n\n\n<p>Soghra Khodadadi et les autres autorit\u00e9s p\u00e9nitentiaires justifient ces deux mois d&#8217;entraves en disant qu&#8217;elles pr\u00e9voient de la transf\u00e9rer au p\u00e9nitencier du Grand T\u00e9h\u00e9ran, \u00e9galement connu sous le nom de Fashafouyeh, une prison notoire situ\u00e9e dans les environs de T\u00e9h\u00e9ran.<\/p>\n\n\n\n<h3 class=\"wp-block-heading\"><strong>Qui est Soghra Khodadadi ?<\/strong><\/h3>\n\n\n\n<p>Le 7 d\u00e9cembre 2021, <a href=\"https:\/\/home.treasury.gov\/news\/press-releases\/jy0517\" target=\"_blank\" rel=\"noreferrer noopener\">le d\u00e9partement du Tr\u00e9sor des \u00c9tats-Unis<\/a> a impos\u00e9 des sanctions \u00e0 plusieurs institutions et personnes en Iran en rapport avec de graves violations des droits humains et des actes de r\u00e9pression visant des civils innocents, des opposants politiques et des manifestants pacifiques.<\/p>\n\n\n\n<p>Selon le communiqu\u00e9 de presse du <a href=\"https:\/\/home.treasury.gov\/news\/press-releases\/jy0517\" target=\"_blank\" rel=\"noreferrer noopener\">d\u00e9partement du Tr\u00e9sor am\u00e9ricain<\/a>, &#8220;Soghra Khodadadi, l&#8217;actuelle directrice de la prison pour femmes de Qarchak, est responsable d\u2019avoir donn\u00e9 l&#8217;ordre et particip\u00e9 directement \u00e0 une attaque violente le <a href=\"https:\/\/wncri.org\/fr\/2020\/12\/19\/plus-de-details-sur-lattaque\/\" target=\"_blank\" rel=\"noreferrer noopener\">13 d\u00e9cembre 2020<\/a> contre des prisonni\u00e8res d&#8217;opinion du quartier 8 avec au moins 20 autres gardiens. Selon des informations accessibles au public, les gardiens de prison ont battu ces prisonni\u00e8res d&#8217;opinion avec des matraques et des pistolets paralysants. Khodadadi a ordonn\u00e9 cette attaque en repr\u00e9sailles \u00e0 l&#8217;exercice par les prisonni\u00e8res de leur droit \u00e0 la libert\u00e9 d&#8217;expression.<\/p>\n\n\n\n<p>&#8220;Khodadadi est inscrit sur la liste du D\u00e9partement d&#8217;\u00c9tat et d\u00e9sign\u00e9 par l&#8217;OFAC conform\u00e9ment \u00e0 la section 106 du CAATSA. La prison de Qarchak a \u00e9t\u00e9 publiquement identifi\u00e9e comme responsable de certaines violations flagrantes des droits humains en vertu de CAATSA en 2019 et d\u00e9sign\u00e9e en 2020.&#8221;<\/p>\n\n\n\n<h3 class=\"wp-block-heading\"><strong>La vie de Zahra Safa\u2019i est en danger \u00e0 la prison de Qarchak.<\/strong><\/h3>\n\n\n\n<p>On pense que Soghra Khodadadi a l&#8217;intention de tuer <strong>Zahra Safa\u2019i<\/strong> en lui refusant un traitement m\u00e9dical.<\/p>\n\n\n\n<p>Les forces de s\u00e9curit\u00e9 ont arr\u00eat\u00e9 <strong>Zahra Safa\u2019i<\/strong> \u00e0 T\u00e9h\u00e9ran le 24 f\u00e9vrier 2020. Elles ont \u00e9galement arr\u00eat\u00e9 sa fille, <a href=\"https:\/\/wncri.org\/fr\/2020\/05\/06\/la-resistance-iranienne-publie-les-noms-de-20-personnes-dont-six-femmes-sous-la-torture\/\" target=\"_blank\" rel=\"noreferrer noopener\">Parastou Mo&#8217;ini.<\/a> Elles ont ensuite \u00e9t\u00e9 transf\u00e9r\u00e9es au centre de d\u00e9tention du minist\u00e8re du Renseignement (quartier 209 de la prison d&#8217;Evine). <strong>Zahra Safa\u2019i<\/strong> et Parastou Mo&#8217;ini ont \u00e9t\u00e9 transf\u00e9r\u00e9es \u00e0 la prison de Qarchak au d\u00e9but du mois de mars 2020.<\/p>\n\n\n\n<p><a href=\"https:\/\/wncri.org\/fr\/2020\/08\/28\/la-prisonniere-politique-zahra-safai-brutalisee-a-la-prison-de-qarchak\/\" target=\"_blank\" rel=\"noreferrer noopener\"><strong>Zahra Safa\u2019i<\/strong> a<\/a> \u00e9t\u00e9 <a href=\"https:\/\/wncri.org\/fr\/2020\/04\/20\/regard-sur-la-situation-tragique-a-la-prison-pour-femmes-de-qarchak-en-iran\/\" target=\"_blank\" rel=\"noreferrer noopener\">attaqu\u00e9e<\/a> \u00e0 plusieurs reprises par des d\u00e9tenues engag\u00e9es par les autorit\u00e9s de <a href=\"https:\/\/wncri.org\/fr\/2020\/08\/28\/la-prisonniere-politique-zahra-safai-brutalisee-a-la-prison-de-qarchak\/\" target=\"_blank\" rel=\"noreferrer noopener\">la prison de Qarchak<\/a>. Sa vie est en grave danger car cette prisonni\u00e8re politique est d\u00e9tenue parmi des prisonni\u00e8res condamn\u00e9es pour des crimes violents, en violation du principe de s\u00e9paration des diff\u00e9rentes cat\u00e9gories de crimes.<\/p>\n\n\n\n<p>La prisonni\u00e8re politique <strong>Zahra Safa\u2019i<\/strong> a subi un accident cardiaque le 27 octobre 2020, apr\u00e8s avoir \u00e9t\u00e9 harcel\u00e9e et intimid\u00e9e par les autorit\u00e9s p\u00e9nitentiaires.<\/p>\n\n\n\n<p>Le 2 novembre 2020, Mme Safa\u2019i et Golrokh Iraee ont \u00e9t\u00e9 <a href=\"https:\/\/wncri.org\/fr\/2020\/11\/04\/zahra-safai-et-golrokh-iraee\/\" target=\"_blank\" rel=\"noreferrer noopener\">menac\u00e9es de mort<\/a> par une d\u00e9tenue de droit commun. Cette femme, engag\u00e9e et provoqu\u00e9e par la directrice de la prison de Qarchak, les a attaqu\u00e9es et menac\u00e9es de les tuer. Les d\u00e9tenues sont \u00e9troitement limit\u00e9es dans leurs d\u00e9placements au sein de la prison de Qarchak. L&#8217;entr\u00e9e de la d\u00e9linquante violente dans le quartier o\u00f9 sont d\u00e9tenues plusieurs prisonni\u00e8res politiques indique un plan intentionnel.<\/p>\n\n\n\n<p>Mme Safa\u2019i a \u00e9galement \u00e9t\u00e9 frapp\u00e9e \u00e0 la t\u00eate \u00e0 coups de matraque lors d&#8217;un <a href=\"https:\/\/wncri.org\/fr\/2020\/12\/19\/plus-de-details-sur-lattaque\/\" target=\"_blank\" rel=\"noreferrer noopener\">raid violent<\/a> le 13 d\u00e9cembre 2020, lorsque 20 gardiens de prison ont fait irruption dans le quartier 8 et ont brutalis\u00e9 toutes les prisonni\u00e8res politiques.<\/p>\n","protected":false},"excerpt":{"rendered":"<p>La directrice de la prison Soghra Khodadadi, prive Zahra Safa\u2019i de soins m\u00e9dicaux urgents CNRI Femmes &#8211; La directrice de la prison de Qarchak, Soghra Khodadadi, a priv\u00e9 la prisonni\u00e8re politique Zahra Safa\u2019i d&#8217;un traitement dans un h\u00f4pital municipal pour ses probl\u00e8mes cardiaques. Les autorit\u00e9s de la prison de Qarchak n&#8217;ont pas permis \u00e0 Mme [&hellip;]<\/p>\n","protected":false},"author":4,"featured_media":14693,"comment_status":"closed","ping_status":"closed","sticky":false,"template":"","format":"standard","meta":{"jnews-multi-image_gallery":[],"jnews_single_post":{"subtitle":"","format":"standard","video":"","gallery":"","source_name":"","source_url":"","via_name":"","via_url":"","override_template":"0","override":[{"template":"1","single_blog_custom":"","parallax":"1","fullscreen":"1","layout":"right-sidebar","sidebar":"default-sidebar","second_sidebar":"default-sidebar","sticky_sidebar":"1","share_position":"top","share_float_style":"share-monocrhome","show_share_counter":"1","show_view_counter":"1","show_featured":"1","show_post_meta":"1","show_post_author":"1","show_post_author_image":"1","show_post_date":"1","post_date_format":"default","post_date_format_custom":"Y\/m\/d","show_post_category":"1","show_post_reading_time":"0","post_reading_time_wpm":"300","show_zoom_button":"0","zoom_button_out_step":"2","zoom_button_in_step":"3","show_post_tag":"1","show_prev_next_post":"1","show_popup_post":"1","number_popup_post":"1","show_author_box":"0","show_post_related":"0","show_inline_post_related":"0"}],"override_image_size":"0","image_override":[{"single_post_thumbnail_size":"crop-500","single_post_gallery_size":"crop-500"}],"trending_post":"0","trending_post_position":"meta","trending_post_label":"Trending","sponsored_post":"0","sponsored_post_label":"Sponsored by","sponsored_post_name":"","sponsored_post_url":"","sponsored_post_logo_enable":"0","sponsored_post_logo":"","sponsored_post_desc":"","disable_ad":"0"},"jnews_primary_category":{"id":""},"jnews_social_meta":[],"jnews_override_counter":{"override_view_counter":"0","view_counter_number":"0","override_share_counter":"0","share_counter_number":"0","override_like_counter":"0","like_counter_number":"0","override_dislike_counter":"0","dislike_counter_number":"0"},"footnotes":""},"categories":[3],"tags":[370],"class_list":["post-14692","post","type-post","status-publish","format-standard","has-post-thumbnail","hentry","category-infos-des-femmes","tag-prisonnieres"],"_links":{"self":[{"href":"https:\/\/wncri.org\/fr\/wp-json\/wp\/v2\/posts\/14692","targetHints":{"allow":["GET"]}}],"collection":[{"href":"https:\/\/wncri.org\/fr\/wp-json\/wp\/v2\/posts"}],"about":[{"href":"https:\/\/wncri.org\/fr\/wp-json\/wp\/v2\/types\/post"}],"author":[{"embeddable":true,"href":"https:\/\/wncri.org\/fr\/wp-json\/wp\/v2\/users\/4"}],"replies":[{"embeddable":true,"href":"https:\/\/wncri.org\/fr\/wp-json\/wp\/v2\/comments?post=14692"}],"version-history":[{"count":0,"href":"https:\/\/wncri.org\/fr\/wp-json\/wp\/v2\/posts\/14692\/revisions"}],"wp:featuredmedia":[{"embeddable":true,"href":"https:\/\/wncri.org\/fr\/wp-json\/wp\/v2\/media\/14693"}],"wp:attachment":[{"href":"https:\/\/wncri.org\/fr\/wp-json\/wp\/v2\/media?parent=14692"}],"wp:term":[{"taxonomy":"category","embeddable":true,"href":"https:\/\/wncri.org\/fr\/wp-json\/wp\/v2\/categories?post=14692"},{"taxonomy":"post_tag","embeddable":true,"href":"https:\/\/wncri.org\/fr\/wp-json\/wp\/v2\/tags?post=14692"}],"curies":[{"name":"wp","href":"https:\/\/api.w.org\/{rel}","templated":true}]}}