{"id":14682,"date":"2021-12-13T10:27:00","date_gmt":"2021-12-13T09:27:00","guid":{"rendered":"https:\/\/wncri.org\/fr\/?p=14682"},"modified":"2021-12-14T10:39:50","modified_gmt":"2021-12-14T09:39:50","slug":"manifestations-nationales-des-enseignants","status":"publish","type":"post","link":"https:\/\/wncri.org\/fr\/2021\/12\/13\/manifestations-nationales-des-enseignants\/","title":{"rendered":"Troisi\u00e8me jour de manifestations nationales des enseignants dans 114 villes d&#8217;Iran"},"content":{"rendered":"\n<p><strong>Troisi\u00e8me jour de manifestations nationales des enseignants dans 114 villes d&#8217;Iran<\/strong><\/p>\n\n\n\n<p>CNRI Femmes &#8211; Les protestations nationales des enseignants se sont poursuivies pour la troisi\u00e8me journ\u00e9e cons\u00e9cutive dans 114 villes de 29 provinces, le 13 d\u00e9cembre 2021.<\/p>\n\n\n\n<p>Les sit-in et rassemblements de samedi et dimanche ont culmin\u00e9 en manifestations de rue au troisi\u00e8me jour, o\u00f9 des milliers d&#8217;enseignants iraniens r\u00e9clament leurs droits. Les femmes sont massivement pr\u00e9sente pratiquement partout.<\/p>\n\n\n\n<p>Les enseignants iraniens sont descendus dans la rue et se sont rassembl\u00e9s devant le parlement des mollahs \u00e0 <a href=\"https:\/\/youtu.be\/8C6Fq6bNXlM\" target=\"_blank\" rel=\"noreferrer noopener\">T\u00e9h\u00e9ran<\/a> et devant les rectorats des autres villes malgr\u00e9 les charges et les agressions des forces de s\u00e9curit\u00e9 pour tenter de les disperser.<\/p>\n\n\n\n<p>Les forces de s\u00e9curit\u00e9, les agents en civil et les services de renseignement ont tent\u00e9 d&#8217;emp\u00eacher les enseignants de se rassembler et les ont attaqu\u00e9s dans plusieurs villes.<\/p>\n\n\n\n<p>\u00c0 T\u00e9h\u00e9ran, les forces r\u00e9pressives ont charg\u00e9 le rassemblement des enseignants mais ont \u00e9t\u00e9 oblig\u00e9es de battre en retraite face \u00e0 la r\u00e9sistance des manifestants, qui qui les invectivaient.<\/p>\n\n\n\n<p>Le troisi\u00e8me jour des protestations nationales des enseignants a eu lieu \u00e0 <a href=\"https:\/\/twitter.com\/i\/status\/1470335597357281284\" target=\"_blank\" rel=\"noreferrer noopener\">T\u00e9h\u00e9ran<\/a>, <a href=\"https:\/\/youtu.be\/QXdqAnG_uzk\" target=\"_blank\" rel=\"noreferrer noopener\">Yazd<\/a>, Kermanchah, Ahwaz, Kerman, <a href=\"https:\/\/youtu.be\/WFS0-_UiuyM\" target=\"_blank\" rel=\"noreferrer noopener\">Qom<\/a>, Izeh, Yassoudj, Babol, Likek, <a href=\"https:\/\/twitter.com\/i\/status\/1470334418795614210\" target=\"_blank\" rel=\"noreferrer noopener\">Sari<\/a>, Guenaveh, Saqqez, Marivan, <a href=\"https:\/\/youtu.be\/P6EGfl3cwXM\" target=\"_blank\" rel=\"noopener\">Jam<\/a> (province de Bouchehr), Bouchehr, <a href=\"https:\/\/twitter.com\/i\/status\/1470309300014927877\" target=\"_blank\" rel=\"noreferrer noopener\">Chiraz<\/a>, Nourabad et Mamasani, <a href=\"https:\/\/youtu.be\/Hux42A-QGQs\" target=\"_blank\" rel=\"noreferrer noopener\">Ispahan<\/a>, Chahrekord, <a href=\"https:\/\/youtu.be\/YL52kM2C_Iw\" target=\"_blank\" rel=\"noreferrer noopener\">Rasht<\/a>, Ramhormoz, Karkheh, Boukan, Najafabad, Qazvin, <a href=\"https:\/\/twitter.com\/i\/status\/1470323735987163137\" target=\"_blank\" rel=\"noreferrer noopener\">Khorramabad<\/a>, Bandar Abbas, Ezna (province de Lorestan), Delfan (Lorestan), Nourabad (Lorestan), <a href=\"https:\/\/twitter.com\/i\/status\/1470333404352860169\" target=\"_blank\" rel=\"noreferrer noopener\">Tabriz<\/a>, Malayer, Doroud, Arak, Lordegan, Javanroud, Amol, Bijar, Takestan, Behbahan, Bagh-e Bahadoran (province d\u2019Ispahan), Marvdasht, Andimechk, Gachsaran, <a href=\"https:\/\/youtu.be\/9sWl9w2JIwg\" target=\"_blank\" rel=\"noreferrer noopener\">Abadan<\/a>, Fasa (province de Fars), Goledar (province de Fars), Sirjan, Borazjan, Eqlid, Pol-e Dokhtar, Boroujerd, Ilam, Aligudarz, Kuhdasht, Malekan, Sanandaj, Sa\u2019in Ghal\u2019eh, Firouzabad, Nichapour, Mahshahr, Ardebil, Oroumieh, Jolfa, Machad, Semnan, Miandoab, Shahinedej, Tiran et Koron, Golpayegan, Shahinechahr, Falavarjan, Daran, Faridan, Kangan, Torbat Heydarieh, Bojnourd, Birjand, Dezfoul, Choushtar, Bandar-Khomeini, Aghajari, Baghemalek, Chouch, Zandjan, Sajasroud, Lamard, Mehr, Khonj, Larestan, Zarrindasht, GhiroKazerin, Estahban, Darab, Kamyaran, Dehgolan, Baneh, Qorveh, Shahr-e Babak, Eslamabad-e Gharb, Dehdasht, Cheram, Dishmouk, Gorgan, Fereydoun-Kenar, Hamedan, Khatam, Marvast, Behabad, Maybod, Mehriz, Bafgh et Abarkuh.<\/p>\n\n\n\n<div class=\"wp-block-image\"><figure class=\"aligncenter size-full is-resized\"><img decoding=\"async\" src=\"data:image\/gif;base64,R0lGODlhAQABAIAAAAAAAP\/\/\/yH5BAEAAAAALAAAAAABAAEAAAIBRAA7\" data-src=\"https:\/\/wncri.org\/fr\/wp-content\/uploads\/2021\/12\/Teachers-protests-on-third-day-2-min.jpg\" alt=\"\u00c0 Chiraz, les enseignants sont descendus en masse malgr\u00e9 la r\u00e9pression\" class=\"wp-image-14684 lazyload\" width=\"839\" height=\"420\"\/><noscript><img decoding=\"async\" src=\"https:\/\/wncri.org\/fr\/wp-content\/uploads\/2021\/12\/Teachers-protests-on-third-day-2-min.jpg\" alt=\"\u00c0 Chiraz, les enseignants sont descendus en masse malgr\u00e9 la r\u00e9pression\" class=\"wp-image-14684 lazyload\" width=\"839\" height=\"420\" srcset=\"https:\/\/wncri.org\/fr\/wp-content\/uploads\/2021\/12\/Teachers-protests-on-third-day-2-min.jpg 750w, https:\/\/wncri.org\/fr\/wp-content\/uploads\/2021\/12\/Teachers-protests-on-third-day-2-min-300x150.jpg 300w, https:\/\/wncri.org\/fr\/wp-content\/uploads\/2021\/12\/Teachers-protests-on-third-day-2-min-360x180.jpg 360w\" sizes=\"(max-width: 839px) 100vw, 839px\" \/><\/noscript><\/figure><\/div>\n\n\n\n<p>\u00c0 <a href=\"https:\/\/youtu.be\/YliA5-5ntbY\" target=\"_blank\" rel=\"noreferrer noopener\">Chiraz<\/a>, les enseignants sont descendus en <a href=\"https:\/\/youtu.be\/nkbWxSV3NYo\" target=\"_blank\" rel=\"noreferrer noopener\">masse<\/a> malgr\u00e9 la r\u00e9pression.<\/p>\n\n\n\n<p>\u00c0 Machad, les forces de s\u00e9curit\u00e9 ont emmen\u00e9 les enseignants protestataires \u00e0 l&#8217;int\u00e9rieur du rectorat d\u00e8s leur arriv\u00e9e sur place pour emp\u00eacher la formation d\u2019un rassemblement.<\/p>\n\n\n\n<p>Au troisi\u00e8me jour de leurs protestations nationales, les enseignants scandaient :<\/p>\n\n\n\n<p>Enseignants, levez-vous pour d\u00e9fendre vos droits<\/p>\n\n\n\n<p>Lib\u00e9rez les enseignants emprisonn\u00e9s<\/p>\n\n\n\n<p>Jamais nation n&#8217;a connu autant d&#8217;injustice<\/p>\n\n\n\n<p>Honte \u00e0 ceux qui pr\u00e9tendent d\u00e9fendre la justice<\/p>\n\n\n\n<p>Enseignants \u00e9pris de libert\u00e9, notre seule solution est de crier<\/p>\n\n\n\n<p>Les enseignants pr\u00e9f\u00e8rent la mort \u00e0 l&#8217;humiliation<\/p>\n\n\n\n<p>On ne l\u00e2che rien tant que nous n&#8217;aurons pas obtenu nos droits<\/p>\n\n\n\n<p>Enseignants, criez vos droits<\/p>\n\n\n\n<p>Le gouvernement trahit, le parlement soutient<\/p>\n\n\n\n<p>Les enseignants iraniens demandent une augmentation de salaire pour atteindre 80% du salaire de la facult\u00e9 scientifique. Les retrait\u00e9s veulent que leurs pensions soient align\u00e9es sur les nouveaux taux d&#8217;inflation.<\/p>\n\n\n\n<p>Ceux qui ont pris la parole \u00e0 ces rassemblements ont \u00e9galement condamn\u00e9 l&#8217;arrestation et l&#8217;emprisonnement de leurs coll\u00e8gues et exig\u00e9 leur lib\u00e9ration imm\u00e9diate.<\/p>\n\n\n\n<div class=\"wp-block-image\"><figure class=\"aligncenter size-full is-resized\"><img decoding=\"async\" src=\"data:image\/gif;base64,R0lGODlhAQABAIAAAAAAAP\/\/\/yH5BAEAAAAALAAAAAABAAEAAAIBRAA7\" data-src=\"https:\/\/wncri.org\/fr\/wp-content\/uploads\/2021\/12\/Teachers-protests-on-third-day-3-min.jpg\" alt=\"eu lieu dans 110 villes le samedi 11 d\u00e9cembre et dans 70 villes le dimanche 12 d\u00e9cembre\" class=\"wp-image-14685 lazyload\" width=\"619\" height=\"1100\"\/><noscript><img decoding=\"async\" src=\"https:\/\/wncri.org\/fr\/wp-content\/uploads\/2021\/12\/Teachers-protests-on-third-day-3-min.jpg\" alt=\"eu lieu dans 110 villes le samedi 11 d\u00e9cembre et dans 70 villes le dimanche 12 d\u00e9cembre\" class=\"wp-image-14685 lazyload\" width=\"619\" height=\"1100\" srcset=\"https:\/\/wncri.org\/fr\/wp-content\/uploads\/2021\/12\/Teachers-protests-on-third-day-3-min.jpg 422w, https:\/\/wncri.org\/fr\/wp-content\/uploads\/2021\/12\/Teachers-protests-on-third-day-3-min-169x300.jpg 169w\" sizes=\"(max-width: 619px) 100vw, 619px\" \/><\/noscript><\/figure><\/div>\n\n\n\n<p>Les premier et deuxi\u00e8me jours des manifestations nationales des enseignants ont eu lieu dans 110 villes le samedi 11 d\u00e9cembre et dans 70 villes le dimanche 12 d\u00e9cembre.<\/p>\n\n\n\n<p>Les <a href=\"https:\/\/wncri.org\/2021\/10\/15\/iranian-teachers-hold-protests-in-tehran-and-44-cities-in-25-provinces\/\" target=\"_blank\" rel=\"noreferrer noopener\">enseignants iraniens<\/a>&nbsp;exigent :<\/p>\n\n\n\n<p>L\u2019adoption et la mise en \u0153uvre compl\u00e8te du projet de loi sur le classement des enseignants<\/p>\n\n\n\n<p>L&#8217;\u00e9quilibrage des salaires de tous les emplois sur la base d&#8217;un syst\u00e8me \u00e9quitable, notamment les pensions des retrait\u00e9s<\/p>\n\n\n\n<p>L&#8217;ex\u00e9cution compl\u00e8te et pr\u00e9cise du principe 30 de la Constitution sur l&#8217;\u00e9ducation gratuite.<\/p>\n\n\n\n<div class=\"wp-block-image\"><figure class=\"aligncenter size-full is-resized\"><img decoding=\"async\" src=\"data:image\/gif;base64,R0lGODlhAQABAIAAAAAAAP\/\/\/yH5BAEAAAAALAAAAAABAAEAAAIBRAA7\" data-src=\"https:\/\/wncri.org\/fr\/wp-content\/uploads\/2021\/12\/Teachers-protests-on-third-day-4-min.jpg\" alt=\"En septembre, les enseignants iraniens ont intensifi\u00e9 leur mouvement national de protestations\" class=\"wp-image-14686 lazyload\" width=\"581\" height=\"581\"\/><noscript><img decoding=\"async\" src=\"https:\/\/wncri.org\/fr\/wp-content\/uploads\/2021\/12\/Teachers-protests-on-third-day-4-min.jpg\" alt=\"En septembre, les enseignants iraniens ont intensifi\u00e9 leur mouvement national de protestations\" class=\"wp-image-14686 lazyload\" width=\"581\" height=\"581\" srcset=\"https:\/\/wncri.org\/fr\/wp-content\/uploads\/2021\/12\/Teachers-protests-on-third-day-4-min.jpg 375w, https:\/\/wncri.org\/fr\/wp-content\/uploads\/2021\/12\/Teachers-protests-on-third-day-4-min-300x300.jpg 300w, https:\/\/wncri.org\/fr\/wp-content\/uploads\/2021\/12\/Teachers-protests-on-third-day-4-min-150x150.jpg 150w, https:\/\/wncri.org\/fr\/wp-content\/uploads\/2021\/12\/Teachers-protests-on-third-day-4-min-75x75.jpg 75w, https:\/\/wncri.org\/fr\/wp-content\/uploads\/2021\/12\/Teachers-protests-on-third-day-4-min-350x350.jpg 350w\" sizes=\"(max-width: 581px) 100vw, 581px\" \/><\/noscript><\/figure><\/div>\n\n\n\n<p><a href=\"https:\/\/wncri.org\/2021\/11\/11\/the-largest-nationwide-protests-of-iranian-teachers-in-53-cities\/\" target=\"_blank\" rel=\"noreferrer noopener\">En septembre<\/a>,&nbsp;<a href=\"https:\/\/english.mojahedin.org\/news\/iranian-teachers-hold-protest-rallies-in-nearly-50-cities\/\" target=\"_blank\" rel=\"noreferrer noopener\">les enseignants iraniens ont intensifi\u00e9 leur mouvement national de protestations<\/a>&nbsp; pour obtenir leurs demandes l\u00e9gitimes de salaires et de conditions de vie d\u00e9cents. La plupart des <a href=\"https:\/\/wncri.org\/2021\/09\/25\/iran-teachers-hold-protests-in-40-cities-in-20-provinces\/\" target=\"_blank\" rel=\"noreferrer noopener\">enseignants<\/a>&nbsp;ont des conditions de vie tr\u00e8s difficiles avec des salaires qui repr\u00e9sentent un quart ou un tiers du seuil de pauvret\u00e9.<\/p>\n\n\n\n<p>Les enseignants ayant un emploi permanent re\u00e7oivent un salaire moyen de 4 millions de tomans par mois. Les enseignants ayant un contrat temporaire re\u00e7oivent entre un et deux millions de tomans par mois. Or, le seuil de pauvret\u00e9 en Iran est de 14 millions de tomans par mois. Et bien souvent, ils ne sont pas pay\u00e9s pendant des mois\u2026<\/p>\n","protected":false},"excerpt":{"rendered":"<p>Troisi\u00e8me jour de manifestations nationales des enseignants dans 114 villes d&#8217;Iran CNRI Femmes &#8211; Les protestations nationales des enseignants se sont poursuivies pour la troisi\u00e8me journ\u00e9e cons\u00e9cutive dans 114 villes de 29 provinces, le 13 d\u00e9cembre 2021. Les sit-in et rassemblements de samedi et dimanche ont culmin\u00e9 en manifestations de rue au troisi\u00e8me jour, o\u00f9 [&hellip;]<\/p>\n","protected":false},"author":4,"featured_media":14683,"comment_status":"closed","ping_status":"closed","sticky":false,"template":"","format":"standard","meta":{"jnews-multi-image_gallery":[],"jnews_single_post":{"subtitle":"","format":"standard","video":"","gallery":"","source_name":"","source_url":"","via_name":"","via_url":"","override_template":"0","override":[{"template":"1","single_blog_custom":"","parallax":"1","fullscreen":"1","layout":"right-sidebar","sidebar":"default-sidebar","second_sidebar":"default-sidebar","sticky_sidebar":"1","share_position":"top","share_float_style":"share-monocrhome","show_share_counter":"1","show_view_counter":"1","show_featured":"1","show_post_meta":"1","show_post_author":"1","show_post_author_image":"1","show_post_date":"1","post_date_format":"default","post_date_format_custom":"Y\/m\/d","show_post_category":"1","show_post_reading_time":"0","post_reading_time_wpm":"300","show_zoom_button":"0","zoom_button_out_step":"2","zoom_button_in_step":"3","show_post_tag":"1","show_prev_next_post":"1","show_popup_post":"1","number_popup_post":"1","show_author_box":"0","show_post_related":"0","show_inline_post_related":"0"}],"override_image_size":"0","image_override":[{"single_post_thumbnail_size":"crop-500","single_post_gallery_size":"crop-500"}],"trending_post":"0","trending_post_position":"meta","trending_post_label":"Trending","sponsored_post":"0","sponsored_post_label":"Sponsored by","sponsored_post_name":"","sponsored_post_url":"","sponsored_post_logo_enable":"0","sponsored_post_logo":"","sponsored_post_desc":"","disable_ad":"0"},"jnews_primary_category":{"id":""},"jnews_social_meta":[],"jnews_override_counter":{"override_view_counter":"0","view_counter_number":"0","override_share_counter":"0","share_counter_number":"0","override_like_counter":"0","like_counter_number":"0","override_dislike_counter":"0","dislike_counter_number":"0"},"footnotes":""},"categories":[3],"tags":[379,369],"class_list":["post-14682","post","type-post","status-publish","format-standard","has-post-thumbnail","hentry","category-infos-des-femmes","tag-enseignantes","tag-manifestations"],"_links":{"self":[{"href":"https:\/\/wncri.org\/fr\/wp-json\/wp\/v2\/posts\/14682","targetHints":{"allow":["GET"]}}],"collection":[{"href":"https:\/\/wncri.org\/fr\/wp-json\/wp\/v2\/posts"}],"about":[{"href":"https:\/\/wncri.org\/fr\/wp-json\/wp\/v2\/types\/post"}],"author":[{"embeddable":true,"href":"https:\/\/wncri.org\/fr\/wp-json\/wp\/v2\/users\/4"}],"replies":[{"embeddable":true,"href":"https:\/\/wncri.org\/fr\/wp-json\/wp\/v2\/comments?post=14682"}],"version-history":[{"count":0,"href":"https:\/\/wncri.org\/fr\/wp-json\/wp\/v2\/posts\/14682\/revisions"}],"wp:featuredmedia":[{"embeddable":true,"href":"https:\/\/wncri.org\/fr\/wp-json\/wp\/v2\/media\/14683"}],"wp:attachment":[{"href":"https:\/\/wncri.org\/fr\/wp-json\/wp\/v2\/media?parent=14682"}],"wp:term":[{"taxonomy":"category","embeddable":true,"href":"https:\/\/wncri.org\/fr\/wp-json\/wp\/v2\/categories?post=14682"},{"taxonomy":"post_tag","embeddable":true,"href":"https:\/\/wncri.org\/fr\/wp-json\/wp\/v2\/tags?post=14682"}],"curies":[{"name":"wp","href":"https:\/\/api.w.org\/{rel}","templated":true}]}}